{"id":6064,"date":"2019-02-06T06:00:53","date_gmt":"2019-02-06T06:00:53","guid":{"rendered":"https:\/\/fr.sx-magazine-wp.sixt.io\/magazine\/?p=6064"},"modified":"2025-09-17T08:40:07","modified_gmt":"2025-09-17T08:40:07","slug":"10-villes-parmi-les-plus-colorees-europe","status":"publish","type":"post","link":"https:\/\/www.sixt.fr\/magazine\/voyages\/10-villes-parmi-les-plus-colorees-europe\/","title":{"rendered":"10 villes et villages parmi les plus color\u00e9s d&rsquo;Europe"},"content":{"rendered":"<p>Nul besoin de se rendre vers une destination exotique telle que les Cara\u00efbes pour d\u00e9ambuler dans des rues chamarr\u00e9es. Si ce n&rsquo;est pas la norme, la couleur est \u00e9galement pr\u00e9sente dans les rues de certaines villes europ\u00e9ennes. <strong>Aujourd&rsquo;hui, nous vous proposons de partir \u00e0 la d\u00e9couverte des villes les plus color\u00e9es d&rsquo;Europe<\/strong>.<\/p>\n<blockquote>\n<p>Avis aux amateurs, vous trouverez ici notre article sur les <a href=\"https:\/\/www.sixt.fr\/magazine\/guides-et-conseils\/destination-europe-hiver\/\">5 destinations europ\u00e9ennes parfaites pour l&rsquo;hiver.<\/a><\/p>\n<\/blockquote>\n<h2>1 &#8211; Lisbonne<\/h2>\n<p><img decoding=\"async\" class=\"aligncenter wp-image-6071 size-full lazyload\" data-src=\"https:\/\/fr.sx-magazine-wp.sixt.io\/magazine\/wp-content\/uploads\/sites\/3\/2019\/01\/lisbonne.jpg\" alt=\"Lisbonne la color\u00e9e\" width=\"1280\" height=\"720\" data-srcset=\"https:\/\/www.sixt.fr\/magazine\/wp-content\/uploads\/\/sites\/3\/2019\/01\/lisbonne.jpg 1280w, https:\/\/www.sixt.fr\/magazine\/wp-content\/uploads\/\/sites\/3\/2019\/01\/lisbonne-300x169.jpg 300w, https:\/\/www.sixt.fr\/magazine\/wp-content\/uploads\/\/sites\/3\/2019\/01\/lisbonne-768x432.jpg 768w, https:\/\/www.sixt.fr\/magazine\/wp-content\/uploads\/\/sites\/3\/2019\/01\/lisbonne-1024x576.jpg 1024w\" data-sizes=\"(max-width: 1280px) 100vw, 1280px\" src=\"data:image\/svg+xml;base64,PHN2ZyB3aWR0aD0iMSIgaGVpZ2h0PSIxIiB4bWxucz0iaHR0cDovL3d3dy53My5vcmcvMjAwMC9zdmciPjwvc3ZnPg==\" style=\"--smush-placeholder-width: 1280px; --smush-placeholder-aspect-ratio: 1280\/720;\" \/><\/p>\n<p>S&rsquo;il y a bien une ville color\u00e9e en Europe, c&rsquo;est <a href=\"https:\/\/www.sixt.fr\/magazine\/voyages\/visiter-lisbonne\/\">Lisbonne<\/a>. Contrairement \u00e0 la majorit\u00e9 de ses cong\u00e9n\u00e8res qui se contentent d&rsquo;avoir des b\u00e2timents chamarr\u00e9s dans une rue ou un quartier pr\u00e9cis, cette tendance est bien plus pr\u00e9sente dans la capitale portugaise. <strong>La majorit\u00e9 des rues qui \u00e9voquent l&rsquo;arc-en-ciel se trouvent n\u00e9anmoins dans la Vieille Ville<\/strong>. La rue Rose, fruit de l&rsquo;initiative du conseil municipal de Lisbonne, est sans conteste la figure de proue de cette architecture qui met en valeur la couleur.<\/p>\n<p><a href=\"https:\/\/www.sixt.fr\/magazine\/voyages\/road-trip-portugal\/\">Envie de partir en Roadtrip au Portugal ? Nous avons pens\u00e9 \u00e0 tout !<\/a><\/p>\n<p style=\"text-align: center\"><a class=\"button\" href=\"https:\/\/www.sixt.fr\/location-voiture\/portugal\/lisbonne\/\">LOCATION DE VOITURE \u00e0 LISBONNE<\/a><\/p>\n<h2>2 &#8211; Copenhague<\/h2>\n<p><img decoding=\"async\" class=\"aligncenter wp-image-6078 size-full lazyload\" data-src=\"https:\/\/fr.sx-magazine-wp.sixt.io\/magazine\/wp-content\/uploads\/sites\/3\/2019\/01\/nyhavn-copenhague.jpg\" alt=\"Nyhavn\" width=\"1280\" height=\"851\" data-srcset=\"https:\/\/www.sixt.fr\/magazine\/wp-content\/uploads\/\/sites\/3\/2019\/01\/nyhavn-copenhague.jpg 1280w, https:\/\/www.sixt.fr\/magazine\/wp-content\/uploads\/\/sites\/3\/2019\/01\/nyhavn-copenhague-300x199.jpg 300w, https:\/\/www.sixt.fr\/magazine\/wp-content\/uploads\/\/sites\/3\/2019\/01\/nyhavn-copenhague-768x511.jpg 768w, https:\/\/www.sixt.fr\/magazine\/wp-content\/uploads\/\/sites\/3\/2019\/01\/nyhavn-copenhague-1024x681.jpg 1024w\" data-sizes=\"(max-width: 1280px) 100vw, 1280px\" src=\"data:image\/svg+xml;base64,PHN2ZyB3aWR0aD0iMSIgaGVpZ2h0PSIxIiB4bWxucz0iaHR0cDovL3d3dy53My5vcmcvMjAwMC9zdmciPjwvc3ZnPg==\" style=\"--smush-placeholder-width: 1280px; --smush-placeholder-aspect-ratio: 1280\/851;\" \/><\/p>\n<p><strong>Est-ce en raison du climat, habituellement maussade, que les habitants de la capitale danoise ont opt\u00e9 durant le XVIIe si\u00e8cle pour des fa\u00e7ades si hautes en couleur&nbsp;?<\/strong> Peu importe, une petite promenade sur le Vieux-Port de Copenhague vous permettra d&rsquo;admirer une v\u00e9ritable symphonie de couleurs. Et lorsque vous passerez devant le num\u00e9ro 20, rappelez-vous que le c\u00e9l\u00e8bre auteur Hans-Christian Andersen y a habit\u00e9. <strong>Nyhavn est particuli\u00e8rement agr\u00e9able \u00e0 visiter durant la p\u00e9riode de No\u00ebl<\/strong>, lorsque les caf\u00e9s et restaurants illumin\u00e9s servent des sp\u00e9cialit\u00e9s danoises de saison et que le march\u00e9 de No\u00ebl recouvre les rues pav\u00e9es du port.<\/p>\n<blockquote>\n<p>\ud83d\ude97 <strong>Astuce SIXT<\/strong> : D\u00e9couvrez nos id\u00e9es pour un <a href=\"https:\/\/www.sixt.fr\/magazine\/voyages\/road-trip-danemark\/\">road trip au Danemark en 1 semaine<\/a><\/p>\n<\/blockquote>\n<p style=\"text-align: center\"><a class=\"button\" href=\"https:\/\/www.sixt.fr\/location-voiture\/danemark\/copenhague\/\">LOCATION DE VOITURE \u00e0 COPENHAGUE<\/a><\/p>\n<h2>3 &#8211; Vernazza<\/h2>\n<p><img decoding=\"async\" class=\"aligncenter wp-image-6074 size-full lazyload\" data-src=\"https:\/\/fr.sx-magazine-wp.sixt.io\/magazine\/wp-content\/uploads\/sites\/3\/2019\/01\/cinque-terre-vernazza.jpg\" alt=\"Vernazza\" width=\"1280\" height=\"852\" data-srcset=\"https:\/\/www.sixt.fr\/magazine\/wp-content\/uploads\/\/sites\/3\/2019\/01\/cinque-terre-vernazza.jpg 1280w, https:\/\/www.sixt.fr\/magazine\/wp-content\/uploads\/\/sites\/3\/2019\/01\/cinque-terre-vernazza-300x200.jpg 300w, https:\/\/www.sixt.fr\/magazine\/wp-content\/uploads\/\/sites\/3\/2019\/01\/cinque-terre-vernazza-768x511.jpg 768w, https:\/\/www.sixt.fr\/magazine\/wp-content\/uploads\/\/sites\/3\/2019\/01\/cinque-terre-vernazza-1024x682.jpg 1024w\" data-sizes=\"(max-width: 1280px) 100vw, 1280px\" src=\"data:image\/svg+xml;base64,PHN2ZyB3aWR0aD0iMSIgaGVpZ2h0PSIxIiB4bWxucz0iaHR0cDovL3d3dy53My5vcmcvMjAwMC9zdmciPjwvc3ZnPg==\" style=\"--smush-placeholder-width: 1280px; --smush-placeholder-aspect-ratio: 1280\/852;\" \/><\/p>\n<p><strong>Vieux de 5 si\u00e8cles, le village de Vernazza (nord-ouest de la c\u00f4te ligure) est c\u00e9l\u00e8bre pour ses maisons color\u00e9es qui entourent la Marina implant\u00e9e dans une crique<\/strong>. Il se dit que cette m\u00e9tamorphose color\u00e9e a eu lieu dans les ann\u00e9es 70 afin d&rsquo;attirer les touristes dans ce village qui devenait subitement plus accessible gr\u00e2ce \u00e0 l&rsquo;arriv\u00e9e du chemin de fer. <strong>Peu importe, Vernazza est un lieu absolument idyllique qui ravira les photographes<\/strong>.<\/p>\n<p>&nbsp;<\/p>\n<h2>4 &#8211; Stockholm<\/h2>\n<p><img decoding=\"async\" class=\"aligncenter wp-image-6080 size-full lazyload\" data-src=\"https:\/\/fr.sx-magazine-wp.sixt.io\/magazine\/wp-content\/uploads\/sites\/3\/2019\/01\/stockholm.jpg\" alt=\"Stockholm\" width=\"1280\" height=\"850\" data-srcset=\"https:\/\/www.sixt.fr\/magazine\/wp-content\/uploads\/\/sites\/3\/2019\/01\/stockholm.jpg 1280w, https:\/\/www.sixt.fr\/magazine\/wp-content\/uploads\/\/sites\/3\/2019\/01\/stockholm-300x199.jpg 300w, https:\/\/www.sixt.fr\/magazine\/wp-content\/uploads\/\/sites\/3\/2019\/01\/stockholm-768x510.jpg 768w, https:\/\/www.sixt.fr\/magazine\/wp-content\/uploads\/\/sites\/3\/2019\/01\/stockholm-1024x680.jpg 1024w\" data-sizes=\"(max-width: 1280px) 100vw, 1280px\" src=\"data:image\/svg+xml;base64,PHN2ZyB3aWR0aD0iMSIgaGVpZ2h0PSIxIiB4bWxucz0iaHR0cDovL3d3dy53My5vcmcvMjAwMC9zdmciPjwvc3ZnPg==\" style=\"--smush-placeholder-width: 1280px; --smush-placeholder-aspect-ratio: 1280\/850;\" \/><\/p>\n<p><strong>Vous trouverez \u00e0 Stockholm un lieu fort similaire au Vieux-Port de Copenhague, les canaux en moins&nbsp;: Stortorget<\/strong>. La plus vieille place de la capitale su\u00e9doise reprend les m\u00eames ingr\u00e9dients qui font la beaut\u00e9 de Nyhavn, \u00e0 savoir de magnifiques b\u00e2timents du XVIIe si\u00e8cle aux fa\u00e7ades chamarr\u00e9es. <strong>Ici ce sont surtout des nuances os\u00e9es de jaune, de rouge et de vert qui pr\u00e9dominent<\/strong>. De quoi r\u00e9chauffer les c\u0153urs lorsque l&rsquo;hiver su\u00e9dois bat son plein.<\/p>\n<p style=\"text-align: center\"><a class=\"button\" href=\"https:\/\/www.sixt.fr\/location-voiture\/suede\/stockholm\/\">LOCATION DE VOITURE \u00e0 STOCKHOLM<\/a><\/p>\n<blockquote>\n<p>\ud83d\udca1 En parlant de Stockholm, vous a-t-on dit qu&rsquo;on avait imagin\u00e9 un itin\u00e9raire pour d\u00e9couvrir la Su\u00e8de et le nord de l&rsquo;Europe ? Go d\u00e9couvrir ce <a href=\"https:\/\/www.sixt.fr\/magazine\/voyages\/road-trip-europe-du-nord\/\">road trip en Europe du Nord en voiture<\/a>.<\/p>\n<\/blockquote>\n<h2>5 &#8211; Sighisoara<\/h2>\n<p><img decoding=\"async\" class=\"aligncenter wp-image-6079 size-full lazyload\" data-src=\"https:\/\/fr.sx-magazine-wp.sixt.io\/magazine\/wp-content\/uploads\/sites\/3\/2019\/01\/sighisoara.jpg\" alt=\"Sighisoara\" width=\"1280\" height=\"850\" data-srcset=\"https:\/\/www.sixt.fr\/magazine\/wp-content\/uploads\/\/sites\/3\/2019\/01\/sighisoara.jpg 1280w, https:\/\/www.sixt.fr\/magazine\/wp-content\/uploads\/\/sites\/3\/2019\/01\/sighisoara-300x199.jpg 300w, https:\/\/www.sixt.fr\/magazine\/wp-content\/uploads\/\/sites\/3\/2019\/01\/sighisoara-768x510.jpg 768w, https:\/\/www.sixt.fr\/magazine\/wp-content\/uploads\/\/sites\/3\/2019\/01\/sighisoara-1024x680.jpg 1024w\" data-sizes=\"(max-width: 1280px) 100vw, 1280px\" src=\"data:image\/svg+xml;base64,PHN2ZyB3aWR0aD0iMSIgaGVpZ2h0PSIxIiB4bWxucz0iaHR0cDovL3d3dy53My5vcmcvMjAwMC9zdmciPjwvc3ZnPg==\" style=\"--smush-placeholder-width: 1280px; --smush-placeholder-aspect-ratio: 1280\/850;\" \/><\/p>\n<p>Non, la Roumanie n&rsquo;est pas cantonn\u00e9e au folklore entourant la l\u00e9gende du comte Dracula. Oubliez vos pr\u00e9jug\u00e9s concernant les for\u00eats sombres des Carpates et mettez le cap sur Sighisoara, ville class\u00e9e au patrimoine de l&rsquo;UNESCO. <strong>Elle a beau se trouver en Transylvanie et m\u00eame \u00eatre la ville de naissance de Vlad l&rsquo;Empaleur, mieux connu sous le nom de Dracula, cette petite ville m\u00e9di\u00e9vale fortifi\u00e9e abrite une myriade de petites maisons chamarr\u00e9es qui se succ\u00e8dent le long de ses ruelles pav\u00e9es<\/strong>.<\/p>\n<p style=\"text-align: center\"><a class=\"button\" href=\"https:\/\/www.sixt.fr\/location-voiture\/roumanie\/\">LOCATION DE VOITURE EN ROUMANIE<\/a><\/p>\n<h2>6 &#8211; Bristol<\/h2>\n<p><img decoding=\"async\" class=\"aligncenter wp-image-6070 size-full lazyload\" data-src=\"https:\/\/fr.sx-magazine-wp.sixt.io\/magazine\/wp-content\/uploads\/sites\/3\/2019\/01\/bristol.jpg\" alt=\"Bristol\" width=\"1280\" height=\"871\" data-srcset=\"https:\/\/www.sixt.fr\/magazine\/wp-content\/uploads\/\/sites\/3\/2019\/01\/bristol.jpg 1280w, https:\/\/www.sixt.fr\/magazine\/wp-content\/uploads\/\/sites\/3\/2019\/01\/bristol-300x204.jpg 300w, https:\/\/www.sixt.fr\/magazine\/wp-content\/uploads\/\/sites\/3\/2019\/01\/bristol-768x523.jpg 768w, https:\/\/www.sixt.fr\/magazine\/wp-content\/uploads\/\/sites\/3\/2019\/01\/bristol-1024x697.jpg 1024w\" data-sizes=\"(max-width: 1280px) 100vw, 1280px\" src=\"data:image\/svg+xml;base64,PHN2ZyB3aWR0aD0iMSIgaGVpZ2h0PSIxIiB4bWxucz0iaHR0cDovL3d3dy53My5vcmcvMjAwMC9zdmciPjwvc3ZnPg==\" style=\"--smush-placeholder-width: 1280px; --smush-placeholder-aspect-ratio: 1280\/871;\" \/><\/p>\n<p><strong>Bristol est une destination bien connue pour son c\u00f4t\u00e9 avant-gardiste et hipster<\/strong>. <strong>Cela se refl\u00e8te notamment dans Banksy, souvent catalogu\u00e9e comme \u00e9tant la rue la plus artistique du monde<\/strong>. Vous ne serez donc pas \u00e9tonn\u00e9s d&rsquo;apprendre qu&rsquo;on n\u2019h\u00e9site pas \u00e0 peindre les fa\u00e7ades de tons improbables, du lilas \u00e0 l&rsquo;ocre en passant par le vert p\u00e2turage, le mauve clair encore le turquoise.<\/p>\n<p style=\"text-align: center\"><a class=\"button\" href=\"https:\/\/www.sixt.fr\/location-voiture\/royaume-uni\/bristol\/\">LOCATION DE VOITURE \u00e0 BRISTOL<\/a><\/p>\n<h2>7 &#8211; Colmar<\/h2>\n<p><img decoding=\"async\" class=\"aligncenter wp-image-6075 size-full lazyload\" data-src=\"https:\/\/fr.sx-magazine-wp.sixt.io\/magazine\/wp-content\/uploads\/sites\/3\/2019\/01\/colmar.jpg\" alt=\"Colmar\" width=\"1280\" height=\"719\" data-srcset=\"https:\/\/www.sixt.fr\/magazine\/wp-content\/uploads\/\/sites\/3\/2019\/01\/colmar.jpg 1280w, https:\/\/www.sixt.fr\/magazine\/wp-content\/uploads\/\/sites\/3\/2019\/01\/colmar-300x169.jpg 300w, https:\/\/www.sixt.fr\/magazine\/wp-content\/uploads\/\/sites\/3\/2019\/01\/colmar-768x431.jpg 768w, https:\/\/www.sixt.fr\/magazine\/wp-content\/uploads\/\/sites\/3\/2019\/01\/colmar-1024x575.jpg 1024w, https:\/\/www.sixt.fr\/magazine\/wp-content\/uploads\/\/sites\/3\/2019\/01\/colmar-750x420.jpg 750w\" data-sizes=\"(max-width: 1280px) 100vw, 1280px\" src=\"data:image\/svg+xml;base64,PHN2ZyB3aWR0aD0iMSIgaGVpZ2h0PSIxIiB4bWxucz0iaHR0cDovL3d3dy53My5vcmcvMjAwMC9zdmciPjwvc3ZnPg==\" style=\"--smush-placeholder-width: 1280px; --smush-placeholder-aspect-ratio: 1280\/719;\" \/><\/p>\n<p><strong>La vieille ville de Colmar semble \u00eatre sortie tout droit d&rsquo;un Disney<\/strong>\u2026 ou serait-ce le contraire&nbsp;? Avec ses maisons \u00e0 colombages peintes de couleurs tr\u00e8s vivantes, s&rsquo;y promener est un v\u00e9ritable plaisir pour les yeux. Et nous Fran\u00e7ais avons la chance d&rsquo;\u00eatre sur place, alors pourquoi s&rsquo;en priver&nbsp;? <strong>Avec son m\u00e9lange d&rsquo;architecture allemande et fran\u00e7aise, la ville alsacienne fait r\u00e9guli\u00e8rement et logiquement figure en bonne place du palmar\u00e8s des plus belles villes du monde<\/strong>.<\/p>\n<p style=\"text-align: center\"><a class=\"button\" href=\"https:\/\/www.sixt.fr\/location-voiture\/france\/colmar\/\">LOCATION DE VOITURE \u00e0 COLMAR<\/a><\/p>\n<h2>8 &#8211; Juzcar<\/h2>\n<p><strong>Le village andalou de Juzcar pourrait \u00eatre la capitale mondiale du mouvement monochrome<\/strong>. Il est c\u00e9l\u00e8bre pour \u00eatre le village des Schtroumpfs, car toutes les fa\u00e7ades des maisons du village espagnol sont bleues. On aimerait bien vous raconter une belle histoire historique pour expliquer cette particularit\u00e9, mais la r\u00e9alit\u00e9 est un peu moins romantique\u2026 Cette m\u00e9tamorphose fut initi\u00e9e par Sony Pictures afin justement de faire la promotion de la sortie du film consacr\u00e9 aux ennemis jur\u00e9s de Gargamel. <strong>Au d\u00e9part cela devait \u00eatre temporaire, mais vu l&rsquo;afflux touristique engendr\u00e9, le r\u00e9alisme et l&rsquo;opportunisme des habitants de Juzcar ont fait qu&rsquo;ils ont pr\u00e9f\u00e9r\u00e9 garder leur village en l&rsquo;\u00e9tat<\/strong>. Mais ne les jugeons pas trop vite : il faut bien un d\u00e9but \u00e0 toute tradition&nbsp;!<\/p>\n<p style=\"text-align: center\"><a class=\"button\" href=\"https:\/\/www.sixt.fr\/location-voiture\/espagne\/andalousie\/\">LOCATION DE VOITURE EN ANDALOUSIE<\/a><\/p>\n<h2>9 &#8211; Burano<\/h2>\n<p><img decoding=\"async\" class=\"aligncenter wp-image-6073 size-full lazyload\" data-src=\"https:\/\/fr.sx-magazine-wp.sixt.io\/magazine\/wp-content\/uploads\/sites\/3\/2019\/01\/burano.jpg\" alt=\"Burano\" width=\"1280\" height=\"585\" data-srcset=\"https:\/\/www.sixt.fr\/magazine\/wp-content\/uploads\/\/sites\/3\/2019\/01\/burano.jpg 1280w, https:\/\/www.sixt.fr\/magazine\/wp-content\/uploads\/\/sites\/3\/2019\/01\/burano-300x137.jpg 300w, https:\/\/www.sixt.fr\/magazine\/wp-content\/uploads\/\/sites\/3\/2019\/01\/burano-768x351.jpg 768w, https:\/\/www.sixt.fr\/magazine\/wp-content\/uploads\/\/sites\/3\/2019\/01\/burano-1024x468.jpg 1024w\" data-sizes=\"(max-width: 1280px) 100vw, 1280px\" src=\"data:image\/svg+xml;base64,PHN2ZyB3aWR0aD0iMSIgaGVpZ2h0PSIxIiB4bWxucz0iaHR0cDovL3d3dy53My5vcmcvMjAwMC9zdmciPjwvc3ZnPg==\" style=\"--smush-placeholder-width: 1280px; --smush-placeholder-aspect-ratio: 1280\/585;\" \/><\/p>\n<p><strong>La petite \u00eele de Burano, situ\u00e9e dans le lagon de Venise, est c\u00e9l\u00e8bre pour la symphonie de couleurs qui se d\u00e9ploie le long de ses canaux et de ses trottoirs<\/strong>. Il ne vous faudra que 40 minutes pour l&rsquo;atteindre en vaporetto de la place Saint-Marc. <strong>Les visiteurs y viennent pour admirer les petites maisons color\u00e9es souvent habit\u00e9es par des artistes<\/strong>. Pour la petite histoire, cette tradition remonte aux lois urbanistiques datant de l&rsquo;\u00e2ge d&rsquo;or de Burano : les propri\u00e9taires qui souhaitaient peindre leur fa\u00e7ade devaient s&rsquo;adresser au gouvernement afin de prendre connaissance des tons autoris\u00e9s pour leur propri\u00e9t\u00e9. <strong>La dentelle est \u00e0 la base de la prosp\u00e9rit\u00e9 de Burano, on continue d&rsquo;en fabriquer artisanalement aujourd&rsquo;hui<\/strong>.<\/p>\n<p style=\"text-align: center\"><a class=\"button\" href=\"https:\/\/www.sixt.fr\/location-voiture\/italie\/venise\/\">LOCATION DE VOITURE \u00e0 VENISE<\/a><\/p>\n<h2>10 &#8211; Karlovy Vary (Carlsbad)<\/h2>\n<p><img decoding=\"async\" class=\"aligncenter wp-image-6076 size-full lazyload\" data-src=\"https:\/\/fr.sx-magazine-wp.sixt.io\/magazine\/wp-content\/uploads\/sites\/3\/2019\/01\/karlovy-vary-carlsbad.jpg\" alt=\"Karlovy Vary\" width=\"1280\" height=\"720\" data-srcset=\"https:\/\/www.sixt.fr\/magazine\/wp-content\/uploads\/\/sites\/3\/2019\/01\/karlovy-vary-carlsbad.jpg 1280w, https:\/\/www.sixt.fr\/magazine\/wp-content\/uploads\/\/sites\/3\/2019\/01\/karlovy-vary-carlsbad-300x169.jpg 300w, https:\/\/www.sixt.fr\/magazine\/wp-content\/uploads\/\/sites\/3\/2019\/01\/karlovy-vary-carlsbad-768x432.jpg 768w, https:\/\/www.sixt.fr\/magazine\/wp-content\/uploads\/\/sites\/3\/2019\/01\/karlovy-vary-carlsbad-1024x576.jpg 1024w\" data-sizes=\"(max-width: 1280px) 100vw, 1280px\" src=\"data:image\/svg+xml;base64,PHN2ZyB3aWR0aD0iMSIgaGVpZ2h0PSIxIiB4bWxucz0iaHR0cDovL3d3dy53My5vcmcvMjAwMC9zdmciPjwvc3ZnPg==\" style=\"--smush-placeholder-width: 1280px; --smush-placeholder-aspect-ratio: 1280\/720;\" \/><\/p>\n<p><strong>Karlovy Vary, mieux connue sous son nom historique de Carlsbad, est une c\u00e9l\u00e8bre ville thermale de la R\u00e9publique tch\u00e8que <\/strong>(Boh\u00e8me). <strong>Elle compte plus de 300 sources thermales, donc 13 importantes<\/strong>. Suite \u00e0 des rapports de m\u00e9decins vantant ses vertus, les bains de Karlovy Vary commenc\u00e8rent \u00e0 \u00eatre populaires au XIXe si\u00e8cle aupr\u00e8s des membres de l&rsquo;aristocratie europ\u00e9enne. <strong>Est-ce pour ajouter une touche de qui\u00e9tude aux lieux que de nombreux b\u00e2timents&nbsp;\u00e9l\u00e9gants de Carlsbad ont adopt\u00e9 des couleurs chatoyantes&nbsp;?<\/strong> Quoi qu&rsquo;il en soit, c&rsquo;est l&rsquo;effet obtenu&nbsp;: on peut tr\u00e8s bien appr\u00e9cier Karlovy Vary sans y faire une cure thermale.<\/p>\n<p style=\"text-align: center\"><a class=\"button\" href=\"https:\/\/www.sixt.fr\/location-voiture\/republique-tcheque\/\">LOCATION DE VOITURE EN REPUBLIQUE TCHEQUE<\/a><\/p>\n<h2>Et notre Coup de Coeur : La Sardaigne<\/h2>\n<p><img decoding=\"async\" class=\"aligncenter wp-image-6499 size-full lazyload\" data-src=\"https:\/\/fr.sx-magazine-wp.sixt.io\/magazine\/wp-content\/uploads\/sites\/3\/2019\/02\/castelsardo-3935468_1920.jpg\" alt=\"castelsardo\" width=\"1920\" height=\"1313\" data-srcset=\"https:\/\/www.sixt.fr\/magazine\/wp-content\/uploads\/\/sites\/3\/2019\/02\/castelsardo-3935468_1920.jpg 1920w, https:\/\/www.sixt.fr\/magazine\/wp-content\/uploads\/\/sites\/3\/2019\/02\/castelsardo-3935468_1920-300x205.jpg 300w, https:\/\/www.sixt.fr\/magazine\/wp-content\/uploads\/\/sites\/3\/2019\/02\/castelsardo-3935468_1920-768x525.jpg 768w, https:\/\/www.sixt.fr\/magazine\/wp-content\/uploads\/\/sites\/3\/2019\/02\/castelsardo-3935468_1920-1024x700.jpg 1024w\" data-sizes=\"(max-width: 1920px) 100vw, 1920px\" src=\"data:image\/svg+xml;base64,PHN2ZyB3aWR0aD0iMSIgaGVpZ2h0PSIxIiB4bWxucz0iaHR0cDovL3d3dy53My5vcmcvMjAwMC9zdmciPjwvc3ZnPg==\" style=\"--smush-placeholder-width: 1920px; --smush-placeholder-aspect-ratio: 1920\/1313;\" \/><\/p>\n<p><strong>Impossible de passer \u00e0 c\u00f4t\u00e9 de cette \u00eele italienne bordant la mer M\u00e9diterrann\u00e9ee, comptant pas moins de 2000 km de c\u00f4te<\/strong>. <strong>Nous retiendrons le village de Bosa, estampill\u00e9 \u00ab\u00a0l&rsquo;un des plus beaux bourgs d&rsquo;Italie\u00a0\u00bb<\/strong>. Atteignez le sommet du \u00ab\u00a0Castello Malaspina\u00a0\u00bb pour profiter d&rsquo;un panorama exceptionnel \u00e0 l&rsquo;allure de carte postale, donnant sur ces hautes et \u00e9troites maisons color\u00e9es de l&rsquo;ancien quartier de Sa Costa. Lors de votre passage ne manquez pas <a href=\"https:\/\/www.sixt.fr\/magazine\/guides-et-conseils\/les-plus-belles-plages-de-sardaigne\/\">les plus belles plages de la Sardaigne<\/a>.<\/p>\n<p><strong>Le village de Castelsardo ne manque pas de couleurs,&nbsp;\u00e9galement <\/strong>. Cette ancienne place-forte d\u00e9fensive arbore encore des vestiges d&rsquo;\u00e9poque. Les escaliers et ruelles \u00e9troites arborant le vieux bourg vous m\u00e8neront au Ch\u00e2teau de Doria, datant du XIIe si\u00e8cle. <strong>Ne manquez pas d&rsquo;admirer le golfe de l&rsquo;Asinara depuis la fameuse cath\u00e9drale San Antonio Abate<\/strong>.<\/p>\n<p><strong>Passez aussi par ce petit port de p\u00eache du nom de Stintino<\/strong>, \u00e0 l&rsquo;atmosph\u00e8re paisible et aux maisons color\u00e9es. Il vous permettra d&rsquo;acc\u00e9der \u00e0 l&rsquo;\u00eele de l&rsquo;Asinara et \u00e0 la plage de \u00ab\u00a0La Pelosa\u00a0\u00bb.<\/p>\n<p><strong>S&rsquo;il vous reste du temps, la <a href=\"https:\/\/www.sixt.fr\/magazine\/voyages\/road-trip-sardaigne\/\">Sardaigne regorge de lieux magnifiques<\/a><\/strong>. Un mus\u00e9e \u00e0 ciel ouvert d\u00e9di\u00e9 au street-art vous attend \u00e0 Orgosolo. Plus \u00e0 l&rsquo;Ouest, Le village de Santu Lussurgiu regorge de nombreuses \u00e9glises datant du Moyen-Age, en plein coeur du centre historique.<\/p>\n<p style=\"text-align: center\"><a class=\"button\" href=\"https:\/\/www.sixt.fr\/location-voiture\/italie\/sardaigne\/\">LOCATION DE VOITURE EN SARDAIGNE<\/a><\/p>\n\n\n<iframe data-src=\"https:\/\/www.google.com\/maps\/embed?pb=!1m16!1m12!1m3!1d6147756.319897934!2d8.223192564961579!3d41.2035894526761!2m3!1f0!2f0!3f0!3m2!1i1024!2i768!4f13.1!2m1!1sSixt%20%C3%A0%20proximit%C3%A9%20de%20Sardaigne%2C%20Italie!5e0!3m2!1sfr!2sfr!4v1669734229081!5m2!1sfr!2sfr\" width=\"1540\" height=\"500\" frameborder=\"0\" scrolling=\"auto\"  src=\"data:image\/svg+xml;base64,PHN2ZyB3aWR0aD0iMSIgaGVpZ2h0PSIxIiB4bWxucz0iaHR0cDovL3d3dy53My5vcmcvMjAwMC9zdmciPjwvc3ZnPg==\" class=\"lazyload\" data-load-mode=\"1\"><\/iframe>\n\n\n\n<p><strong>Cela devrait aussi vous plaire :<\/strong><\/p>\n\n\n\n<ul class=\"wp-block-list\">\n<li><a href=\"https:\/\/www.sixt.fr\/magazine\/voyages\/tendances-voyages\/\">Les tendances voyages 2025<\/a><\/li>\n<\/ul>\n<!-- AddThis Advanced Settings generic via filter on the_content --><!-- AddThis Share Buttons generic via filter on the_content -->","protected":false},"excerpt":{"rendered":"<p>Nul besoin de se rendre vers une destination exotique telle que les Cara\u00efbes pour d\u00e9ambuler dans des rues chamarr\u00e9es. Si ce n&rsquo;est pas la norme, la couleur est \u00e9galement pr\u00e9sente dans les rues de certaines villes europ\u00e9ennes. Aujourd&rsquo;hui, nous vous proposons de partir \u00e0 la d\u00e9couverte des villes les plus color\u00e9es d&rsquo;Europe. Avis aux amateurs,&#8230;<!-- AddThis Advanced Settings generic via filter on get_the_excerpt --><!-- AddThis Share Buttons generic via filter on get_the_excerpt --><\/p>\n","protected":false},"author":32,"featured_media":6074,"comment_status":"closed","ping_status":"open","sticky":false,"template":"","format":"standard","meta":{"_genesis_hide_title":false,"_genesis_hide_breadcrumbs":false,"_genesis_hide_singular_image":false,"_genesis_hide_footer_widgets":false,"_genesis_custom_body_class":"","_genesis_custom_post_class":"","_genesis_layout":"","ngg_post_thumbnail":0,"footnotes":""},"categories":[3],"tags":[296,57,48,30,56,71,183,297,97,157],"class_list":{"0":"post-6064","1":"post","2":"type-post","3":"status-publish","4":"format-standard","5":"has-post-thumbnail","7":"category-voyages","8":"tag-danemark","9":"tag-espagne","10":"tag-europe","11":"tag-france","12":"tag-italie","13":"tag-portugal","14":"tag-republique-tcheque","15":"tag-roumanie","16":"tag-royaume-uni","17":"tag-suede","18":"entry"},"yoast_head":"<!-- This site is optimized with the Yoast SEO plugin v27.1.1 - https:\/\/yoast.com\/product\/yoast-seo-wordpress\/ -->\n<title>10 villes et villages parmi les plus color\u00e9s d&#039;Europe | Sixt Magazine<\/title>\n<meta name=\"description\" content=\"Pas besoin d&#039;une destination exotique telle que les Cara\u00efbes pour d\u00e9ambuler dans des rues chamarr\u00e9es. Visiter les villes les plus color\u00e9es d&#039;Europe\" \/>\n<meta name=\"robots\" content=\"index, follow, max-snippet:-1, max-image-preview:large, max-video-preview:-1\" \/>\n<link rel=\"canonical\" href=\"https:\/\/www.sixt.fr\/magazine\/voyages\/10-villes-parmi-les-plus-colorees-europe\/\" \/>\n<meta property=\"og:locale\" content=\"fr_FR\" \/>\n<meta property=\"og:type\" content=\"article\" \/>\n<meta property=\"og:title\" content=\"10 villes et villages parmi les plus color\u00e9s d&#039;Europe | Sixt Magazine\" \/>\n<meta property=\"og:description\" content=\"Pas besoin d&#039;une destination exotique telle que les Cara\u00efbes pour d\u00e9ambuler dans des rues chamarr\u00e9es. Visiter les villes les plus color\u00e9es d&#039;Europe\" \/>\n<meta property=\"og:url\" content=\"https:\/\/www.sixt.fr\/magazine\/voyages\/10-villes-parmi-les-plus-colorees-europe\/\" \/>\n<meta property=\"og:site_name\" content=\"Sixt Magazine\" \/>\n<meta property=\"article:published_time\" content=\"2019-02-06T06:00:53+00:00\" \/>\n<meta property=\"article:modified_time\" content=\"2025-09-17T08:40:07+00:00\" \/>\n<meta property=\"og:image\" content=\"https:\/\/www.sixt.fr\/magazine\/wp-content\/uploads\/\/sites\/3\/2019\/01\/cinque-terre-vernazza.jpg\" \/>\n\t<meta property=\"og:image:width\" content=\"1280\" \/>\n\t<meta property=\"og:image:height\" content=\"852\" \/>\n\t<meta property=\"og:image:type\" content=\"image\/jpeg\" \/>\n<meta name=\"twitter:card\" content=\"summary_large_image\" \/>\n<meta name=\"twitter:label1\" content=\"\u00c9crit par\" \/>\n\t<meta name=\"twitter:data1\" content=\"\" \/>\n\t<meta name=\"twitter:label2\" content=\"Dur\u00e9e de lecture estim\u00e9e\" \/>\n\t<meta name=\"twitter:data2\" content=\"9 minutes\" \/>\n<!-- \/ Yoast SEO plugin. -->","yoast_head_json":{"title":"10 villes et villages parmi les plus color\u00e9s d'Europe | Sixt Magazine","description":"Pas besoin d'une destination exotique telle que les Cara\u00efbes pour d\u00e9ambuler dans des rues chamarr\u00e9es. Visiter les villes les plus color\u00e9es d'Europe","robots":{"index":"index","follow":"follow","max-snippet":"max-snippet:-1","max-image-preview":"max-image-preview:large","max-video-preview":"max-video-preview:-1"},"canonical":"https:\/\/www.sixt.fr\/magazine\/voyages\/10-villes-parmi-les-plus-colorees-europe\/","og_locale":"fr_FR","og_type":"article","og_title":"10 villes et villages parmi les plus color\u00e9s d'Europe | Sixt Magazine","og_description":"Pas besoin d'une destination exotique telle que les Cara\u00efbes pour d\u00e9ambuler dans des rues chamarr\u00e9es. Visiter les villes les plus color\u00e9es d'Europe","og_url":"https:\/\/www.sixt.fr\/magazine\/voyages\/10-villes-parmi-les-plus-colorees-europe\/","og_site_name":"Sixt Magazine","article_published_time":"2019-02-06T06:00:53+00:00","article_modified_time":"2025-09-17T08:40:07+00:00","og_image":[{"width":1280,"height":852,"url":"https:\/\/www.sixt.fr\/magazine\/wp-content\/uploads\/\/sites\/3\/2019\/01\/cinque-terre-vernazza.jpg","type":"image\/jpeg"}],"twitter_card":"summary_large_image","twitter_misc":{"\u00c9crit par":"","Dur\u00e9e de lecture estim\u00e9e":"9 minutes"},"schema":{"@context":"https:\/\/schema.org","@graph":[{"@type":"Article","@id":"https:\/\/www.sixt.fr\/magazine\/voyages\/10-villes-parmi-les-plus-colorees-europe\/#article","isPartOf":{"@id":"https:\/\/www.sixt.fr\/magazine\/voyages\/10-villes-parmi-les-plus-colorees-europe\/"},"author":{"name":"","@id":""},"headline":"10 villes et villages parmi les plus color\u00e9s d&rsquo;Europe","datePublished":"2019-02-06T06:00:53+00:00","dateModified":"2025-09-17T08:40:07+00:00","mainEntityOfPage":{"@id":"https:\/\/www.sixt.fr\/magazine\/voyages\/10-villes-parmi-les-plus-colorees-europe\/"},"wordCount":1526,"image":{"@id":"https:\/\/www.sixt.fr\/magazine\/voyages\/10-villes-parmi-les-plus-colorees-europe\/#primaryimage"},"thumbnailUrl":"https:\/\/www.sixt.fr\/magazine\/wp-content\/uploads\/\/sites\/3\/2019\/01\/cinque-terre-vernazza.jpg","keywords":["Danemark","Espagne","Europe","France","Italie","Portugal","Republique Tcheque","Roumanie","Royaume-Uni","Su\u00e8de"],"articleSection":["Voyages"],"inLanguage":"fr-FR"},{"@type":"WebPage","@id":"https:\/\/www.sixt.fr\/magazine\/voyages\/10-villes-parmi-les-plus-colorees-europe\/","url":"https:\/\/www.sixt.fr\/magazine\/voyages\/10-villes-parmi-les-plus-colorees-europe\/","name":"10 villes et villages parmi les plus color\u00e9s d'Europe | Sixt Magazine","isPartOf":{"@id":"https:\/\/www.sixt.fr\/magazine\/#website"},"primaryImageOfPage":{"@id":"https:\/\/www.sixt.fr\/magazine\/voyages\/10-villes-parmi-les-plus-colorees-europe\/#primaryimage"},"image":{"@id":"https:\/\/www.sixt.fr\/magazine\/voyages\/10-villes-parmi-les-plus-colorees-europe\/#primaryimage"},"thumbnailUrl":"https:\/\/www.sixt.fr\/magazine\/wp-content\/uploads\/\/sites\/3\/2019\/01\/cinque-terre-vernazza.jpg","datePublished":"2019-02-06T06:00:53+00:00","dateModified":"2025-09-17T08:40:07+00:00","author":{"@id":""},"description":"Pas besoin d'une destination exotique telle que les Cara\u00efbes pour d\u00e9ambuler dans des rues chamarr\u00e9es. Visiter les villes les plus color\u00e9es d'Europe","inLanguage":"fr-FR","potentialAction":[{"@type":"ReadAction","target":["https:\/\/www.sixt.fr\/magazine\/voyages\/10-villes-parmi-les-plus-colorees-europe\/"]}]},{"@type":"ImageObject","inLanguage":"fr-FR","@id":"https:\/\/www.sixt.fr\/magazine\/voyages\/10-villes-parmi-les-plus-colorees-europe\/#primaryimage","url":"https:\/\/www.sixt.fr\/magazine\/wp-content\/uploads\/\/sites\/3\/2019\/01\/cinque-terre-vernazza.jpg","contentUrl":"https:\/\/www.sixt.fr\/magazine\/wp-content\/uploads\/\/sites\/3\/2019\/01\/cinque-terre-vernazza.jpg","width":1280,"height":852,"caption":"Vernazza"},{"@type":"WebSite","@id":"https:\/\/www.sixt.fr\/magazine\/#website","url":"https:\/\/www.sixt.fr\/magazine\/","name":"SIXT Magazine","description":"Nos conseils voyages et actualit\u00e9s","potentialAction":[{"@type":"SearchAction","target":{"@type":"EntryPoint","urlTemplate":"https:\/\/www.sixt.fr\/magazine\/?s={search_term_string}"},"query-input":{"@type":"PropertyValueSpecification","valueRequired":true,"valueName":"search_term_string"}}],"inLanguage":"fr-FR"},{"@type":"Person","@id":"","url":"https:\/\/www.sixt.fr\/magazine\/author\/"}]}},"_links":{"self":[{"href":"https:\/\/www.sixt.fr\/magazine\/wp-json\/wp\/v2\/posts\/6064","targetHints":{"allow":["GET"]}}],"collection":[{"href":"https:\/\/www.sixt.fr\/magazine\/wp-json\/wp\/v2\/posts"}],"about":[{"href":"https:\/\/www.sixt.fr\/magazine\/wp-json\/wp\/v2\/types\/post"}],"author":[{"embeddable":true,"href":"https:\/\/www.sixt.fr\/magazine\/wp-json\/wp\/v2\/users\/32"}],"replies":[{"embeddable":true,"href":"https:\/\/www.sixt.fr\/magazine\/wp-json\/wp\/v2\/comments?post=6064"}],"version-history":[{"count":0,"href":"https:\/\/www.sixt.fr\/magazine\/wp-json\/wp\/v2\/posts\/6064\/revisions"}],"wp:featuredmedia":[{"embeddable":true,"href":"https:\/\/www.sixt.fr\/magazine\/wp-json\/wp\/v2\/media\/6074"}],"wp:attachment":[{"href":"https:\/\/www.sixt.fr\/magazine\/wp-json\/wp\/v2\/media?parent=6064"}],"wp:term":[{"taxonomy":"category","embeddable":true,"href":"https:\/\/www.sixt.fr\/magazine\/wp-json\/wp\/v2\/categories?post=6064"},{"taxonomy":"post_tag","embeddable":true,"href":"https:\/\/www.sixt.fr\/magazine\/wp-json\/wp\/v2\/tags?post=6064"}],"curies":[{"name":"wp","href":"https:\/\/api.w.org\/{rel}","templated":true}]}}