{"id":3055,"date":"2023-12-04T09:28:00","date_gmt":"2023-12-04T09:28:00","guid":{"rendered":"https:\/\/fr.sx-magazine-wp.sixt.io\/magazine\/?p=3055"},"modified":"2024-01-11T13:28:38","modified_gmt":"2024-01-11T13:28:38","slug":"road-trip-alpes","status":"publish","type":"post","link":"https:\/\/www.sixt.fr\/magazine\/voyages\/road-trip-alpes\/","title":{"rendered":"Road trip dans les Alpes : 7 lieux \u00e0 ne pas manquer ! \u26f0\ufe0f"},"content":{"rendered":"\n<figure class=\"wp-block-image size-large is-resized\"><img decoding=\"async\" width=\"1024\" height=\"680\" data-src=\"https:\/\/www.sixt.fr\/magazine\/wp-content\/uploads\/\/sites\/3\/2018\/08\/1-Road-trip-dans-les-Alpes-SIXT-1024x680.jpg\" alt=\"Road trip dans les Alpes\" class=\"wp-image-21941 lazyload\" style=\"--smush-placeholder-width: 1024px; --smush-placeholder-aspect-ratio: 1024\/680;width:1140px\" data-srcset=\"https:\/\/www.sixt.fr\/magazine\/wp-content\/uploads\/\/sites\/3\/2018\/08\/1-Road-trip-dans-les-Alpes-SIXT-1024x680.jpg 1024w, https:\/\/www.sixt.fr\/magazine\/wp-content\/uploads\/\/sites\/3\/2018\/08\/1-Road-trip-dans-les-Alpes-SIXT-300x199.jpg 300w, https:\/\/www.sixt.fr\/magazine\/wp-content\/uploads\/\/sites\/3\/2018\/08\/1-Road-trip-dans-les-Alpes-SIXT-768x510.jpg 768w, https:\/\/www.sixt.fr\/magazine\/wp-content\/uploads\/\/sites\/3\/2018\/08\/1-Road-trip-dans-les-Alpes-SIXT-1536x1020.jpg 1536w, https:\/\/www.sixt.fr\/magazine\/wp-content\/uploads\/\/sites\/3\/2018\/08\/1-Road-trip-dans-les-Alpes-SIXT.jpg 1920w\" data-sizes=\"(max-width: 1024px) 100vw, 1024px\" src=\"data:image\/svg+xml;base64,PHN2ZyB3aWR0aD0iMSIgaGVpZ2h0PSIxIiB4bWxucz0iaHR0cDovL3d3dy53My5vcmcvMjAwMC9zdmciPjwvc3ZnPg==\" \/><figcaption class=\"wp-element-caption\">Road trip dans les Alpes<\/figcaption><\/figure>\n\n\n\n<p>Qu\u2019est-ce que la fondue savoyarde, des lacets, un kayak et des chaussures de rando ont en commun ? \ud83e\udd14<\/p>\n\n\n\n<p>R\u00e9ponse : les Alpes !&nbsp;<\/p>\n\n\n\n<p>Des hauteurs du Mont Blanc \u00e0 la mer M\u00e9dit\u00e9rran\u00e9e, SIXT vous a concoct\u00e9 une petite escapade dans les Alpes fran\u00e7aises. <a href=\"https:\/\/www.sixt.fr\/magazine\/guides-et-conseils\/week-end-a-lyon\/\">Au d\u00e9part de Lyon<\/a>, r\u00e9cup\u00e9rez votre van (ou voiture, mais le van c\u2019est confortable) pour tailler la route dans les montagnes.&nbsp;<\/p>\n\n\n\n<p style=\"text-align: center\"><a class=\"button\" href=\"https:\/\/www.sixt.fr\/location-voiture\/france\/lyon\/\">Louez votre van \u00e0 Lyon !<\/a><\/p>\n\n\n\n<p>\ud83d\udd0e Checkez la pression des pneus, bouclez la valise. Les chaussures de randonn\u00e9e y sont ? Alors c\u2019est parti pour un road trip dans les Alpes by SIXT !&nbsp;<\/p>\n\n\n\n<h2 class=\"wp-block-heading\">Pour ceux qui sont impatients de partir en road trip dans les Alpes, c&rsquo;est par ici \ud83d\udc47<\/h2>\n\n\n\n<ol>\n\n\n<li><a href=\"#1\"> Chamonix et le Mont Blanc \u2744\ufe0f <\/a><\/li>\n<li><a href=\"#2\">Annecy et son lac\u00a0\ud83d\udef6 <\/a><\/li>\n<li><a href=\"#3\">Le Lac du Bourget \ud83d\udc4d<\/a><\/li>\n<li><a href=\"#4\"> Le Vercors \ud83c\udfb5 \u00a0<\/a><\/li>\n<li><a href=\"#5\">Le Parc national des \u00c9crins\ud83c\udfc5<\/a><\/li>\n<li><a href=\"#6\">Le D\u00e9voluy \ud83d\udcf8 <\/a><\/li>\n<li><a href=\"#7\">Le Parc national du Mercantour \ud83c\udf0a \n<\/a><\/li>\n\n\n\n<iframe data-src=\"https:\/\/www.google.com\/maps\/embed?pb=!1m70!1m12!1m3!1d1446066.982203898!2d4.728892887666585!3d44.93656106971548!2m3!1f0!2f0!3f0!3m2!1i1024!2i768!4f13.1!4m55!3e0!4m5!1s0x47f4ea516ae88797%3A0x408ab2ae4bb21f0!2sLyon!3m2!1d45.764043!2d4.835659!4m5!1s0x47894c062dfe2ee7%3A0x408ab2ae4baa380!2sChamonix!3m2!1d45.923697!2d6.869433!4m5!1s0x478b8fe55861febb%3A0x6a90ac32b5ab892b!2sAnnecy!3m2!1d45.8990887!2d6.1295411!4m5!1s0x478b0b1b6b46f881%3A0x3f737233c6c94d45!2sLac%20du%20Bourget!3m2!1d45.729678299999996!2d5.869578799999999!4m5!1s0x478a9ba515da2863%3A0x85339f21b14f7955!2sMassif%20du%20Vercors%2C%20Corren%C3%A7on-en-Vercors!3m2!1d44.9676086!2d5.530064299999999!4m5!1s0x4789fe652078d909%3A0x9cc9a9db9bf1e191!2sParc%20national%20des%20%C3%89crins%2C%20Domaine%20de%20Charance%2C%20Gap!3m2!1d44.8387896!2d6.2620555!4m5!1s0x12cb24c47dafc71d%3A0xb25debfd4b362615!2sDevoluy%2C%20Le%20D%C3%A9voluy!3m2!1d44.65!2d5.883333299999999!4m5!1s0x12cdaf6678af879d%3A0xcabc15aee7b89386!2sParc%20National%20Mercantour%2C%20Rue%20d&#039;Italie%2C%20Nice!3m2!1d44.1308825!2d7.0936255!4m5!1s0x12cdd0106a852d31%3A0x40819a5fd979a70!2sNice!3m2!1d43.710172799999995!2d7.2619532!5e0!3m2!1sfr!2sfr!4v1701269478973!5m2!1sfr!2sfr\" width=\"1540\" height=\"\u00ab\" frameborder=\"0\" scrolling=\"auto\" allowfullscreen=\"allowfullscreen\" 0=\"500'\"  src=\"data:image\/svg+xml;base64,PHN2ZyB3aWR0aD0iMSIgaGVpZ2h0PSIxIiB4bWxucz0iaHR0cDovL3d3dy53My5vcmcvMjAwMC9zdmciPjwvc3ZnPg==\" class=\"lazyload\" data-load-mode=\"1\"><\/iframe>\n\n\n\n<figure class=\"wp-block-image size-large is-resized\"><img decoding=\"async\" width=\"1024\" height=\"576\" data-src=\"https:\/\/www.sixt.fr\/magazine\/wp-content\/uploads\/\/sites\/3\/2018\/08\/2-road-trip-dans-les-Alpes-Mont-Blanc-SIXT-1024x576.jpg\" alt=\"Road trip dans les Alpes\" class=\"wp-image-21942 lazyload\" style=\"--smush-placeholder-width: 1024px; --smush-placeholder-aspect-ratio: 1024\/576;width:1140px\" data-srcset=\"https:\/\/www.sixt.fr\/magazine\/wp-content\/uploads\/\/sites\/3\/2018\/08\/2-road-trip-dans-les-Alpes-Mont-Blanc-SIXT-1024x576.jpg 1024w, https:\/\/www.sixt.fr\/magazine\/wp-content\/uploads\/\/sites\/3\/2018\/08\/2-road-trip-dans-les-Alpes-Mont-Blanc-SIXT-300x169.jpg 300w, https:\/\/www.sixt.fr\/magazine\/wp-content\/uploads\/\/sites\/3\/2018\/08\/2-road-trip-dans-les-Alpes-Mont-Blanc-SIXT-768x432.jpg 768w, https:\/\/www.sixt.fr\/magazine\/wp-content\/uploads\/\/sites\/3\/2018\/08\/2-road-trip-dans-les-Alpes-Mont-Blanc-SIXT-1536x864.jpg 1536w, https:\/\/www.sixt.fr\/magazine\/wp-content\/uploads\/\/sites\/3\/2018\/08\/2-road-trip-dans-les-Alpes-Mont-Blanc-SIXT.jpg 1920w\" data-sizes=\"(max-width: 1024px) 100vw, 1024px\" src=\"data:image\/svg+xml;base64,PHN2ZyB3aWR0aD0iMSIgaGVpZ2h0PSIxIiB4bWxucz0iaHR0cDovL3d3dy53My5vcmcvMjAwMC9zdmciPjwvc3ZnPg==\" \/><figcaption class=\"wp-element-caption\">Admirez le Mont Blanc lors de votre voyage dans les Alpes<\/figcaption><\/figure>\n\n\n\n<div id=\"1\"><\/div>\n\n\n\n<h2 class=\"wp-block-heading\">Chamonix et le Mont Blanc : la base \ud83d\udc4c<\/h2>\n\n\n\n<p>Que serait un road trip dans les Alpes sans une \u00e9tape dans la vall\u00e9e de Chamonix-Mont-Blanc ? \ud83d\ude43<\/p>\n\n\n\n<p>Commencez votre aventure par la c\u00e9l\u00e8bre station de ski. Posez le van sur le bord de la route, c\u2019est parti pour une randonn\u00e9e sur le \u201cToit de l\u2019Europe\u201d. Le Mont Blanc, c\u2019est en effet 4810 m\u00e8tres d\u2019altitude. Vous relevez le d\u00e9fi ? \ud83d\udcaa<\/p>\n\n\n\n<p>Si vous n\u2019\u00eates pas tellement fan des mollets qui tirent, la randonn\u00e9e n\u2019est pas obligatoire pour atteindre des sommets au Mont Blanc. En prenant le t\u00e9l\u00e9ph\u00e9rique de l&rsquo;Aiguille du Midi, vous profitez d\u2019une vue \u00e0 couper le souffle sur le Mont Blanc. Vous pouvez aussi opter pour une randonn\u00e9e vers le Lac des Gaillands ou vers le Col des Saisies. Plus simple et tout aussi magnifique.&nbsp;<\/p>\n\n\n\n<p>\ud83d\ude82 Avant de reprendre la route, ne manquez pas d\u2019explorer le centre-ville anim\u00e9 de Chamonix, pourquoi pas en petit-train, histoire de rester dans le th\u00e8me ?&nbsp;<\/p>\n\n\n\n<figure class=\"wp-block-image size-large is-resized\"><img decoding=\"async\" width=\"1024\" height=\"683\" data-src=\"https:\/\/www.sixt.fr\/magazine\/wp-content\/uploads\/\/sites\/3\/2018\/08\/3-road-trip-dans-les-Alpes-Annecy-SIXT-1024x683.jpg\" alt=\"Road trip dans les Alpes annecy\" class=\"wp-image-21943 lazyload\" style=\"--smush-placeholder-width: 1024px; --smush-placeholder-aspect-ratio: 1024\/683;width:1140px\" data-srcset=\"https:\/\/www.sixt.fr\/magazine\/wp-content\/uploads\/\/sites\/3\/2018\/08\/3-road-trip-dans-les-Alpes-Annecy-SIXT-1024x683.jpg 1024w, https:\/\/www.sixt.fr\/magazine\/wp-content\/uploads\/\/sites\/3\/2018\/08\/3-road-trip-dans-les-Alpes-Annecy-SIXT-300x200.jpg 300w, https:\/\/www.sixt.fr\/magazine\/wp-content\/uploads\/\/sites\/3\/2018\/08\/3-road-trip-dans-les-Alpes-Annecy-SIXT-768x512.jpg 768w, https:\/\/www.sixt.fr\/magazine\/wp-content\/uploads\/\/sites\/3\/2018\/08\/3-road-trip-dans-les-Alpes-Annecy-SIXT-1536x1024.jpg 1536w, https:\/\/www.sixt.fr\/magazine\/wp-content\/uploads\/\/sites\/3\/2018\/08\/3-road-trip-dans-les-Alpes-Annecy-SIXT.jpg 1920w\" data-sizes=\"(max-width: 1024px) 100vw, 1024px\" src=\"data:image\/svg+xml;base64,PHN2ZyB3aWR0aD0iMSIgaGVpZ2h0PSIxIiB4bWxucz0iaHR0cDovL3d3dy53My5vcmcvMjAwMC9zdmciPjwvc3ZnPg==\" \/><figcaption class=\"wp-element-caption\"> Ramez sur la Venise des Alpes<\/figcaption><\/figure>\n\n\n\n<div id=\"2\"><\/div>\n\n\n\n<h2 class=\"wp-block-heading\">Annecy et son lac : la Venise des Alpes \ud83d\udea3&nbsp;<\/h2>\n\n\n\n<p>Plus pr\u00e8s, plus simple, rendez-vous dans la ville d\u2019Annecy pour une \u00e9tape aux airs de dolce vita. D\u00e9laissez le van pour vous balader entre les canaux de la Vieille Ville aux influences italiennes. Pr\u00e8s d\u2019Annecy, visitez le <a href=\"https:\/\/www.sixt.fr\/magazine\/voyages\/les-plus-beaux-chateaux-de-france\/\">Ch\u00e2teau de Menthon Saint-Bernard (\ud83d\udc36) pour vous prendre pour un prince ou une princesse<\/a>. Non, ce n\u2019est pas une mauvaise blague, c\u2019est vraiment le ch\u00e2teau qui a inspir\u00e9 Disney.&nbsp;<br><br>\u201c<em>Bon, c\u2019est chouette tout \u00e7a, mais si on est parti dans les Alpes, c\u2019est pour les randonn\u00e9es et la montagne.\u201d<\/em> vous allez nous dire. Pour \u00e7a, direction le lac d&rsquo;Annecy. L\u00e0, vous avez plusieurs choix : faire le tour du lac \u00e0 v\u00e9lo ou bien monter jusqu\u2019au Col de la Forclaz. Une randonn\u00e9e facile qui vous garantit un panorama incroyable sur les eaux turquoise du lac. Parfait pour faire rager les potes qui n\u2019ont pas voulu partir avec vous.<\/p>\n\n\n\n<blockquote class=\"wp-block-quote is-layout-flow wp-block-quote-is-layout-flow\">\n<p>Vous aimez le lac d\u2019Annecy ? Organisez un <a href=\"https:\/\/www.sixt.fr\/magazine\/week-end\/week-end-annecy\/\">week-end<\/a> ou un <a href=\"https:\/\/www.sixt.fr\/magazine\/voyages\/road-trip-annecy\/\">road trip<\/a> dans la r\u00e9gion avec SIXT !&nbsp;&nbsp;<\/p>\n<\/blockquote>\n\n\n\n<figure class=\"wp-block-image size-large is-resized\"><img decoding=\"async\" width=\"1024\" height=\"683\" data-src=\"https:\/\/www.sixt.fr\/magazine\/wp-content\/uploads\/\/sites\/3\/2018\/08\/4-road-trip-dans-les-Alpes-Lac-du-Bourget-SIXT-1024x683.jpg\" alt=\"Road Trip dans les Alpes Lac du Bourget \" class=\"wp-image-21944 lazyload\" style=\"--smush-placeholder-width: 1024px; --smush-placeholder-aspect-ratio: 1024\/683;width:1140px\" data-srcset=\"https:\/\/www.sixt.fr\/magazine\/wp-content\/uploads\/\/sites\/3\/2018\/08\/4-road-trip-dans-les-Alpes-Lac-du-Bourget-SIXT-1024x683.jpg 1024w, https:\/\/www.sixt.fr\/magazine\/wp-content\/uploads\/\/sites\/3\/2018\/08\/4-road-trip-dans-les-Alpes-Lac-du-Bourget-SIXT-300x200.jpg 300w, https:\/\/www.sixt.fr\/magazine\/wp-content\/uploads\/\/sites\/3\/2018\/08\/4-road-trip-dans-les-Alpes-Lac-du-Bourget-SIXT-768x512.jpg 768w, https:\/\/www.sixt.fr\/magazine\/wp-content\/uploads\/\/sites\/3\/2018\/08\/4-road-trip-dans-les-Alpes-Lac-du-Bourget-SIXT-1536x1025.jpg 1536w, https:\/\/www.sixt.fr\/magazine\/wp-content\/uploads\/\/sites\/3\/2018\/08\/4-road-trip-dans-les-Alpes-Lac-du-Bourget-SIXT.jpg 1920w\" data-sizes=\"(max-width: 1024px) 100vw, 1024px\" src=\"data:image\/svg+xml;base64,PHN2ZyB3aWR0aD0iMSIgaGVpZ2h0PSIxIiB4bWxucz0iaHR0cDovL3d3dy53My5vcmcvMjAwMC9zdmciPjwvc3ZnPg==\" \/><figcaption class=\"wp-element-caption\">On se la coule douce au lac du Bourget \u270c\ufe0f<\/figcaption><\/figure>\n\n\n\n<div id=\"3\"><\/div>\n\n\n\n<h2 class=\"wp-block-heading\">Le lac du Bourget : se la couler douce \ud83d\udc4d&nbsp;<\/h2>\n\n\n\n<p>On reste dans le th\u00e8me des lacs pour cette troisi\u00e8me journ\u00e9e. Le lac du Bourget, c\u2019est tout simplement le plus grand lac naturel de France. Pas mal, non ?<br><br>Pour vous remettre de la fatigue de la route, on vous conseille de commencer par un petit d\u00e9tour par les thermes d\u2019Aix-les-Bains, sur les bords du lac. Le midi, offrez-vous une d\u00e9gustation de la d\u00e9licieuse gastronomie de Savoie : fondue, fromages et charcuterie\u2026 La montagne, \u00e7a creuse !&nbsp;&nbsp;<br>Vous \u00eates requinqu\u00e9 ? Alors enfilez les chaussures de rando. Entour\u00e9 du massif de l\u2019\u00c9pine, le Mont du Chat, le parc naturel r\u00e9gional du massif des Bauges, le Mont Revard, la Chabotte, question itin\u00e9raires de randonn\u00e9e autour du lac, vous avez de quoi vous d\u00e9penser.&nbsp;<br><br>Si vous avez plut\u00f4t le pied marin, on a gard\u00e9 le meilleur pour la fin : p\u00eache, cano\u00eb-kayak, plong\u00e9e, ski nautique, voile, aviron\u2026 Vous choisissez quoi pour profiter des eaux calmes du lac ?&nbsp;<\/p>\n\n\n\n<figure class=\"wp-block-image size-large is-resized\"><img decoding=\"async\" width=\"1024\" height=\"683\" data-src=\"https:\/\/www.sixt.fr\/magazine\/wp-content\/uploads\/\/sites\/3\/2018\/08\/5-road-trip-dans-les-Vercors-SIXT-1024x683.jpg\" alt=\"Road trip dans les Vercors \" class=\"wp-image-21946 lazyload\" style=\"--smush-placeholder-width: 1024px; --smush-placeholder-aspect-ratio: 1024\/683;width:1140px\" data-srcset=\"https:\/\/www.sixt.fr\/magazine\/wp-content\/uploads\/\/sites\/3\/2018\/08\/5-road-trip-dans-les-Vercors-SIXT-1024x683.jpg 1024w, https:\/\/www.sixt.fr\/magazine\/wp-content\/uploads\/\/sites\/3\/2018\/08\/5-road-trip-dans-les-Vercors-SIXT-300x200.jpg 300w, https:\/\/www.sixt.fr\/magazine\/wp-content\/uploads\/\/sites\/3\/2018\/08\/5-road-trip-dans-les-Vercors-SIXT-768x512.jpg 768w, https:\/\/www.sixt.fr\/magazine\/wp-content\/uploads\/\/sites\/3\/2018\/08\/5-road-trip-dans-les-Vercors-SIXT-1536x1024.jpg 1536w, https:\/\/www.sixt.fr\/magazine\/wp-content\/uploads\/\/sites\/3\/2018\/08\/5-road-trip-dans-les-Vercors-SIXT.jpg 1920w\" data-sizes=\"(max-width: 1024px) 100vw, 1024px\" src=\"data:image\/svg+xml;base64,PHN2ZyB3aWR0aD0iMSIgaGVpZ2h0PSIxIiB4bWxucz0iaHR0cDovL3d3dy53My5vcmcvMjAwMC9zdmciPjwvc3ZnPg==\" \/><figcaption class=\"wp-element-caption\">Chantez les classiques dans le Vercors<\/figcaption><\/figure>\n\n\n\n<div id=\"4\"><\/div>\n\n\n\n<h2 class=\"wp-block-heading\">Le Vercors : chanter Alain Bashung \ud83c\udfb5<\/h2>\n\n\n\n<p><em>\ud83c\udfb6\u201c<\/em><a href=\"https:\/\/www.sixt.fr\/magazine\/sixtmoments\/playlist-road-trip-france\/\"><em>On m\u2019a vu dans le Vercors, sauter \u00e0 l&rsquo;\u00e9lastique\u2026\u201d<\/em><\/a> <em>\ud83c\udfb6<\/em>&nbsp; Quand on voit le panorama qu\u2019offre le massif du Vercors, on comprend Bashung.&nbsp;<\/p>\n\n\n\n<p>Votre route vous am\u00e8ne non pas dans les Alpes pour cette quatri\u00e8me journ\u00e9e, mais dans les Pr\u00e9alpes (oui, il y a une diff\u00e9rence). Le plateau du Vercors, c\u2019est un terrain de jeu magique pour les fans de randonn\u00e9e. Col de Font Payanne, Col de la Bataille, Col du Maupas et le plus embl\u00e9matique de tous : le Mont Aiguille\u2026 Il y a de quoi s\u2019occuper.&nbsp;<\/p>\n\n\n\n<p>Oui, mais vous, vous \u00eates en van et vous \u00eates venu pour un road trip. Pas de probl\u00e8me ! Le Vercors, c\u2019est aussi des gorges, des cirques et des belv\u00e9d\u00e8res pour un max de lacets. <a href=\"https:\/\/www.sixt.fr\/magazine\/voyages\/les-plus-belles-routes-de-france\/\">Notre route pr\u00e9f\u00e9r\u00e9e<\/a> : celle du Col de Rousset. Tout simplement ma-gni-fi-que. \ud83d\udc4c<\/p>\n\n\n\n<blockquote class=\"wp-block-quote is-layout-flow wp-block-quote-is-layout-flow\">\n<p><strong>\ud83c\udfce\ufe0f&nbsp; La minute technique : <\/strong>Si vous avez pens\u00e9 \u00e0 vos chaussures en lisant cette derni\u00e8re phrase, peut-\u00eatre que vous devriez jeter un \u0153il \u00e0 <a href=\"https:\/\/www.sixt.fr\/magazine\/guides-et-conseils\/rouler-sur-la-neige-et-le-verglas\/\">notre guide pour conduire en montagne<\/a>\u2026<\/p>\n<\/blockquote>\n\n\n\n<figure class=\"wp-block-image size-large is-resized\"><img decoding=\"async\" width=\"1024\" height=\"576\" data-src=\"https:\/\/www.sixt.fr\/magazine\/wp-content\/uploads\/\/sites\/3\/2018\/08\/6-road-trip-dans-les-Alpes-parc-des-ecrins-SIXT-1024x576.jpg\" alt=\"Road Trip dans les Alpes parc des ecrins \" class=\"wp-image-21947 lazyload\" style=\"--smush-placeholder-width: 1024px; --smush-placeholder-aspect-ratio: 1024\/576;width:1140px\" data-srcset=\"https:\/\/www.sixt.fr\/magazine\/wp-content\/uploads\/\/sites\/3\/2018\/08\/6-road-trip-dans-les-Alpes-parc-des-ecrins-SIXT-1024x576.jpg 1024w, https:\/\/www.sixt.fr\/magazine\/wp-content\/uploads\/\/sites\/3\/2018\/08\/6-road-trip-dans-les-Alpes-parc-des-ecrins-SIXT-300x169.jpg 300w, https:\/\/www.sixt.fr\/magazine\/wp-content\/uploads\/\/sites\/3\/2018\/08\/6-road-trip-dans-les-Alpes-parc-des-ecrins-SIXT-768x432.jpg 768w, https:\/\/www.sixt.fr\/magazine\/wp-content\/uploads\/\/sites\/3\/2018\/08\/6-road-trip-dans-les-Alpes-parc-des-ecrins-SIXT-1536x864.jpg 1536w, https:\/\/www.sixt.fr\/magazine\/wp-content\/uploads\/\/sites\/3\/2018\/08\/6-road-trip-dans-les-Alpes-parc-des-ecrins-SIXT.jpg 1920w\" data-sizes=\"(max-width: 1024px) 100vw, 1024px\" src=\"data:image\/svg+xml;base64,PHN2ZyB3aWR0aD0iMSIgaGVpZ2h0PSIxIiB4bWxucz0iaHR0cDovL3d3dy53My5vcmcvMjAwMC9zdmciPjwvc3ZnPg==\" \/><figcaption class=\"wp-element-caption\">Lancez-vous des d\u00e9fis lors de votre voyage dans les Alpes<\/figcaption><\/figure>\n\n\n\n<div id=\"5\"><\/div>\n\n\n\n<h2 class=\"wp-block-heading\">Le Parc national des \u00c9crins : battez des records \ud83c\udfc5<\/h2>\n\n\n\n<p>Le <a href=\"https:\/\/www.sixt.fr\/magazine\/voyages\/parcs-nationaux-france\/\">Parc national<\/a> des \u00c9crins est l\u2019un des plus vastes mais aussi des plus beaux de France ! Une \u00e9tape indispensable de tout road trip dans les Alpes qui se respecte.&nbsp; On vous r\u00e9sume la chose ? Le Parc national des Ecrins, c\u2019est :&nbsp;<\/p>\n\n\n\n<ul class=\"wp-block-list\">\n<li>\u2744\ufe0f&nbsp; 4 glaciers mill\u00e9naires<\/li>\n\n\n\n<li>\u26f0\ufe0f&nbsp; Plus de 100 sommets \u00e0 plus de 3 000 m\u00e8tres d\u2019altitude<\/li>\n\n\n\n<li>\ud83d\ude31&nbsp; La Barre des \u00c9crins, qui culmine \u00e0 4 102 m\u00e8tres d\u2019altitude<\/li>\n\n\n\n<li>\ud83c\udf32&nbsp; 7 vall\u00e9es verdoyantes<\/li>\n\n\n\n<li>\ud83e\udd7e&nbsp; 750 kilom\u00e8tres d\u2019itin\u00e9raires de randonn\u00e9e<\/li>\n<\/ul>\n\n\n\n<p>Autant vous dire qu\u2019en faire un r\u00e9sum\u00e9, c\u2019est pas de la tarte \ud83e\udd67. On vous conseille ici de prendre le temps de collectionner les randonn\u00e9es : autour d\u2019un lac, autour d\u2019un col, jusqu\u2019\u00e0 un refuge\u2026 Certes, vous ne pourrez pas amener le van ici, il faudra le laisser au parking. Mais promis, \u00e7a vaut le coup.<\/p>\n\n\n\n<p><strong>\ud83d\udeb2&nbsp; Notre randonn\u00e9e VTT pr\u00e9f\u00e9r\u00e9e : <\/strong>le Grand Raid de la Meije, qui fait le tour du Grand Galibier et passe par son col. Elle suit l&rsquo;itin\u00e9raire du mythique marathon Ultraraid de la Meije. On vous pr\u00e9vient : c&rsquo;est sportif. Mais qu\u2019est-ce que c\u2019est beau !&nbsp;<\/p>\n\n\n\n<figure class=\"wp-block-image size-large is-resized\"><img decoding=\"async\" width=\"1024\" height=\"685\" data-src=\"https:\/\/www.sixt.fr\/magazine\/wp-content\/uploads\/\/sites\/3\/2018\/08\/7-road-trip-dans-les-Alpes-Devoluy-SIXT-1024x685.jpg\" alt=\"Road trip dans les Alpes devoluy\" class=\"wp-image-21948 lazyload\" style=\"--smush-placeholder-width: 1024px; --smush-placeholder-aspect-ratio: 1024\/685;width:1140px\" data-srcset=\"https:\/\/www.sixt.fr\/magazine\/wp-content\/uploads\/\/sites\/3\/2018\/08\/7-road-trip-dans-les-Alpes-Devoluy-SIXT-1024x685.jpg 1024w, https:\/\/www.sixt.fr\/magazine\/wp-content\/uploads\/\/sites\/3\/2018\/08\/7-road-trip-dans-les-Alpes-Devoluy-SIXT-300x201.jpg 300w, https:\/\/www.sixt.fr\/magazine\/wp-content\/uploads\/\/sites\/3\/2018\/08\/7-road-trip-dans-les-Alpes-Devoluy-SIXT-768x514.jpg 768w, https:\/\/www.sixt.fr\/magazine\/wp-content\/uploads\/\/sites\/3\/2018\/08\/7-road-trip-dans-les-Alpes-Devoluy-SIXT-1536x1028.jpg 1536w, https:\/\/www.sixt.fr\/magazine\/wp-content\/uploads\/\/sites\/3\/2018\/08\/7-road-trip-dans-les-Alpes-Devoluy-SIXT.jpg 1920w\" data-sizes=\"(max-width: 1024px) 100vw, 1024px\" src=\"data:image\/svg+xml;base64,PHN2ZyB3aWR0aD0iMSIgaGVpZ2h0PSIxIiB4bWxucz0iaHR0cDovL3d3dy53My5vcmcvMjAwMC9zdmciPjwvc3ZnPg==\" \/><figcaption class=\"wp-element-caption\">Au sommet des montagnes des Alpes pour le meilleur mur Insta \ud83e\udd70<\/figcaption><\/figure>\n\n\n\n<div id=\"6\"><\/div>\n\n\n\n<h2 class=\"wp-block-heading\">Le D\u00e9voluy : <em>the spot<\/em> photo dans les Alpes \ud83d\udcf8<\/h2>\n\n\n\n<p>On reprend la route pour l\u2019\u00e9tape 6 de ce road trip dans les Alpes. Le Massif du D\u00e9voluy, quand on y va pas pour <a href=\"https:\/\/www.sixt.fr\/magazine\/week-end\/week-end-a-la-neige\/\">un week-end \u00e0 la neige<\/a>, on y va pour un week-end randonn\u00e9e !&nbsp;Comme on est sympa on a rep\u00e9r\u00e9 pour vous 5 randos \u00e0 tester pour pouvoir briller sur Instagram une fois arriv\u00e9 au sommet :&nbsp;&nbsp;&nbsp;<\/p>\n\n\n\n<ul class=\"wp-block-list\">\n<li>\ud83d\udce1<strong> Le Plateau de la Bure<\/strong> : une vue \u00e0 360\u00b0 sur les paysages autour, parfaite pour des photos qui claquent.&nbsp;<\/li>\n\n\n\n<li>\ud83d\udc04 <strong>Le Col du Charnier <\/strong>: promis, l\u2019itin\u00e9raire est plus sympa que le nom, avec sa vue sur le Lac du Lauzon et sur la vall\u00e9e en contrebas.<\/li>\n\n\n\n<li>\ud83d\udcf8<strong> Le Col de l\u2019Aup<\/strong> : avec une vue superbe sur l\u2019Obiou et le Lac du Sautet, c\u2019est l\u2019un des spots les plus photog\u00e9niques du massif.<\/li>\n\n\n\n<li>\ud83e\uddd0<strong> Pierre Baudinard<\/strong> : Non, il n\u2019y a pas d\u2019erreur. C\u2019est le nom de la cabane qui se trouve au sommet et o\u00f9 vous avez vue sur la barri\u00e8re qui va du Col de l\u2019Aup au Col du Rabou.<\/li>\n\n\n\n<li>\ud83d\ude0d <strong>Le Col des Aiguilles<\/strong> (oui, ils aiment nommer leurs cols \u201caiguille\u201d dans les Alpes) :&nbsp; mi-steppe mongole, mi-plateau n\u00e9o-z\u00e9landais, le vallon des Aiguilles s\u2019est creus\u00e9 au fil des ans gr\u00e2ce \u00e0 un lac glaciaire. Maintenant, c\u2019est juste\u2026 beau.&nbsp;<\/li>\n<\/ul>\n\n\n\n<figure class=\"wp-block-image size-large is-resized\"><img decoding=\"async\" width=\"1024\" height=\"683\" data-src=\"https:\/\/www.sixt.fr\/magazine\/wp-content\/uploads\/\/sites\/3\/2018\/08\/8-road-trip-dans-les-Alpes-parc-du-Mercantour-SIXT-1024x683.jpg\" alt=\"Road Trip dans les Alpes parc du Mercantour \" class=\"wp-image-21949 lazyload\" style=\"--smush-placeholder-width: 1024px; --smush-placeholder-aspect-ratio: 1024\/683;width:1140px\" data-srcset=\"https:\/\/www.sixt.fr\/magazine\/wp-content\/uploads\/\/sites\/3\/2018\/08\/8-road-trip-dans-les-Alpes-parc-du-Mercantour-SIXT-1024x683.jpg 1024w, https:\/\/www.sixt.fr\/magazine\/wp-content\/uploads\/\/sites\/3\/2018\/08\/8-road-trip-dans-les-Alpes-parc-du-Mercantour-SIXT-300x200.jpg 300w, https:\/\/www.sixt.fr\/magazine\/wp-content\/uploads\/\/sites\/3\/2018\/08\/8-road-trip-dans-les-Alpes-parc-du-Mercantour-SIXT-768x512.jpg 768w, https:\/\/www.sixt.fr\/magazine\/wp-content\/uploads\/\/sites\/3\/2018\/08\/8-road-trip-dans-les-Alpes-parc-du-Mercantour-SIXT-1536x1024.jpg 1536w, https:\/\/www.sixt.fr\/magazine\/wp-content\/uploads\/\/sites\/3\/2018\/08\/8-road-trip-dans-les-Alpes-parc-du-Mercantour-SIXT.jpg 1920w\" data-sizes=\"(max-width: 1024px) 100vw, 1024px\" src=\"data:image\/svg+xml;base64,PHN2ZyB3aWR0aD0iMSIgaGVpZ2h0PSIxIiB4bWxucz0iaHR0cDovL3d3dy53My5vcmcvMjAwMC9zdmciPjwvc3ZnPg==\" \/><figcaption class=\"wp-element-caption\">Mer et montagnes ne sont jamais tr\u00e8s loins dans les Alpes \ud83d\ude00<\/figcaption><\/figure>\n\n\n\n<div id=\"7\"><\/div>\n\n\n\n<h2 class=\"wp-block-heading\">Le Parc national du Mercantour : de la montagne \u00e0 la mer \ud83c\udf0a<\/h2>\n\n\n\n<p>Pour cette derni\u00e8re journ\u00e9e, on passe de la montagne \u00e0 la mer avec le Parc national du Mercantour. De la vall\u00e9e de la Tin\u00e9e \u00e0 la Vall\u00e9e du Haut-Verdon, on vous conseille de poser le van pour une randonn\u00e9e sur les 600 kilom\u00e8tres de sentiers qui s\u2019\u00e9tendent presque jusqu\u2019\u00e0 la M\u00e9diterran\u00e9e.&nbsp;<\/p>\n\n\n\n<p><br>Nos spots favoris ? La Vall\u00e9e des Merveilles et ses gravures rupestres dispers\u00e9es autour du Mont B\u00e9go, le lac d\u2019Allos et ses 2 230 m\u00e8tres d\u2019altitude et le petit village de Saint-Martin-V\u00e9subie, la \u201c<a href=\"https:\/\/www.sixt.fr\/magazine\/guides-et-conseils\/lacs-suisses-top-6\/\">Suisse<\/a> ni\u00e7oise\u201d. Parfait pour conclure en beaut\u00e9 ce road trip dans les Alpes.<br>Il est temps de redescendre sur terre, <a href=\"https:\/\/www.sixt.fr\/magazine\/voyages\/visiter-nice\/\">direction Nice<\/a> pour rendre le van et prendre le chemin de retour\u2026 On remet \u00e7a quand ?&nbsp;<\/p>\n\n\n\n<p style=\"text-align: center\"><a class=\"button\" href=\"https:\/\/www.sixt.fr\/location-voiture\/france\/nice\/\"> \u00c0 Nice, troquez le van pour une voiture pour prendre le chemin de retour ! <\/a><\/p>\n\n\n\n<h2 class=\"wp-block-heading\">Vous avez des questions sur ce road trip dans les Alpes ? SIXT vous r\u00e9pond ! \ud83d\ude00<\/h2>\n\n\n\n<h3 class=\"wp-block-heading\">Combien de temps pr\u00e9voir pour un voyage dans les Alpes ?&nbsp;<\/h3>\n\n\n\n<p>Un voyage en itin\u00e9rance demande un peu d\u2019anticipation. Il faut penser \u00e0 ajouter les temps de route au nombre de journ\u00e9es que vous souhaitez passer dans chaque \u00e9tape de votre itin\u00e9raire.&nbsp;<br>\u00c0 titre indicatif, voici le nombre de journ\u00e9es minimum \u00e0 pr\u00e9voir pour chaque \u00e9tape du voyage pr\u00e9sent\u00e9 ici : <\/p>\n\n\n\n<ul class=\"wp-block-list\">\n<li>Chamonix et le Mont Blanc : 2 jours<\/li>\n\n\n\n<li>Annecy et son lac : 1 journ\u00e9e<\/li>\n\n\n\n<li>Le Lac du Bourget : une journ\u00e9e<\/li>\n\n\n\n<li>Le Vercors : deux jours<\/li>\n\n\n\n<li>Le Parc national des \u00c9crins : trois jours<\/li>\n\n\n\n<li>Le D\u00e9voluy : deux jours<\/li>\n\n\n\n<li>Le Parc national du Mercantour : trois jours<\/li>\n<\/ul>\n\n\n\n<h3 class=\"wp-block-heading\">Quel h\u00e9bergement choisir pour un road trip dans les Alpes ?&nbsp;<\/h3>\n\n\n\n<p>Le road trip est un voyage un peu particulier puisqu&rsquo;on change de lieu tr\u00e8s r\u00e9guli\u00e8rement ! L\u2019id\u00e9al est d\u2019opter pour un van am\u00e9nag\u00e9 : vous pourrez ainsi dormir o\u00f9 vous voulez (c\u2019est un peu un camping portable quoi).&nbsp;<br>Si vous pr\u00e9f\u00e9rez voyager en voiture pour acc\u00e9der aux coins les plus recul\u00e9s de la r\u00e9gion, vous pourrez vous arr\u00eater dans un camping \u00e0 chaque \u00e9tape de votre parcours. Vous pourrez \u00e9galement choisir de vous arr\u00eater dans les h\u00e9bergements d\u2019une ville ou d\u2019un village situ\u00e9 sur votre route.<\/p>\n\n\n\n<h3 class=\"wp-block-heading\">Quels sont les plus hauts cols des Alpes fran\u00e7aises ?&nbsp;<\/h3>\n\n\n\n<p>Il existe de nombreuses randonn\u00e9es bien perch\u00e9es dans les Alpes fran\u00e7aises ! On vous a d\u00e9nich\u00e9 5 des plus hauts cols accessibles \u00e0 tous (avec un peu d\u2019entra\u00eenement) :&nbsp;<\/p>\n\n\n\n<ul class=\"wp-block-list\">\n<li>Le Mont Buet : 3 096 m\u00e8tres d\u2019altitude, soit 1 900 m\u00e8tres de d\u00e9nivel\u00e9<\/li>\n\n\n\n<li>L\u2019Aiguille de la Grande Sassi\u00e8re : 3 447 m\u00e8tres d\u2019altitude, soit 1 500 m\u00e8tres de d\u00e9nivel\u00e9<\/li>\n\n\n\n<li>Le Mont Chaberton : 3 131 m\u00e8tres d\u2019altitude, soit 1300 m\u00e8tres de d\u00e9nivel\u00e9<\/li>\n\n\n\n<li>Le Pic du Mas de la Grave : 3 020 m\u00e8tres d\u2019altitude, soit 1 250 m\u00e8tres de d\u00e9nivel\u00e9<\/li>\n\n\n\n<li>La T\u00eate de la Fr\u00e9ma : 3 151 m\u00e8tres d\u2019altitude, soit 1 250 m\u00e8tres de d\u00e9nivel\u00e9<\/li>\n<\/ul>\n\n\n\n<h3 class=\"wp-block-heading\">Quels sont les plus beaux villages des Alpes fran\u00e7aises ?&nbsp;<\/h3>\n\n\n\n<p>En plus de magnifiques paysages, la r\u00e9gion offre <a href=\"https:\/\/www.sixt.fr\/magazine\/voyages\/les-plus-beaux-villages-de-france\/\">de superbes villages<\/a> \u00e0 explorer lors de votre voyage. En voici une petite s\u00e9lection :&nbsp;<\/p>\n\n\n\n<ul class=\"wp-block-list\">\n<li>Le village de La Grave, dans le Massif de la Meije<\/li>\n\n\n\n<li>Saint-Gervais-les-Bains, juste \u00e0 c\u00f4t\u00e9 de Chamonix<\/li>\n\n\n\n<li>Le village de Saint-V\u00e9ran, le plus haut d\u2019Europe<\/li>\n\n\n\n<li>le village d\u2019\u00c9vian-les-bains, <a href=\"https:\/\/www.sixt.fr\/magazine\/voyages\/road-trip-autour-du-lac-leman\/\">au bord du lac L\u00e9man<\/a><\/li>\n\n\n\n<li>Brian\u00e7on, la plus haute ville de France<\/li>\n\n\n\n<li>Saint-Martin de V\u00e9subie, pr\u00e8s de Nice<\/li>\n<\/ul>\n\n\n\n<p style=\"text-align: center\"><a class=\"button\" href=\"https:\/\/www.sixt.fr\/location-voiture\/france\/\">Le d\u00e9part approche ? Je loue mon v\u00e9hicule avec SIXT !<\/a><\/p>\n\n\n\n<h2 class=\"wp-block-heading\">Envie de continuer votre voyage dans les montagnes ? \ud83d\udc47<\/h2>\n\n\n\n<ul class=\"wp-block-list\">\n<li><a href=\"https:\/\/www.sixt.fr\/magazine\/voyages\/road-trip-pyrenees\/\">Road Trip dans les Pyr\u00e9n\u00e9es, de l\u2019Atlantique \u00e0 la M\u00e9diterran\u00e9e<\/a><\/li>\n\n\n\n<li><a href=\"https:\/\/www.sixt.fr\/magazine\/voyages\/road-trip-canada\/\">Road trip au Canada en 2 semaines, le programme \u00e0 la carte<\/a><\/li>\n\n\n\n<li><a href=\"https:\/\/www.sixt.fr\/magazine\/voyages\/road-trip-vosges\/\">10 activit\u00e9s \u00e0 faire durant un road trip dans les Vosges<\/a><\/li>\n\n\n\n<li><a href=\"https:\/\/www.sixt.fr\/magazine\/guides-et-conseils\/week-end-pays-basque\/\">Un week-end dans le Pays Basque<\/a><\/li>\n\n\n\n<li><a href=\"https:\/\/www.sixt.fr\/magazine\/voyages\/road-trip-auvergne\/\">Un road trip en Auvergne<\/a><\/li>\n\n\n\n<li><a href=\"https:\/\/www.sixt.fr\/magazine\/week-end\/week-end-lourdes\/\">Un Week-end \u00e0 Lourdes<\/a><\/li>\n\n\n\n<li><a href=\"https:\/\/www.sixt.fr\/magazine\/voyages\/road-trip-france\/\">Road trip en France en 9 \u00e9tapes !<\/a><\/li>\n\n\n\n<li><a href=\"https:\/\/www.sixt.fr\/magazine\/guides-et-conseils\/randonnee-autour-de-toulouse\/\">Randonn\u00e9es autour de Toulouse, en route vers les sommets<\/a><\/li>\n<\/ul>\n<!-- AddThis Advanced Settings generic via filter on the_content --><!-- AddThis Share Buttons generic via filter on the_content -->","protected":false},"excerpt":{"rendered":"<p>Qu\u2019est-ce que la fondue savoyarde, des lacets, un kayak et des chaussures de rando ont en commun ? \ud83e\udd14 R\u00e9ponse : les Alpes !&nbsp; Des hauteurs du Mont Blanc \u00e0 la mer M\u00e9dit\u00e9rran\u00e9e, SIXT vous a concoct\u00e9 une petite escapade dans les Alpes fran\u00e7aises. Au d\u00e9part de Lyon, r\u00e9cup\u00e9rez votre van (ou voiture, mais le&#8230;<!-- AddThis Advanced Settings generic via filter on get_the_excerpt --><!-- AddThis Share Buttons generic via filter on get_the_excerpt --><\/p>\n","protected":false},"author":23,"featured_media":3058,"comment_status":"closed","ping_status":"open","sticky":false,"template":"","format":"standard","meta":{"_genesis_hide_title":false,"_genesis_hide_breadcrumbs":false,"_genesis_hide_singular_image":false,"_genesis_hide_footer_widgets":false,"_genesis_custom_body_class":"","_genesis_custom_post_class":"","_genesis_layout":"full-width-content","ngg_post_thumbnail":0,"footnotes":""},"categories":[28,3],"tags":[123,14],"class_list":{"0":"post-3055","1":"post","2":"type-post","3":"status-publish","4":"format-standard","5":"has-post-thumbnail","7":"category-sixtmoments","8":"category-voyages","9":"tag-alpes","10":"tag-road-trip","11":"entry"},"yoast_head":"<!-- This site is optimized with the Yoast SEO plugin v27.1.1 - https:\/\/yoast.com\/product\/yoast-seo-wordpress\/ -->\n<title>Road trip dans les Alpes : notre top 7 des lieux \u00e0 voir ! - SIXT<\/title>\n<meta name=\"description\" content=\"Envie d\u2019une escapade au sommet ? Direction les Alpes pour un road trip du Nord au Sud en 7 \u00e9tapes avec SIXT\" \/>\n<meta name=\"robots\" content=\"index, follow, max-snippet:-1, max-image-preview:large, max-video-preview:-1\" \/>\n<link rel=\"canonical\" href=\"https:\/\/www.sixt.fr\/magazine\/voyages\/road-trip-alpes\/\" \/>\n<meta property=\"og:locale\" content=\"fr_FR\" \/>\n<meta property=\"og:type\" content=\"article\" \/>\n<meta property=\"og:title\" content=\"Road trip dans les Alpes : notre top 7 des lieux \u00e0 voir ! - SIXT\" \/>\n<meta property=\"og:description\" content=\"Envie d\u2019une escapade au sommet ? Direction les Alpes pour un road trip du Nord au Sud en 7 \u00e9tapes avec SIXT\" \/>\n<meta property=\"og:url\" content=\"https:\/\/www.sixt.fr\/magazine\/voyages\/road-trip-alpes\/\" \/>\n<meta property=\"og:site_name\" content=\"Sixt Magazine\" \/>\n<meta property=\"article:published_time\" content=\"2023-12-04T09:28:00+00:00\" \/>\n<meta property=\"article:modified_time\" content=\"2024-01-11T13:28:38+00:00\" \/>\n<meta property=\"og:image\" content=\"https:\/\/www.sixt.fr\/magazine\/wp-content\/uploads\/\/sites\/3\/2018\/08\/le-lac-de-Carezza.jpg\" \/>\n\t<meta property=\"og:image:width\" content=\"1080\" \/>\n\t<meta property=\"og:image:height\" content=\"600\" \/>\n\t<meta property=\"og:image:type\" content=\"image\/jpeg\" \/>\n<meta name=\"author\" content=\"Martin\" \/>\n<meta name=\"twitter:card\" content=\"summary_large_image\" \/>\n<meta name=\"twitter:label1\" content=\"\u00c9crit par\" \/>\n\t<meta name=\"twitter:data1\" content=\"Martin\" \/>\n\t<meta name=\"twitter:label2\" content=\"Dur\u00e9e de lecture estim\u00e9e\" \/>\n\t<meta name=\"twitter:data2\" content=\"12 minutes\" \/>\n<!-- \/ Yoast SEO plugin. -->","yoast_head_json":{"title":"Road trip dans les Alpes : notre top 7 des lieux \u00e0 voir ! - SIXT","description":"Envie d\u2019une escapade au sommet ? Direction les Alpes pour un road trip du Nord au Sud en 7 \u00e9tapes avec SIXT","robots":{"index":"index","follow":"follow","max-snippet":"max-snippet:-1","max-image-preview":"max-image-preview:large","max-video-preview":"max-video-preview:-1"},"canonical":"https:\/\/www.sixt.fr\/magazine\/voyages\/road-trip-alpes\/","og_locale":"fr_FR","og_type":"article","og_title":"Road trip dans les Alpes : notre top 7 des lieux \u00e0 voir ! - SIXT","og_description":"Envie d\u2019une escapade au sommet ? Direction les Alpes pour un road trip du Nord au Sud en 7 \u00e9tapes avec SIXT","og_url":"https:\/\/www.sixt.fr\/magazine\/voyages\/road-trip-alpes\/","og_site_name":"Sixt Magazine","article_published_time":"2023-12-04T09:28:00+00:00","article_modified_time":"2024-01-11T13:28:38+00:00","og_image":[{"width":1080,"height":600,"url":"https:\/\/www.sixt.fr\/magazine\/wp-content\/uploads\/\/sites\/3\/2018\/08\/le-lac-de-Carezza.jpg","type":"image\/jpeg"}],"author":"Martin","twitter_card":"summary_large_image","twitter_misc":{"\u00c9crit par":"Martin","Dur\u00e9e de lecture estim\u00e9e":"12 minutes"},"schema":{"@context":"https:\/\/schema.org","@graph":[{"@type":"Article","@id":"https:\/\/www.sixt.fr\/magazine\/voyages\/road-trip-alpes\/#article","isPartOf":{"@id":"https:\/\/www.sixt.fr\/magazine\/voyages\/road-trip-alpes\/"},"author":{"name":"Martin","@id":"https:\/\/www.sixt.fr\/magazine\/#\/schema\/person\/7ab7ff1057e6a624cde3e74a9f39ce78"},"headline":"Road trip dans les Alpes : 7 lieux \u00e0 ne pas manquer ! \u26f0\ufe0f","datePublished":"2023-12-04T09:28:00+00:00","dateModified":"2024-01-11T13:28:38+00:00","mainEntityOfPage":{"@id":"https:\/\/www.sixt.fr\/magazine\/voyages\/road-trip-alpes\/"},"wordCount":2300,"image":{"@id":"https:\/\/www.sixt.fr\/magazine\/voyages\/road-trip-alpes\/#primaryimage"},"thumbnailUrl":"https:\/\/www.sixt.fr\/magazine\/wp-content\/uploads\/\/sites\/3\/2018\/08\/le-lac-de-Carezza.jpg","keywords":["Alpes","Road trip"],"articleSection":["SixtMoments","Voyages"],"inLanguage":"fr-FR"},{"@type":"WebPage","@id":"https:\/\/www.sixt.fr\/magazine\/voyages\/road-trip-alpes\/","url":"https:\/\/www.sixt.fr\/magazine\/voyages\/road-trip-alpes\/","name":"Road trip dans les Alpes : notre top 7 des lieux \u00e0 voir ! - SIXT","isPartOf":{"@id":"https:\/\/www.sixt.fr\/magazine\/#website"},"primaryImageOfPage":{"@id":"https:\/\/www.sixt.fr\/magazine\/voyages\/road-trip-alpes\/#primaryimage"},"image":{"@id":"https:\/\/www.sixt.fr\/magazine\/voyages\/road-trip-alpes\/#primaryimage"},"thumbnailUrl":"https:\/\/www.sixt.fr\/magazine\/wp-content\/uploads\/\/sites\/3\/2018\/08\/le-lac-de-Carezza.jpg","datePublished":"2023-12-04T09:28:00+00:00","dateModified":"2024-01-11T13:28:38+00:00","author":{"@id":"https:\/\/www.sixt.fr\/magazine\/#\/schema\/person\/7ab7ff1057e6a624cde3e74a9f39ce78"},"description":"Envie d\u2019une escapade au sommet ? Direction les Alpes pour un road trip du Nord au Sud en 7 \u00e9tapes avec SIXT","inLanguage":"fr-FR","potentialAction":[{"@type":"ReadAction","target":["https:\/\/www.sixt.fr\/magazine\/voyages\/road-trip-alpes\/"]}]},{"@type":"ImageObject","inLanguage":"fr-FR","@id":"https:\/\/www.sixt.fr\/magazine\/voyages\/road-trip-alpes\/#primaryimage","url":"https:\/\/www.sixt.fr\/magazine\/wp-content\/uploads\/\/sites\/3\/2018\/08\/le-lac-de-Carezza.jpg","contentUrl":"https:\/\/www.sixt.fr\/magazine\/wp-content\/uploads\/\/sites\/3\/2018\/08\/le-lac-de-Carezza.jpg","width":1080,"height":600,"caption":"le lac de Carezza"},{"@type":"WebSite","@id":"https:\/\/www.sixt.fr\/magazine\/#website","url":"https:\/\/www.sixt.fr\/magazine\/","name":"SIXT Magazine","description":"Nos conseils voyages et actualit\u00e9s","potentialAction":[{"@type":"SearchAction","target":{"@type":"EntryPoint","urlTemplate":"https:\/\/www.sixt.fr\/magazine\/?s={search_term_string}"},"query-input":{"@type":"PropertyValueSpecification","valueRequired":true,"valueName":"search_term_string"}}],"inLanguage":"fr-FR"},{"@type":"Person","@id":"https:\/\/www.sixt.fr\/magazine\/#\/schema\/person\/7ab7ff1057e6a624cde3e74a9f39ce78","name":"Martin","image":{"@type":"ImageObject","inLanguage":"fr-FR","@id":"https:\/\/www.sixt.fr\/magazine\/#\/schema\/person\/image\/","url":"https:\/\/secure.gravatar.com\/avatar\/64b254e02b1438299783d578213ea1a5e5a318cb8916b0fd778afc99f217d30c?s=96&d=mm&r=g","contentUrl":"https:\/\/secure.gravatar.com\/avatar\/64b254e02b1438299783d578213ea1a5e5a318cb8916b0fd778afc99f217d30c?s=96&d=mm&r=g","caption":"Martin"},"url":"https:\/\/www.sixt.fr\/magazine\/author\/marting\/"}]}},"_links":{"self":[{"href":"https:\/\/www.sixt.fr\/magazine\/wp-json\/wp\/v2\/posts\/3055","targetHints":{"allow":["GET"]}}],"collection":[{"href":"https:\/\/www.sixt.fr\/magazine\/wp-json\/wp\/v2\/posts"}],"about":[{"href":"https:\/\/www.sixt.fr\/magazine\/wp-json\/wp\/v2\/types\/post"}],"author":[{"embeddable":true,"href":"https:\/\/www.sixt.fr\/magazine\/wp-json\/wp\/v2\/users\/23"}],"replies":[{"embeddable":true,"href":"https:\/\/www.sixt.fr\/magazine\/wp-json\/wp\/v2\/comments?post=3055"}],"version-history":[{"count":0,"href":"https:\/\/www.sixt.fr\/magazine\/wp-json\/wp\/v2\/posts\/3055\/revisions"}],"wp:featuredmedia":[{"embeddable":true,"href":"https:\/\/www.sixt.fr\/magazine\/wp-json\/wp\/v2\/media\/3058"}],"wp:attachment":[{"href":"https:\/\/www.sixt.fr\/magazine\/wp-json\/wp\/v2\/media?parent=3055"}],"wp:term":[{"taxonomy":"category","embeddable":true,"href":"https:\/\/www.sixt.fr\/magazine\/wp-json\/wp\/v2\/categories?post=3055"},{"taxonomy":"post_tag","embeddable":true,"href":"https:\/\/www.sixt.fr\/magazine\/wp-json\/wp\/v2\/tags?post=3055"}],"curies":[{"name":"wp","href":"https:\/\/api.w.org\/{rel}","templated":true}]}}