{"id":23086,"date":"2025-03-20T11:02:56","date_gmt":"2025-03-20T11:02:56","guid":{"rendered":"https:\/\/www.sixt.fr\/magazine\/?p=23086"},"modified":"2025-03-31T13:57:01","modified_gmt":"2025-03-31T13:57:01","slug":"location-scooter-electrique-pays-bas-belgique","status":"publish","type":"post","link":"https:\/\/www.sixt.fr\/magazine\/actualites\/location-scooter-electrique-pays-bas-belgique\/","title":{"rendered":"Louez un scooter \u00e9lectrique \ud83d\udef5 aux Pays-Bas et en Belgique avec l&rsquo;app SIXT\u00a0!"},"content":{"rendered":"\n<p>Vous r\u00eavez de d\u00e9couvrir les charmantes rues d\u2019<strong>Amsterdam<\/strong> ou de <strong>Bruxelles <\/strong>avec style, sans effort et en mode z\u00e9ro \u00e9mission \ud83d\ude0e ? Bonne nouvelle ! SIXT, toujours \u00e0 la pointe de l\u2019innovation, vous offre d\u00e9sormais la possibilit\u00e9 de <strong>louer un scooter \u00e9lectrique felyx<\/strong> directement depuis l\u2019<strong>app SIXT<\/strong>.<\/p>\n\n\n\n<p>Ce nouveau service est accessible dans de nombreuses villes des <strong>Pays-Bas<\/strong>, comme <strong>Rotterdam<\/strong>, La Haye, ou encore <strong>Eindhoven<\/strong>&#8230; Ainsi qu\u2019\u00e0 <strong>Bruxelles <\/strong>et <strong>Anvers <\/strong>en <strong>Belgique<\/strong>. Vos besoins de mobilit\u00e9 pour votre prochaine escapade urbaine dans le Benelux pourront ainsi conjuguer rapidit\u00e9, simplicit\u00e9 et respect de l\u2019environnement !<\/p>\n\n\n\n<p style=\"text-align: center\"><a class=\"button\" href=\"https:\/\/www.sixt.fr\/share\/scooter-electrique\/\">Louer un scooter \u00e9lectrique avec SIXT<\/a><\/p>\n\n\n\n<h2 class=\"wp-block-heading\">Felyx via SIXT : qu\u2019est-ce que c\u2019est ?<\/h2>\n\n\n\n<p><strong>felyx<\/strong>, c\u2019est la libert\u00e9 \u00e0 deux roues, sans tracas. Gr\u00e2ce \u00e0 son r\u00e9seau de <strong>scooters \u00e9lectriques partag\u00e9s<\/strong>, vous pouvez vous d\u00e9placer facilement et en toute flexibilit\u00e9 dans toutes ces villes hollandaises :<\/p>\n\n\n\n<ul class=\"wp-block-list\">\n<li>Arnhem<\/li>\n\n\n\n<li>Bloemendaal<\/li>\n\n\n\n<li>Breda<\/li>\n\n\n\n<li>Delft<\/li>\n\n\n\n<li>Den Bosch<\/li>\n\n\n\n<li>Den Haag<\/li>\n\n\n\n<li>Diemen<\/li>\n\n\n\n<li>Eindhoven<\/li>\n\n\n\n<li>Enschede<\/li>\n\n\n\n<li>Groningue<\/li>\n\n\n\n<li>Haarlem<\/li>\n\n\n\n<li>Hilversum<\/li>\n\n\n\n<li>Hoofddorp<\/li>\n\n\n\n<li>Nim\u00e8gue<\/li>\n\n\n\n<li>Rotterdam<\/li>\n\n\n\n<li>Schiedam<\/li>\n\n\n\n<li>Tilburg<\/li>\n\n\n\n<li>Wassenaar<\/li>\n\n\n\n<li>Zandvoort<\/li>\n\n\n\n<li>Zwanenburg<\/li>\n\n\n\n<li>Zwolle<\/li>\n<\/ul>\n\n\n\n<p>Ainsi qu&rsquo;\u00e0 Anvers et Bruxelles en Belgique \ud83d\udc4c. Voici comment r\u00e9server avec l\u2019<a href=\"https:\/\/www.sixt.fr\/app\/\">app SIXT<\/a>, cela prend un instant :<\/p>\n\n\n\n<ol class=\"wp-block-list\">\n<li>Ouvrez l\u2019app SIXT, s\u00e9lectionnez l\u2019option \u00ab\u00a0<a href=\"https:\/\/www.sixt.com\/share\/france\/\">SIXT share<\/a>\u00a0\u00bb<\/li>\n\n\n\n<li>Localisez un <strong>scooter felyx<\/strong> \u00e0 proximit\u00e9 et r\u00e9servez-le<\/li>\n\n\n\n<li>D\u00e9verrouillez-le via l\u2019App<\/li>\n\n\n\n<li>Prenez le <strong>casque <\/strong>dans le coffre <\/li>\n\n\n\n<li>Appuyez sur le bouton vert pour le faire d\u00e9marrer \ud83d\udfe9<\/li>\n\n\n\n<li>C\u2019est parti !<\/li>\n\n\n\n<li>Garez sans souci : plus besoin de votre scooter \u00e9lectrique de location ? Garez-le scooter dans la zone autoris\u00e9e, mettez fin \u00e0 votre trajet via l\u2019app, et le tour est jou\u00e9\u00a0!<\/li>\n<\/ol>\n\n\n\n<p>L\u2019avantage ? Ces <strong>scooters \u00e9lectriques en libre partage<\/strong> peuvent \u00eatre r\u00e9serv\u00e9s \u00e0 tout moment, sans pr\u00e9avis. Ils sont toujours pr\u00eats \u00e0 l\u2019emploi, charg\u00e9s \ud83d\udd0b et parfaitement entretenus. C\u2019est une solution parfaite pour les d\u00e9placements urbains dans les villes du Benelux. En compl\u00e9ment d\u2019une voiture de location ou apr\u00e8s votre arriv\u00e9e en train \u00e0 Amsterdam, Bruxelles ou Eindhoven\u00a0!<\/p>\n\n\n\n<figure class=\"wp-block-image size-large\"><img decoding=\"async\" width=\"1024\" height=\"341\" data-src=\"https:\/\/www.sixt.fr\/magazine\/wp-content\/uploads\/\/sites\/3\/2025\/03\/location-scooter-electrique-belgique-pays-bas-1024x341.png\" alt=\"SIXT et felyx : location de scooter \u00e9lectrique Belgique Pays-bas\" class=\"wp-image-23087 lazyload\" data-srcset=\"https:\/\/www.sixt.fr\/magazine\/wp-content\/uploads\/\/sites\/3\/2025\/03\/location-scooter-electrique-belgique-pays-bas-1024x341.png 1024w, https:\/\/www.sixt.fr\/magazine\/wp-content\/uploads\/\/sites\/3\/2025\/03\/location-scooter-electrique-belgique-pays-bas-300x100.png 300w, https:\/\/www.sixt.fr\/magazine\/wp-content\/uploads\/\/sites\/3\/2025\/03\/location-scooter-electrique-belgique-pays-bas-768x256.png 768w, https:\/\/www.sixt.fr\/magazine\/wp-content\/uploads\/\/sites\/3\/2025\/03\/location-scooter-electrique-belgique-pays-bas.png 1200w\" data-sizes=\"(max-width: 1024px) 100vw, 1024px\" src=\"data:image\/svg+xml;base64,PHN2ZyB3aWR0aD0iMSIgaGVpZ2h0PSIxIiB4bWxucz0iaHR0cDovL3d3dy53My5vcmcvMjAwMC9zdmciPjwvc3ZnPg==\" style=\"--smush-placeholder-width: 1024px; --smush-placeholder-aspect-ratio: 1024\/341;\" \/><\/figure>\n\n\n\n<p>Si vous avez d\u00e9j\u00e0 essay\u00e9 la <a href=\"https:\/\/www.sixt.fr\/share\/scooter-electrique\/\">location de scooter \u00e9lectrique \u00e0 Paris<\/a> avec SIXT (via Cooltra), vous connaissez d\u00e9j\u00e0 le syst\u00e8me\u00a0!<\/p>\n\n\n\n<h3 class=\"wp-block-heading\">SIXT et la mobilit\u00e9 verte : une vision d\u2019avenir<\/h3>\n\n\n\n<p>Chez <strong>SIXT<\/strong>, nous savons que l\u2019avenir de la mobilit\u00e9 repose sur des solutions plus durables et respectueuses de l\u2019environnement \u267b\ufe0f. Cette <strong>collaboration avec felyx<\/strong> s\u2019inscrit dans notre engagement \u00e0 transformer nos habitudes de mobilit\u00e9. Avec les scooters \u00e9lectriques felyx , vous pouvez louer un moyen de transport z\u00e9ro \u00e9mission, parfaitement adapt\u00e9 \u00e0 une <strong>visite touristique<\/strong>.<\/p>\n\n\n\n<p>L\u2019app SIXT est votre v\u00e9ritable <strong>couteau suisse de la mobilit\u00e9<\/strong> \u00e0 travers le monde \ud83c\udf0d. Location de voiture au mois, service chauffeur, <a href=\"https:\/\/www.sixt.fr\/share\/trottinette-electrique\/\">partage de trottinette \u00e9lectrique<\/a>, location de v\u00e9los ou de scooters \u00e9lectriques&#8230; Et si vous avez besoin d\u2019un v\u00e9hicule pour des trajets plus longs ? Pas de probl\u00e8me ! L\u2019app SIXT propose \u00e9galement des <a href=\"https:\/\/www.sixt.fr\/location-voiture-electrique\/\">voitures \u00e9lectriques en location<\/a>, id\u00e9ales pour compl\u00e9ter vos d\u00e9placements. Que ce soit un scooter pour une balade rapide en centre-ville ou une voiture \u00e9lectrique pour un road-trip, SIXT a toujours la solution\u00a0!<\/p>\n\n\n\n<figure class=\"wp-block-image size-large\"><img decoding=\"async\" width=\"1024\" height=\"135\" data-src=\"https:\/\/www.sixt.fr\/magazine\/wp-content\/uploads\/\/sites\/3\/2022\/11\/moto-scooter-electrique-alternative-a-la-voiture-1024x135.jpg\" alt=\"moto scooter alternative \u00e0 la voiture\" class=\"wp-image-19894 lazyload\" data-srcset=\"https:\/\/www.sixt.fr\/magazine\/wp-content\/uploads\/\/sites\/3\/2022\/11\/moto-scooter-electrique-alternative-a-la-voiture-1024x135.jpg 1024w, https:\/\/www.sixt.fr\/magazine\/wp-content\/uploads\/\/sites\/3\/2022\/11\/moto-scooter-electrique-alternative-a-la-voiture-300x40.jpg 300w, https:\/\/www.sixt.fr\/magazine\/wp-content\/uploads\/\/sites\/3\/2022\/11\/moto-scooter-electrique-alternative-a-la-voiture-768x102.jpg 768w, https:\/\/www.sixt.fr\/magazine\/wp-content\/uploads\/\/sites\/3\/2022\/11\/moto-scooter-electrique-alternative-a-la-voiture.jpg 1150w\" data-sizes=\"(max-width: 1024px) 100vw, 1024px\" src=\"data:image\/svg+xml;base64,PHN2ZyB3aWR0aD0iMSIgaGVpZ2h0PSIxIiB4bWxucz0iaHR0cDovL3d3dy53My5vcmcvMjAwMC9zdmciPjwvc3ZnPg==\" style=\"--smush-placeholder-width: 1024px; --smush-placeholder-aspect-ratio: 1024\/135;\" \/><\/figure>\n<!-- AddThis Advanced Settings generic via filter on the_content --><!-- AddThis Share Buttons generic via filter on the_content -->","protected":false},"excerpt":{"rendered":"<p>Vous r\u00eavez de d\u00e9couvrir les charmantes rues d\u2019Amsterdam ou de Bruxelles avec style, sans effort et en mode z\u00e9ro \u00e9mission \ud83d\ude0e ? Bonne nouvelle ! SIXT, toujours \u00e0 la pointe de l\u2019innovation, vous offre d\u00e9sormais la possibilit\u00e9 de louer un scooter \u00e9lectrique felyx directement depuis l\u2019app SIXT. Ce nouveau service est accessible dans de nombreuses&#8230;<!-- AddThis Advanced Settings generic via filter on get_the_excerpt --><!-- AddThis Share Buttons generic via filter on get_the_excerpt --><\/p>\n","protected":false},"author":23,"featured_media":23087,"comment_status":"closed","ping_status":"open","sticky":false,"template":"","format":"standard","meta":{"_genesis_hide_title":false,"_genesis_hide_breadcrumbs":false,"_genesis_hide_singular_image":false,"_genesis_hide_footer_widgets":false,"_genesis_custom_body_class":"","_genesis_custom_post_class":"","_genesis_layout":"","ngg_post_thumbnail":0,"footnotes":""},"categories":[1],"tags":[207,212],"class_list":{"0":"post-23086","1":"post","2":"type-post","3":"status-publish","4":"format-standard","5":"has-post-thumbnail","7":"category-actualites","8":"tag-application-mobile","9":"tag-sixt-share","10":"entry"},"yoast_head":"<!-- This site is optimized with the Yoast SEO plugin v27.1.1 - https:\/\/yoast.com\/product\/yoast-seo-wordpress\/ -->\n<title>SIXT et felyx : location de scooter \u00e9lectrique Pays-Bas et Belgique<\/title>\n<meta name=\"description\" content=\"Vous pouvez d\u00e9sormais louer un scooter \u00e9lectrique aux Pays-Bas et Belgique, \u00e0 la demande, avec l&#039;app SIXT et nos v\u00e9hicules partag\u00e9s !\" \/>\n<meta name=\"robots\" content=\"index, follow, max-snippet:-1, max-image-preview:large, max-video-preview:-1\" \/>\n<link rel=\"canonical\" href=\"https:\/\/www.sixt.fr\/magazine\/actualites\/location-scooter-electrique-pays-bas-belgique\/\" \/>\n<meta property=\"og:locale\" content=\"fr_FR\" \/>\n<meta property=\"og:type\" content=\"article\" \/>\n<meta property=\"og:title\" content=\"SIXT et felyx : location de scooter \u00e9lectrique Pays-Bas et Belgique\" \/>\n<meta property=\"og:description\" content=\"Vous pouvez d\u00e9sormais louer un scooter \u00e9lectrique aux Pays-Bas et Belgique, \u00e0 la demande, avec l&#039;app SIXT et nos v\u00e9hicules partag\u00e9s !\" \/>\n<meta property=\"og:url\" content=\"https:\/\/www.sixt.fr\/magazine\/actualites\/location-scooter-electrique-pays-bas-belgique\/\" \/>\n<meta property=\"og:site_name\" content=\"Sixt Magazine\" \/>\n<meta property=\"article:published_time\" content=\"2025-03-20T11:02:56+00:00\" \/>\n<meta property=\"article:modified_time\" content=\"2025-03-31T13:57:01+00:00\" \/>\n<meta property=\"og:image\" content=\"https:\/\/www.sixt.fr\/magazine\/wp-content\/uploads\/\/sites\/3\/2025\/03\/location-scooter-electrique-belgique-pays-bas.png\" \/>\n\t<meta property=\"og:image:width\" content=\"1200\" \/>\n\t<meta property=\"og:image:height\" content=\"400\" \/>\n\t<meta property=\"og:image:type\" content=\"image\/png\" \/>\n<meta name=\"author\" content=\"Martin\" \/>\n<meta name=\"twitter:card\" content=\"summary_large_image\" \/>\n<meta name=\"twitter:label1\" content=\"\u00c9crit par\" \/>\n\t<meta name=\"twitter:data1\" content=\"Martin\" \/>\n\t<meta name=\"twitter:label2\" content=\"Dur\u00e9e de lecture estim\u00e9e\" \/>\n\t<meta name=\"twitter:data2\" content=\"3 minutes\" \/>\n<!-- \/ Yoast SEO plugin. -->","yoast_head_json":{"title":"SIXT et felyx : location de scooter \u00e9lectrique Pays-Bas et Belgique","description":"Vous pouvez d\u00e9sormais louer un scooter \u00e9lectrique aux Pays-Bas et Belgique, \u00e0 la demande, avec l'app SIXT et nos v\u00e9hicules partag\u00e9s !","robots":{"index":"index","follow":"follow","max-snippet":"max-snippet:-1","max-image-preview":"max-image-preview:large","max-video-preview":"max-video-preview:-1"},"canonical":"https:\/\/www.sixt.fr\/magazine\/actualites\/location-scooter-electrique-pays-bas-belgique\/","og_locale":"fr_FR","og_type":"article","og_title":"SIXT et felyx : location de scooter \u00e9lectrique Pays-Bas et Belgique","og_description":"Vous pouvez d\u00e9sormais louer un scooter \u00e9lectrique aux Pays-Bas et Belgique, \u00e0 la demande, avec l'app SIXT et nos v\u00e9hicules partag\u00e9s !","og_url":"https:\/\/www.sixt.fr\/magazine\/actualites\/location-scooter-electrique-pays-bas-belgique\/","og_site_name":"Sixt Magazine","article_published_time":"2025-03-20T11:02:56+00:00","article_modified_time":"2025-03-31T13:57:01+00:00","og_image":[{"width":1200,"height":400,"url":"https:\/\/www.sixt.fr\/magazine\/wp-content\/uploads\/\/sites\/3\/2025\/03\/location-scooter-electrique-belgique-pays-bas.png","type":"image\/png"}],"author":"Martin","twitter_card":"summary_large_image","twitter_misc":{"\u00c9crit par":"Martin","Dur\u00e9e de lecture estim\u00e9e":"3 minutes"},"schema":{"@context":"https:\/\/schema.org","@graph":[{"@type":"Article","@id":"https:\/\/www.sixt.fr\/magazine\/actualites\/location-scooter-electrique-pays-bas-belgique\/#article","isPartOf":{"@id":"https:\/\/www.sixt.fr\/magazine\/actualites\/location-scooter-electrique-pays-bas-belgique\/"},"author":{"name":"Martin","@id":"https:\/\/www.sixt.fr\/magazine\/#\/schema\/person\/7ab7ff1057e6a624cde3e74a9f39ce78"},"headline":"Louez un scooter \u00e9lectrique \ud83d\udef5 aux Pays-Bas et en Belgique avec l&rsquo;app SIXT\u00a0!","datePublished":"2025-03-20T11:02:56+00:00","dateModified":"2025-03-31T13:57:01+00:00","mainEntityOfPage":{"@id":"https:\/\/www.sixt.fr\/magazine\/actualites\/location-scooter-electrique-pays-bas-belgique\/"},"wordCount":518,"image":{"@id":"https:\/\/www.sixt.fr\/magazine\/actualites\/location-scooter-electrique-pays-bas-belgique\/#primaryimage"},"thumbnailUrl":"https:\/\/www.sixt.fr\/magazine\/wp-content\/uploads\/\/sites\/3\/2025\/03\/location-scooter-electrique-belgique-pays-bas.png","keywords":["application mobile","sixt share"],"articleSection":["Actualit\u00e9s"],"inLanguage":"fr-FR"},{"@type":"WebPage","@id":"https:\/\/www.sixt.fr\/magazine\/actualites\/location-scooter-electrique-pays-bas-belgique\/","url":"https:\/\/www.sixt.fr\/magazine\/actualites\/location-scooter-electrique-pays-bas-belgique\/","name":"SIXT et felyx : location de scooter \u00e9lectrique Pays-Bas et Belgique","isPartOf":{"@id":"https:\/\/www.sixt.fr\/magazine\/#website"},"primaryImageOfPage":{"@id":"https:\/\/www.sixt.fr\/magazine\/actualites\/location-scooter-electrique-pays-bas-belgique\/#primaryimage"},"image":{"@id":"https:\/\/www.sixt.fr\/magazine\/actualites\/location-scooter-electrique-pays-bas-belgique\/#primaryimage"},"thumbnailUrl":"https:\/\/www.sixt.fr\/magazine\/wp-content\/uploads\/\/sites\/3\/2025\/03\/location-scooter-electrique-belgique-pays-bas.png","datePublished":"2025-03-20T11:02:56+00:00","dateModified":"2025-03-31T13:57:01+00:00","author":{"@id":"https:\/\/www.sixt.fr\/magazine\/#\/schema\/person\/7ab7ff1057e6a624cde3e74a9f39ce78"},"description":"Vous pouvez d\u00e9sormais louer un scooter \u00e9lectrique aux Pays-Bas et Belgique, \u00e0 la demande, avec l'app SIXT et nos v\u00e9hicules partag\u00e9s !","inLanguage":"fr-FR","potentialAction":[{"@type":"ReadAction","target":["https:\/\/www.sixt.fr\/magazine\/actualites\/location-scooter-electrique-pays-bas-belgique\/"]}]},{"@type":"ImageObject","inLanguage":"fr-FR","@id":"https:\/\/www.sixt.fr\/magazine\/actualites\/location-scooter-electrique-pays-bas-belgique\/#primaryimage","url":"https:\/\/www.sixt.fr\/magazine\/wp-content\/uploads\/\/sites\/3\/2025\/03\/location-scooter-electrique-belgique-pays-bas.png","contentUrl":"https:\/\/www.sixt.fr\/magazine\/wp-content\/uploads\/\/sites\/3\/2025\/03\/location-scooter-electrique-belgique-pays-bas.png","width":1200,"height":400,"caption":"SIXT et felyx : location de scooter \u00e9lectrique Belgique Pays-bas"},{"@type":"WebSite","@id":"https:\/\/www.sixt.fr\/magazine\/#website","url":"https:\/\/www.sixt.fr\/magazine\/","name":"SIXT Magazine","description":"Nos conseils voyages et actualit\u00e9s","potentialAction":[{"@type":"SearchAction","target":{"@type":"EntryPoint","urlTemplate":"https:\/\/www.sixt.fr\/magazine\/?s={search_term_string}"},"query-input":{"@type":"PropertyValueSpecification","valueRequired":true,"valueName":"search_term_string"}}],"inLanguage":"fr-FR"},{"@type":"Person","@id":"https:\/\/www.sixt.fr\/magazine\/#\/schema\/person\/7ab7ff1057e6a624cde3e74a9f39ce78","name":"Martin","image":{"@type":"ImageObject","inLanguage":"fr-FR","@id":"https:\/\/www.sixt.fr\/magazine\/#\/schema\/person\/image\/","url":"https:\/\/secure.gravatar.com\/avatar\/64b254e02b1438299783d578213ea1a5e5a318cb8916b0fd778afc99f217d30c?s=96&d=mm&r=g","contentUrl":"https:\/\/secure.gravatar.com\/avatar\/64b254e02b1438299783d578213ea1a5e5a318cb8916b0fd778afc99f217d30c?s=96&d=mm&r=g","caption":"Martin"},"url":"https:\/\/www.sixt.fr\/magazine\/author\/marting\/"}]}},"_links":{"self":[{"href":"https:\/\/www.sixt.fr\/magazine\/wp-json\/wp\/v2\/posts\/23086","targetHints":{"allow":["GET"]}}],"collection":[{"href":"https:\/\/www.sixt.fr\/magazine\/wp-json\/wp\/v2\/posts"}],"about":[{"href":"https:\/\/www.sixt.fr\/magazine\/wp-json\/wp\/v2\/types\/post"}],"author":[{"embeddable":true,"href":"https:\/\/www.sixt.fr\/magazine\/wp-json\/wp\/v2\/users\/23"}],"replies":[{"embeddable":true,"href":"https:\/\/www.sixt.fr\/magazine\/wp-json\/wp\/v2\/comments?post=23086"}],"version-history":[{"count":0,"href":"https:\/\/www.sixt.fr\/magazine\/wp-json\/wp\/v2\/posts\/23086\/revisions"}],"wp:featuredmedia":[{"embeddable":true,"href":"https:\/\/www.sixt.fr\/magazine\/wp-json\/wp\/v2\/media\/23087"}],"wp:attachment":[{"href":"https:\/\/www.sixt.fr\/magazine\/wp-json\/wp\/v2\/media?parent=23086"}],"wp:term":[{"taxonomy":"category","embeddable":true,"href":"https:\/\/www.sixt.fr\/magazine\/wp-json\/wp\/v2\/categories?post=23086"},{"taxonomy":"post_tag","embeddable":true,"href":"https:\/\/www.sixt.fr\/magazine\/wp-json\/wp\/v2\/tags?post=23086"}],"curies":[{"name":"wp","href":"https:\/\/api.w.org\/{rel}","templated":true}]}}