{"id":22189,"date":"2024-01-09T12:20:06","date_gmt":"2024-01-09T12:20:06","guid":{"rendered":"https:\/\/www.sixt.fr\/magazine\/?p=22189"},"modified":"2025-03-31T13:59:13","modified_gmt":"2025-03-31T13:59:13","slug":"meilleure-voiture-electrique","status":"publish","type":"post","link":"https:\/\/www.sixt.fr\/magazine\/flotte\/meilleure-voiture-electrique\/","title":{"rendered":"Top 10 \ud83c\udfc6 de la meilleure voiture \u00e9lectrique \u26a1"},"content":{"rendered":"\n<p>Vous avez d\u00e9cid\u00e9 d\u2019abandonner votre voiture thermique&nbsp;? Alors notre classement des <strong>meilleures voitures \u00e9lectriques de 2025<\/strong> \ud83d\udd0b devrait vous venir en aide. Citadine pas ch\u00e8re, berline au bon rapport autonomie\/prix, SUV \u00e9lectrique, voiture de luxe\u2026 Nous avons s\u00e9lectionn\u00e9 pour vous les <strong>v\u00e9hicules \u00e9lectriques les plus in<\/strong> du moment.<\/p>\n\n\n\n<p>Cependant, nous allons rapidement commencer avec le sujet tr\u00e8s sensible du <strong>bonus \u00e9cologique 2025<\/strong>. C\u2019est n\u00e9cessaire, car il bouleverse (une fois de plus) les r\u00e8gles du jeu. Votre \u00e9ligibilit\u00e9 \u00e0 un ch\u00e8que \ud83e\udef0 pouvant aller de 2.000 \u00e0 4.000 \u20ac risque bien entendu de peser lourd dans la balance du choix&nbsp;! Et si vous ne souhaitez pas mobiliser des sommes d\u2019argent importantes, il y a toujours la <a href=\"https:\/\/www.sixt.fr\/plus\/location-longue-duree-sans-apport\/\">LLD sans apport<\/a> SIXT+ pour rouler avec un v\u00e9hicule propre flambant neuf \ud83d\udc4d&nbsp;! Sans oublier les offres de <a href=\"https:\/\/www.sixt.fr\/location-voiture-electrique\/\">location de voiture \u00e9lectrique<\/a> de SIXT.<\/p>\n\n\n\n<p style=\"text-align: center\"><a class=\"button\" href=\"https:\/\/www.sixt.fr\/location-voiture-electrique\/\">Location d&rsquo;une voiture \u00e9lectrique avec SIXT<\/a><\/p>\n\n\n<div class=\"wp-block-image\">\n<figure class=\"aligncenter size-large\"><img decoding=\"async\" width=\"1024\" height=\"682\" data-src=\"https:\/\/www.sixt.fr\/magazine\/wp-content\/uploads\/\/sites\/3\/2023\/12\/volkswagen-id3-avant-1024x682.jpg\" alt=\"Volkswagen ID3\" class=\"wp-image-22064 lazyload\" data-srcset=\"https:\/\/www.sixt.fr\/magazine\/wp-content\/uploads\/\/sites\/3\/2023\/12\/volkswagen-id3-avant-1024x682.jpg 1024w, https:\/\/www.sixt.fr\/magazine\/wp-content\/uploads\/\/sites\/3\/2023\/12\/volkswagen-id3-avant-300x200.jpg 300w, https:\/\/www.sixt.fr\/magazine\/wp-content\/uploads\/\/sites\/3\/2023\/12\/volkswagen-id3-avant-768x512.jpg 768w, https:\/\/www.sixt.fr\/magazine\/wp-content\/uploads\/\/sites\/3\/2023\/12\/volkswagen-id3-avant-1536x1023.jpg 1536w, https:\/\/www.sixt.fr\/magazine\/wp-content\/uploads\/\/sites\/3\/2023\/12\/volkswagen-id3-avant.jpg 1795w\" data-sizes=\"(max-width: 1024px) 100vw, 1024px\" src=\"data:image\/svg+xml;base64,PHN2ZyB3aWR0aD0iMSIgaGVpZ2h0PSIxIiB4bWxucz0iaHR0cDovL3d3dy53My5vcmcvMjAwMC9zdmciPjwvc3ZnPg==\" style=\"--smush-placeholder-width: 1024px; --smush-placeholder-aspect-ratio: 1024\/682;\" \/><figcaption class=\"wp-element-caption\"><em>Volkswagen ID.3<\/em><\/figcaption><\/figure><\/div>\n\n\n<p><strong>Sommaire<\/strong><\/p>\n\n\n\n<ol class=\"wp-block-list\">\n<li><a href=\"#bonus-ecologique-2024\">Le bonus \u00e9cologique 2025<\/a><\/li>\n\n\n\n<li><a href=\"#volkswagen-id3\">Le classement des meilleures voitures \u00e9lectriques :<\/a>\n<ol class=\"wp-block-list\">\n<li><a href=\"#volkswagen-id3\">Volkswagen ID.3<\/a><\/li>\n\n\n\n<li><a href=\"#tesla-model-3\">Tesla Model 3<\/a><\/li>\n\n\n\n<li><a href=\"#hyundai-ioniq-5\">Hyundai Ioniq 5<\/a><\/li>\n\n\n\n<li><a href=\"#r5\">Renault 5 \u00e9lectrique 2025<\/a><\/li>\n\n\n\n<li><a href=\"#peugeot-e-208-electrique\">Peugeot E-208<\/a><\/li>\n\n\n\n<li><a href=\"#dacia-spring\">Dacia Spring<\/a><\/li>\n\n\n\n<li><a href=\"#mercedes-eqs\">Mercedes EQS<\/a><\/li>\n\n\n\n<li><a href=\"#volkswagen-id.4\">Volkswagen ID.4<\/a><\/li>\n\n\n\n<li><a href=\"#fiat-500-electrique\">Fiat 500 \u00e9lectrique<\/a><\/li>\n\n\n\n<li><a href=\"#mg4\">MG4<\/a><\/li>\n<\/ol>\n<\/li>\n\n\n\n<li><a href=\"#louer-meilleure-voiture-electrique\">Louer les meilleures voitures \u00e9lectriques chez SIXT<\/a><\/li>\n\n\n\n<li><a href=\"#faq\">FAQ<\/a><\/li>\n<\/ol>\n\n\n\n<h2 class=\"wp-block-heading\" id=\"bonus-ecologique-2024\">Bonus \u00e9cologique 2025&nbsp;: les changements de l\u2019aide \u00e0 l\u2019achat d\u2019une voiture \u00e9lectrique \ud83d\udcb6<\/h2>\n\n\n\n<p>Nous avons une bonne et une mauvaise nouvelle \u00e0 ce propos. La bonne est qu&rsquo;en 2025, il est encore possible de b\u00e9n\u00e9ficier d\u2019un <strong>bonus \u00e9cologique<\/strong> \u00e0 l\u2019achat d\u2019une voiture \u00e9lectrique. <\/p>\n\n\n\n<p>La mauvaise, c&rsquo;est que les montants on \u00e9t\u00e9 fortement rabot\u00e9. De moiti\u00e9 environ, m\u00eame si cela d\u00e9pend de votre tranche de revenus. De plus, la <strong>prime \u00e0 la conversion est totalement supprim\u00e9e<\/strong>. Obtenir 10.000 EUR d&rsquo;avantages \u00e0 l&rsquo;achat d&rsquo;une voiture \u00e9lectrique avec cumul bonus\/prime \u00e0 la casse, c&rsquo;est donc fini !<\/p>\n\n\n\n<p>Il y a toujours quelques conditions \u00e0 remplir pour pouvoir b\u00e9n\u00e9ficier de ce coup de pouce qui reste bien utile :<\/p>\n\n\n\n<ol style=\"list-style-type:1\" class=\"wp-block-list\">\n<li>Le v\u00e9hicule doit \u00eatre <strong>100 % \u00e9lectrique<\/strong> (ou \u00e0 l\u2019hydrog\u00e8ne) \u26a1. Autrement dit, les <strong>hybrides <\/strong>ne sont pas \u00e9ligibles<\/li>\n\n\n\n<li>Le poids du v\u00e9hicule ne peut d\u00e9passer <strong>2.400 kg<\/strong> \u2696\ufe0f<\/li>\n\n\n\n<li>Un <strong>score environnemental minimal<\/strong> \u267b\ufe0f est requis (afin de s\u2019assurer notamment d\u2019une production propre du v\u00e9hicule&nbsp;; les voitures assembl\u00e9es en Chine sont notamment exclues). Et il est encore durci en 2025 <\/li>\n<\/ol>\n\n\n\n<p>Comment savoir le score environnemental de sa voiture \u00e9lectrique&nbsp;? Pour faire beaucoup plus simple, il suffit de v\u00e9rifier si elle <strong>est dans la liste des v\u00e9hicules \u00e9ligibles<\/strong> publi\u00e9e par l\u2019\u00c9tat. Vous pouvez la consulter en <a href=\"https:\/\/www.legifrance.gouv.fr\/jorf\/id\/JORFTEXT000050971032\" target=\"_blank\" rel=\"noreferrer noopener nofollow\">cliquant ici<\/a>.<\/p>\n\n\n\n<h3 class=\"wp-block-heading\">Montant du bonus \u00e9cologique 2025<\/h3>\n\n\n\n<figure class=\"wp-block-table\"><table class=\"has-fixed-layout\"><tbody><tr><td>Revenu fiscal de r\u00e9f\u00e9rence par part de plus de 26.200 \u20ac<\/td><td>2.000 \u20ac<\/td><\/tr><tr><td>Revenu fiscal de r\u00e9f\u00e9rence par part entre 16.300 \u20ac et 26.200 \u20ac<\/td><td>3.000 \u20ac<\/td><\/tr><tr><td>Revenu fiscal de r\u00e9f\u00e9rence par part inf\u00e9rieur \u00e0 16.300 \u20ac<\/td><td>4.000 \u20ac<\/td><\/tr><\/tbody><\/table><\/figure>\n\n\n\n<p>Le tableau ci-dessus vous donne le montant du bonus \u00e9cologique 2025. Il ne peut repr\u00e9senter plus <strong>de 27 % du prix d\u2019achat<\/strong>. <\/p>\n\n\n\n<p>\u00c0 savoir que les particuliers peuvent b\u00e9n\u00e9ficier d\u2019<a href=\"https:\/\/selectra.info\/energie\/guides\/conso\/voiture-electrique\/prix#aide\">aides financi\u00e8res pour installer une borne de recharge<\/a>&nbsp;pour voiture \u00e9lectrique chez eux (source : Selectra) : <\/p>\n\n\n\n<ul class=\"wp-block-list\">\n<li>Les frais d\u2019installation de la borne de recharge peuvent b\u00e9n\u00e9ficier d\u2019un cr\u00e9dit d\u2019imp\u00f4t de 75% du montant, dans la limite de 500 \u20ac de cr\u00e9dit d\u2019imp\u00f4t.<\/li>\n\n\n\n<li>Le programme Advenir prend en charge jusqu\u2019\u00e0 50% des frais d\u2019installation, le plafond variant de 600 \u00e0 1 500 \u20ac.<\/li>\n<\/ul>\n\n\n\n<p>Ce pr\u00e9ambule achev\u00e9, consultons notre <strong>top 10 des meilleures voitures \u00e9lectriques de 2025<\/strong>. Les prix publi\u00e9s sont ceux en vigueur le 14 f\u00e9vrier 2025 sur les sites des constructeurs, sans prise en compte d&rsquo;un \u00e9ventuel bonus \u00e9cologique.<\/p>\n\n\n\n<h2 class=\"wp-block-heading\" id=\"volkswagen-id3\">1. Volkswagen ID.3 \ud83d\udc4d: meilleur rapport qualit\u00e9 prix \u00ab\u00a0voiture \u00e9lectrique\u00a0\u00bb ?<\/h2>\n\n\n\n<ul class=\"wp-block-list\">\n<li><strong>Prix <\/strong>: 34.990 \u20ac<\/li>\n\n\n\n<li><strong>Autonomie<\/strong> : 433 km<\/li>\n\n\n\n<li><strong>\u00c9ligible au bonus ?<\/strong> \ud83d\ude00<\/li>\n<\/ul>\n\n\n\n<iframe width=\"1140\" height=\"640\" data-src=\"https:\/\/www.youtube.com\/embed\/mOgBj0kgRb4?si=3W-waDW96ldTQhqt\" frameborder=\"0\" allowfullscreen src=\"data:image\/svg+xml;base64,PHN2ZyB3aWR0aD0iMSIgaGVpZ2h0PSIxIiB4bWxucz0iaHR0cDovL3d3dy53My5vcmcvMjAwMC9zdmciPjwvc3ZnPg==\" class=\"lazyload\" data-load-mode=\"1\"><\/iframe>\n\n\n\n<div style=\"height:30px\" aria-hidden=\"true\" class=\"wp-block-spacer\"><\/div>\n\n\n\n<p>Chez <a href=\"https:\/\/www.sixt.fr\/flotte\/location-vw-volkswagen\/\">Volkswagen<\/a>, l\u2019\u00e9lectrification du catalogue est men\u00e9e tambour battant \ud83e\udd41 via la <strong>gamme ID<\/strong>. L\u2019un des v\u00e9hicules au c\u0153ur \ud83d\udc97 de cette strat\u00e9gie est la Volkswagen ID.3. En 2019, elle fut le premier mod\u00e8le \u00e0 utiliser la plate-forme Volkswagen sp\u00e9cialement con\u00e7ue pour cette \u00e9nergie. La derni\u00e8re mouture de l\u2019ID.3 offre un produit bien plus abouti qui le fait figurer parmi les <strong>meilleures voitures \u00e9lectriques<\/strong> que l\u2019on peut acheter ou louer en 2025.<\/p>\n\n\n\n<p>Confort, espace, autonomie, qualit\u00e9 g\u00e9n\u00e9rale \ud83d\ude18\u2026 Le prix l\u00e9g\u00e8rement sup\u00e9rieur de la VW ID.3 par rapport \u00e0 la concurrence justifie pleinement. C&rsquo;est peut-\u00eatre bien le <strong>meilleur rapport qualit\u00e9\/prix pour une voiture \u00e9lectrique<\/strong>. SIXT propose d\u2019ailleurs la <a href=\"https:\/\/www.sixt.fr\/magazine\/flotte\/location-volkswagen-id3\/\">location de Volkswagen ID3<\/a> en France, notamment.<\/p>\n\n\n\n<h2 class=\"wp-block-heading\" id=\"tesla-model-3\">2. Tesla Model 3 \ud83c\udfc6 : la valeur s\u00fbre<\/h2>\n\n\n\n<ul class=\"wp-block-list\">\n<li><strong>Prix <\/strong>: 40.990 \u20ac<\/li>\n\n\n\n<li><strong>Autonomie <\/strong>: 513 km<\/li>\n\n\n\n<li><strong>\u00c9ligible au bonus ?<\/strong> \u2639\ufe0f<\/li>\n<\/ul>\n\n\n\n<p>La Tesla Model 3 a beau \u00eatre sortie en <strong>2017<\/strong>, soit des ann\u00e9es avant toutes ses rivales\u2026 Cela n\u2019en reste pas moins en 2025 une r\u00e9f\u00e9rence de son segment \ud83d\ude0e. Car voyez-vous, Tesla ne n\u2019est pas endormi sur ses lauriers. Le constructeur am\u00e9ricain continue de faire \u00e9voluer sa technologie et ses mod\u00e8les. Mais aussi et surtout de <strong>baisser ses prix<\/strong> \ud83d\udcc9. La tarification de la Model 3 est comp\u00e9titive, m\u00eame sans aide de l&rsquo;Etat.<\/p>\n\n\n\n<iframe width=\"1140\" height=\"640\" data-src=\"https:\/\/www.youtube.com\/embed\/TiTa9HUdnR4?si=yMOkAGMl0gs3H0ik\" frameborder=\"0\" allowfullscreen src=\"data:image\/svg+xml;base64,PHN2ZyB3aWR0aD0iMSIgaGVpZ2h0PSIxIiB4bWxucz0iaHR0cDovL3d3dy53My5vcmcvMjAwMC9zdmciPjwvc3ZnPg==\" class=\"lazyload\" data-load-mode=\"1\"><\/iframe>\n\n\n\n<div style=\"height:30px\" aria-hidden=\"true\" class=\"wp-block-spacer\"><\/div>\n\n\n\n<p>Mais pourquoi la Tesla Model 3 n\u2019est-elle pas \u00e9ligible au bonus \u00e9cologique, malgr\u00e9 un prix d\u00e9marrant bien en dessous de 47.000 \u20ac&nbsp;? Ce que les <strong>Model 3 distribu\u00e9es en France<\/strong> ne proviennent pas d\u2019Allemagne, mais de l\u2019<strong>usine chinoise<\/strong> \ud83c\udf0f. Si Tesla d\u00e9cide d\u2019assembler la voiture \u00e0 Berlin, la Model 3 va redevenir \u00e9ligible plus tard dans l\u2019ann\u00e9e.<\/p>\n\n\n\n<p style=\"text-align: center\"><a class=\"button\" href=\"https:\/\/www.sixt.fr\/flotte\/location-tesla\/model-3\/\">Louer une Tesla Model 3 chez SIXT<\/a><\/p>\n\n\n\n<h2 class=\"wp-block-heading\" id=\"hyundai-ioniq-5\">3. Hyundai Ioniq 5 : la voiture \u00e9lectrique du futur \ud83d\ude0d<\/h2>\n\n\n\n<ul class=\"wp-block-list\">\n<li><strong>Prix <\/strong>: 42.800 \u20ac<\/li>\n\n\n\n<li><strong>Autonomie <\/strong>: 507 km<\/li>\n\n\n\n<li><strong>\u00c9ligible au bonus<\/strong> ? \u2639\ufe0f<\/li>\n<\/ul>\n\n\n\n<p>C\u2019est la <a href=\"https:\/\/www.sixt.fr\/magazine\/future-mobility\/voiture-du-futur\/\">Huyndai Ioniq 5, ex-voiture du futur<\/a>, qui occupe la troisi\u00e8me marche de notre classement. Moins connu, ce mod\u00e8le&nbsp;? Il a pourtant remport\u00e9 le <strong>prix de la voiture mondiale de l\u2019ann\u00e9e 2022<\/strong> \ud83e\udd73&nbsp;! Et \u00e0 3 titres d\u2019ailleurs&nbsp;: <strong>meilleure voiture \u00e9lectrique<\/strong>, meilleur design et <strong>meilleure voiture tout court<\/strong>&nbsp;! Con\u00e7ue sur une plate-forme tout-\u00e9lectrique, ce v\u00e9hicule offre de l\u2019espace \u00e0 revendre dans un habitacle r\u00e9volutionnaire.<\/p>\n\n\n\n<iframe width=\"1140\" height=\"640\" data-src=\"https:\/\/www.youtube.com\/embed\/33qjeTyBswM?si=re01ouzMHe4mLmXr\" frameborder=\"0\" allowfullscreen src=\"data:image\/svg+xml;base64,PHN2ZyB3aWR0aD0iMSIgaGVpZ2h0PSIxIiB4bWxucz0iaHR0cDovL3d3dy53My5vcmcvMjAwMC9zdmciPjwvc3ZnPg==\" class=\"lazyload\" data-load-mode=\"1\"><\/iframe>\n\n\n\n<div style=\"height:30px\" aria-hidden=\"true\" class=\"wp-block-spacer\"><\/div>\n\n\n\n<p>Cependant, avec un tarif \u00e0 plus de 50.000 \u20ac et sans subvention de l\u2019\u00c9tat, cette alternative est on\u00e9reuse \ud83d\ude31. Le v\u00e9hicule est toutefois assorti d&rsquo;avantages solides. Comme sa <strong>garantie de 5 ans kilom\u00e9trage illimit\u00e9<\/strong>, et de 8 ans sur la batterie \ud83d\udd0b.<\/p>\n\n\n\n<h2 class=\"wp-block-heading\" id=\"r5\">4. Renault 5 \u00e9lectrique 2025 : Voiture de l\u2019Ann\u00e9e 2025 \ud83c\udfc6<\/h2>\n\n\n\n<ul class=\"wp-block-list\">\n<li><strong>Prix <\/strong>: 25.000 \u20ac<\/li>\n\n\n\n<li><strong>Autonomie <\/strong>: 300 km<\/li>\n\n\n\n<li><strong>\u00c9ligible au bonus ?<\/strong> \ud83d\ude0a<\/li>\n<\/ul>\n\n\n\n<p>La <a href=\"https:\/\/www.sixt.fr\/magazine\/flotte\/renault-5-electrique\/\">nouvelle Renault 5 \u00e9lectrique<\/a> est bel et bien l\u00e0 ! Si les commandes du mod\u00e8le le moins cher ne seront ouvertes qu&rsquo;au printemps, on peut d\u00e9j\u00e0 commander la R5 Evolution pour quelques milliers d&rsquo;euros de plus. Et comment ne pas l&rsquo;inclure \u00e0 notre classement des meilleures voitures \u00e9lectriques alors que c&rsquo;est la Voiture de l&rsquo;Ann\u00e9e 2025 ?<\/p>\n\n\n\n<iframe width=\"1140\" height=\"640\" data-src=\"https:\/\/www.youtube.com\/embed\/BN6CsF5DpOM?si=VAKHf8JOMz4jkLRv\" frameborder=\"0\" allowfullscreen src=\"data:image\/svg+xml;base64,PHN2ZyB3aWR0aD0iMSIgaGVpZ2h0PSIxIiB4bWxucz0iaHR0cDovL3d3dy53My5vcmcvMjAwMC9zdmciPjwvc3ZnPg==\" class=\"lazyload\" data-load-mode=\"1\"><\/iframe>\n\n\n\n<div style=\"height:30px\" aria-hidden=\"true\" class=\"wp-block-spacer\"><\/div>\n\n\n\n<p>Compacte, agile et pens\u00e9e pour la vie citadine, la <strong>Renault 5 \u00e9lectrique 2025<\/strong> offre un habitacle connect\u00e9 et ergonomique, qui allie confort et modernit\u00e9. Que vous soyez fan du vintage ou en qu\u00eate d\u2019un v\u00e9hicule 100\u202f% \u00e9lectrique \u00e0 la pointe de la technologie, ce mod\u00e8le vous ravira. C&rsquo;est une vraie petite bombe \ud83d\udca3 qui vient prouver que l\u2019\u00e9l\u00e9gance d\u2019antan peut parfaitement se marier aux exigences du futur ! Les fans de voitures sportives se r\u00e9jouiront \u00e0 l&rsquo;id\u00e9e que la Renault 5 Turbo fera aussi son grand retour, plus muscl\u00e9e que jamais !<\/p>\n\n\n\n<p style=\"text-align: center\"><a class=\"button\" href=\"https:\/\/www.sixt.fr\/flotte\/location-bmw\/\">Louer une BMW iX<\/a><\/p>\n\n\n\n<h2 class=\"wp-block-heading\" id=\"peugeot-e-208-electrique\">5. Peugeot e-208 : une offre bien \u00e9quilibr\u00e9e \u2696\ufe0f<\/h2>\n\n\n\n<ul class=\"wp-block-list\">\n<li><strong>Prix <\/strong>: 28.000 \u20ac<\/li>\n\n\n\n<li><strong>Autonomie <\/strong>: 362 km<\/li>\n\n\n\n<li><strong>\u00c9ligible au bonus ?<\/strong> \ud83d\ude00<\/li>\n<\/ul>\n\n\n\n<p>La <strong>Peugeot e-208<\/strong> fut la <strong>5e voiture \u00e9lectrique la plus vendue en France en 2023<\/strong>. Elle pourrait bien progresser cette ann\u00e9e gr\u00e2ce \u00e0 son \u00e9ligibilit\u00e9 au bonus, maintenue \ud83d\udc4d. Ce qui n\u2019est pas le cas de toutes ses concurrentes au-dessus d\u2019elle&nbsp;! La 208 \u00e9lectrique offre un excellent <strong>rapport prix\/autonomie\/\u00e9quipements<\/strong>. Sans oublier le look, la marque au lion ayant tap\u00e9 dans le mille avec son dernier restylage g\u00e9n\u00e9ral \ud83d\ude0e.<\/p>\n\n\n\n<iframe width=\"1140\" height=\"640\" data-src=\"https:\/\/www.youtube.com\/embed\/5mjtvbURVvI?si=Uxe7BNZHAJ-a9QLG\" frameborder=\"0\" allowfullscreen src=\"data:image\/svg+xml;base64,PHN2ZyB3aWR0aD0iMSIgaGVpZ2h0PSIxIiB4bWxucz0iaHR0cDovL3d3dy53My5vcmcvMjAwMC9zdmciPjwvc3ZnPg==\" class=\"lazyload\" data-load-mode=\"1\"><\/iframe>\n\n\n\n<div style=\"height:30px\" aria-hidden=\"true\" class=\"wp-block-spacer\"><\/div>\n\n\n\n<p>Certes, une Peugeot 208 \u00e9lectrique co\u00fbte plus cher \u00e0 l\u2019achat. Mais \u00e0 l\u2019utilisation, l\u2019acqu\u00e9reur aura le sourire \ud83d\ude04. Vous pouvez d\u2019ailleurs vous en rendre compte en <a href=\"https:\/\/www.sixt.fr\/flotte\/location-peugeot\/e-208\/\">louant cette Peugeot e-208<\/a> chez SIXT.<\/p>\n\n\n\n<h2 class=\"wp-block-heading\" id=\"dacia-spring\">6. Dacia Spring : vraiment pas ch\u00e8re \ud83e\udd11<\/h2>\n\n\n\n<ul class=\"wp-block-list\">\n<li><strong>Prix <\/strong>: 16.900 \u20ac<\/li>\n\n\n\n<li><strong>Autonomie <\/strong>: 227 km<\/li>\n\n\n\n<li><strong>\u00c9ligible au bonus \u00e9cologique ?<\/strong> \u2639\ufe0f<\/li>\n<\/ul>\n\n\n\n<p>On a beau dire ce qu\u2019on veut\u2026 Malgr\u00e9 la baisse des prix de ces derni\u00e8res ann\u00e9es, une <strong>voiture \u00e9lectrique reste globalement ch\u00e8re<\/strong> \u00e0 l\u2019achat. Et s\u2019il y a bien une marque qui combat \ud83e\udd3a les voitures ch\u00e8res, c\u2019est <a href=\"https:\/\/www.sixt.fr\/flotte\/location-dacia\/\">Dacia<\/a>. La <strong>Spring <\/strong>bat donc tous les records en termes de prix. Cependant, sa popularit\u00e9 risque de baisser, car elle n\u2019est plus \u00e9ligible au bonus \u00e9cologique, <strong>Made in China<\/strong> oblige \ud83d\ude1e\u2026<\/p>\n\n\n\n<iframe width=\"1140\" height=\"640\" data-src=\"https:\/\/www.youtube.com\/embed\/7Ha5jB3Uq5o?si=WK4tdyHOCTKWyFLr\" frameborder=\"0\" allowfullscreen src=\"data:image\/svg+xml;base64,PHN2ZyB3aWR0aD0iMSIgaGVpZ2h0PSIxIiB4bWxucz0iaHR0cDovL3d3dy53My5vcmcvMjAwMC9zdmciPjwvc3ZnPg==\" class=\"lazyload\" data-load-mode=\"1\"><\/iframe>\n\n\n\n<div style=\"height:30px\" aria-hidden=\"true\" class=\"wp-block-spacer\"><\/div>\n\n\n\n<p>Cela ne d\u00e9courage pas pour autant le constructeur, qui a opt\u00e9 pour une <strong>tarification encore plus agressive<\/strong> \ud83e\udd2c. Si bien que la <strong>Dacia Spring reste la voiture \u00e9lectrique la moins ch\u00e8re<\/strong>&nbsp;! Cependant, l\u2019autonomie limit\u00e9e de ce v\u00e9hicule le cantonne \u00e0 une utilisation urbaine \ud83c\udf06. Les personnes qui peuvent s\u2019en contenter peuvent toutefois continuer de faire cette bonne affaire.<\/p>\n\n\n\n<h2 class=\"wp-block-heading\" id=\"mercedes-eqs\">7. Mercedes EQS : le vaisseau amiral \u00e9lectrique \ud83d\ude0e<\/h2>\n\n\n\n<ul class=\"wp-block-list\">\n<li><strong>Prix <\/strong>: 106.100 \u20ac<\/li>\n\n\n\n<li><strong>Autonomie <\/strong>: 559 km<\/li>\n\n\n\n<li><strong>\u00c9ligible au bonus ? <\/strong>\u2639\ufe0f<\/li>\n<\/ul>\n\n\n\n<p>Avec la BMW iX, on satisfait les automobilistes en qu\u00eate d\u2019un SUV \u00e9lectrique de grand luxe. Mais quel v\u00e9hicule pour celles ou ceux qui sont \u00e0 la recherche d\u2019une <strong>berline \u00e9lectrique sup\u00e9rieure<\/strong>&nbsp;? Eh bien, la voici la voil\u00e0, la <strong>Mercedes EQS<\/strong> \ud83d\ude0f. En bref, c\u2019est la <strong>Classe S \u00e9lectrique<\/strong>. Soit tout le raffinement de Benz dans une voiture de grand luxe bard\u00e9e de technologies.<\/p>\n\n\n\n<iframe width=\"1140\" height=\"640\" data-src=\"https:\/\/www.youtube.com\/embed\/KitQQHm0Eoc?si=wcQwyRORP-9xXfZ9\" frameborder=\"0\" allowfullscreen src=\"data:image\/svg+xml;base64,PHN2ZyB3aWR0aD0iMSIgaGVpZ2h0PSIxIiB4bWxucz0iaHR0cDovL3d3dy53My5vcmcvMjAwMC9zdmciPjwvc3ZnPg==\" class=\"lazyload\" data-load-mode=\"1\"><\/iframe>\n\n\n\n<div style=\"height:30px\" aria-hidden=\"true\" class=\"wp-block-spacer\"><\/div>\n\n\n\n<p>L\u2019<strong>autonomi<\/strong>e de 559 km peut m\u00eame \u00eatre port\u00e9e \u00e0 <strong>722 km<\/strong>. Si vous \u00eates \u00e0 la recherche de la <strong>meilleure voiture \u00e9lectrique<\/strong> sans distinction de prix, votre recherche s\u2019arr\u00eate probablement ici. Et pour le v\u00e9rifier par vous-m\u00eame, pourquoi ne pas vous laisser tenter par une location de Mercedes ESQ avec SIXT&nbsp;!<\/p>\n\n\n\n<p style=\"text-align: center\"><a class=\"button\" href=\"https:\/\/www.sixt.fr\/magazine\/flotte\/location-mercedes-eqs\/\">Location de Mercedes EQS<\/a><\/p>\n\n\n\n<h2 class=\"wp-block-heading\" id=\"volkswagen-id.4\">8. Volkswagen ID.4 : le SUV \u00e9lectrique de VW \ud83d\udc4c<\/h2>\n\n\n\n<ul class=\"wp-block-list\">\n<li><strong>Prix <\/strong>: 45.990 \u20ac<\/li>\n\n\n\n<li><strong>Autonomie <\/strong>: 359 km<\/li>\n\n\n\n<li><strong>\u00c9ligible au bonus \u00e9cologique<\/strong> ? \ud83d\ude00<\/li>\n<\/ul>\n\n\n\n<p>Le segment du SUV reste, et de loin, le plus populaire march\u00e9 automobile fran\u00e7ais. \u00c9toffons donc notre classement des <strong>meilleures voitures \u00e9lectriques<\/strong> avec la <strong>Volkswagen ID.4<\/strong>. Elle est \u00e0 peine plus ch\u00e8re que la berline compacte ID.3 (voir ci-dessus). VW a en effet voulu faire de ce v\u00e9hicule \u00e9lectrique une solution accessible \u00e0 la plupart des consommateurs \ud83d\udc4d.<\/p>\n\n\n\n<iframe width=\"1140\" height=\"640\" data-src=\"https:\/\/www.youtube.com\/embed\/5heiPbX7bAw?si=EPTQF6GJmyYfZfGU\" frameborder=\"0\" allowfullscreen src=\"data:image\/svg+xml;base64,PHN2ZyB3aWR0aD0iMSIgaGVpZ2h0PSIxIiB4bWxucz0iaHR0cDovL3d3dy53My5vcmcvMjAwMC9zdmciPjwvc3ZnPg==\" class=\"lazyload\" data-load-mode=\"1\"><\/iframe>\n\n\n\n<div style=\"height:30px\" aria-hidden=\"true\" class=\"wp-block-spacer\"><\/div>\n\n\n\n<p>Pour une familiale, l\u2019autonomie d\u00e9cevra peut-\u00eatre certains candidats acqu\u00e9reurs. Mais sachez qu\u2019elle peut \u00eatre port\u00e9e \u00e0 <strong>525 km<\/strong> avec la batterie sup\u00e9rieure. Ce rayon d\u2019action permettra de profiter des <strong>grandes qualit\u00e9s de routi\u00e8re de ce SUV<\/strong> qui a aussi pour avantage d\u2019\u00eatre \u00e9ligible \ud83c\udfc5 au malus 2025.<\/p>\n\n\n\n<p style=\"text-align: center\"><a class=\"button\" href=\"https:\/\/www.sixt.fr\/magazine\/flotte\/location-volkswagen-id4\/\">Location de Volkswagen ID.4 avec SIXT<\/a><\/p>\n\n\n\n<h2 class=\"wp-block-heading\" id=\"fiat-500-electrique\">9. Fiat 500 \u00e9lectrique : \u00e0 pile \ud83d\udd0b, la 500 a toujours autant de charme<\/h2>\n\n\n\n<ul class=\"wp-block-list\">\n<li><strong>Prix <\/strong>: 29.400 \u20ac (prix en ligne)<\/li>\n\n\n\n<li><strong>Autonomie <\/strong>: 190 km<\/li>\n\n\n\n<li><strong>\u00c9ligible au bonus<\/strong> ? \ud83d\ude00<\/li>\n<\/ul>\n\n\n\n<p>Clairement, la citadine italienne attire une client\u00e8le qui s\u2019\u00e9loigne rarement des lumi\u00e8res de la ville. Car <strong>190 km d\u2019autonomie en cycle WLTP<\/strong>, c\u2019est le minimum syndical \ud83d\ude09. Cela n\u2019emp\u00eache pourtant pas ce mod\u00e8le de se vendre tr\u00e8s bien. L\u2019ann\u00e9e derni\u00e8re, la <a href=\"https:\/\/www.sixt.fr\/magazine\/flotte\/location-fiat-500-electrique\/\">Fiat 500 \u00e9lectrique<\/a> s\u2019est \u00e9coul\u00e9e \u00e0 plus de 24.000 exemplaires. Ce fut \u00e0 ce titre le 4e v\u00e9hicule \u00e9lectrique le plus vendu en France en 2023.<\/p>\n\n\n\n<iframe width=\"1140\" height=\"640\" data-src=\"https:\/\/www.youtube.com\/embed\/TnvvK9xFxrQ?si=qtw8wgOPHKpGdIEZ\" frameborder=\"0\" allowfullscreen src=\"data:image\/svg+xml;base64,PHN2ZyB3aWR0aD0iMSIgaGVpZ2h0PSIxIiB4bWxucz0iaHR0cDovL3d3dy53My5vcmcvMjAwMC9zdmciPjwvc3ZnPg==\" class=\"lazyload\" data-load-mode=\"1\"><\/iframe>\n\n\n\n<div style=\"height:30px\" aria-hidden=\"true\" class=\"wp-block-spacer\"><\/div>\n\n\n\n<p>La Fiat 500 \u00e9lectrique devrait continuer de tirer son \u00e9pingle \ud83e\uddf7 du jeu cette ann\u00e9e. La <em>citalienne <\/em>reste en effet \u00e9ligible au bonus \ud83d\ude0e.<\/p>\n\n\n\n<p style=\"text-align: center\"><a class=\"button\" href=\"https:\/\/www.sixt.fr\/magazine\/flotte\/abonnement-fiat-500\/\">Abonnement FIAT 500 \u00e9lectrique<\/a><\/p>\n\n\n\n<h2 class=\"wp-block-heading\" id=\"mg4\">10. MG 4 : espace, style et prix attractif \ud83e\udee1<\/h2>\n\n\n\n<ul class=\"wp-block-list\">\n<li><strong>Prix <\/strong>: 24.990 \u20ac<\/li>\n\n\n\n<li><strong>Autonomie <\/strong>: 350 km<\/li>\n\n\n\n<li><strong>\u00c9ligible au bonus<\/strong> ? \u2639\ufe0f<\/li>\n<\/ul>\n\n\n\n<p>La <strong>MG4 <\/strong>est une berline familiale \u00e9lectrique \u00e0 un prix inf\u00e9rieur \u00e0 celui de nombreuses rivales plus petites. Elle est agr\u00e9able \u00e0 conduire et \u00e0 l\u2019\u0153il. Cerise \ud83c\udf52 sur le g\u00e2teau, la voiture \u00e9lectrique est dot\u00e9e de capacit\u00e9s de charge rapide impressionnantes. A ce prix, c\u2019est tr\u00e8s difficile de critiquer, m\u00eame l\u2019habitacle qui est un cran en dessous de la concurrence.<\/p>\n\n\n\n<iframe width=\"1140\" height=\"640\" data-src=\"https:\/\/www.youtube.com\/embed\/9oqVa3REgE0?si=7KLdbFVkXUO7sW02\" frameborder=\"0\" allowfullscreen src=\"data:image\/svg+xml;base64,PHN2ZyB3aWR0aD0iMSIgaGVpZ2h0PSIxIiB4bWxucz0iaHR0cDovL3d3dy53My5vcmcvMjAwMC9zdmciPjwvc3ZnPg==\" class=\"lazyload\" data-load-mode=\"1\"><\/iframe>\n\n\n\n<div style=\"height:30px\" aria-hidden=\"true\" class=\"wp-block-spacer\"><\/div>\n\n\n\n<p>Le combo de la MG4 a s\u00e9duit de nombreux Fran\u00e7ais(e)s en qu\u00eate d\u2019une voiture \u00e9lectrique en 2023 (5eme ventes). Malheureusement, la fin de l\u2019\u00e9ligibilit\u00e9 au bonus a r\u00e9duit l\u2019attractivit\u00e9 de ce mod\u00e8le. Quoique, son <strong>espace <\/strong>continue d\u2019\u00eatre un argument de poids \ud83e\udda3. De plus, MG a r\u00e9duit le prix d&rsquo;achat \u00e0 25.000 EUR. Soit 5.000 de moins par rapport \u00e0 l&rsquo;ann\u00e9e derni\u00e8re !<\/p>\n\n\n\n<h2 class=\"wp-block-heading\" id=\"louer-meilleure-voiture-electrique\">Louer les meilleures voitures \u00e9lectriques chez SIXT \ud83c\udfc6<\/h2>\n\n\n\n<p>Chez SIXT France, nous n\u2019avons pas moins de <strong>15 cat\u00e9gories de location de v\u00e9hicules \u00e9lectriques<\/strong> \ud83e\udee2&nbsp;! Notre offre rassemble des voitures de tous gabarits et de toutes les autonomies pour satisfaire tous vos besoins de mobilit\u00e9 de type 0 \u00e9mission \u267b\ufe0f. Outre les v\u00e9hicules que nous avons d\u00e9j\u00e0 cit\u00e9s, nous avons en flotte :<\/p>\n\n\n\n<ul class=\"wp-block-list\">\n<li>La <a href=\"https:\/\/www.sixt.fr\/flotte\/location-tesla\/model-y\/\">Tesla Model Y<\/a><\/li>\n\n\n\n<li>Le Peugeot 2008<\/li>\n\n\n\n<li>La voiture de sport \u00e9lectrique <a href=\"https:\/\/www.sixt.fr\/flotte\/location-ford\/mustang\/\">Ford Mustang Mach-E<\/a><\/li>\n\n\n\n<li>L\u2019Audi RS E-Tron GT<\/li>\n\n\n\n<li>La Smart EQ Fortwo<\/li>\n<\/ul>\n\n\n\n<p>Et si vous \u00eates \u00e0 la recherche d\u2019une location de minibus \u00e9lectrique, nous avons le Mercedes EQV et le <a href=\"https:\/\/www.sixt.fr\/magazine\/flotte\/location-volkswagen-id-buzz\/\">Volkswagen ID.Buzz<\/a> qui n\u2019attendent que vous. Louer une voiture \u00e9lectrifi\u00e9e avec SIXT ne prend que quelques minutes : trouver la v\u00f4tre d\u00e8s maintenant sur notre site ou via notre <a href=\"https:\/\/www.sixt.fr\/app\/#\/\">app<\/a>.<\/p>\n\n\n\n<h2 class=\"wp-block-heading\" id=\"faq\">FAQ meilleure voiture \u00e9lectrique \ud83e\udd14<\/h2>\n\n\n\n<div class=\"schema-faq wp-block-yoast-faq-block\"><div class=\"schema-faq-section\" id=\"faq-question-1704799541854\"><strong class=\"schema-faq-question\">Quel prix pour une voiture \u00e9lectrique\u00a0?<\/strong> <p class=\"schema-faq-answer\">Au minimum, une voiture \u00e9lectrique vous co\u00fbtera 16.900 \u20ac. C\u2019est le tarif de la Dacia Spring, qui n\u2019est plus \u00e9ligible au bonus \u00e9cologique. Mais qui reste l\u2019alternative la moins ch\u00e8re avec la <strong>Citro\u00ebn \u00eb-C3<\/strong> (\u00e9ligible, elle). Apr\u00e8s, plus on monte en gamme et en autonomie, plus les tarifs grimpent.<\/p> <\/div> <div class=\"schema-faq-section\" id=\"faq-question-1704799553886\"><strong class=\"schema-faq-question\">Les meilleures marques de voitures \u00e9lectriques en France\u00a0?<\/strong> <p class=\"schema-faq-answer\">Une vaste enqu\u00eate britannique sur la fiabilit\u00e9 des voitures \u00e9lectriques a \u00e9tabli que la MINI Cooper SE est la plus fiable de toutes. Ce qui est plut\u00f4t une surprise\u00a0! Les VW e-Golf et ID.3 sont bien cot\u00e9es, ainsi que la Nissan Leaf, la MG 5 Break ou encore la Cupra Born et le Kia Niro. La Tesla Model 3 est 8<sup>e <\/sup>de ce classement de la fiabilit\u00e9. La Peugeot e-208 obtient une honorable dixi\u00e8me place.<\/p> <\/div> <div class=\"schema-faq-section\" id=\"faq-question-1704799763537\"><strong class=\"schema-faq-question\">Voiture \u00e9lectrique : la meilleure autonomie du march\u00e9 ?<\/strong> <p class=\"schema-faq-answer\">Actuellement, c&rsquo;est la Mercedes EQS qui propose la meilleure autonomie des v\u00e9hicules \u00e9lectriques (jusqu&rsquo;\u00e0 722 km). <\/p> <\/div> <\/div>\n\n\n\n<p><em>[Article mis \u00e0 jour le 14 f\u00e9vrier 2025]<\/em><\/p>\n\n\n\n<h3 class=\"wp-block-heading\">A lire aussi !<\/h3>\n\n\n\n<ul class=\"wp-block-list\">\n<li><a href=\"https:\/\/www.sixt.fr\/magazine\/actualites\/voitures-electriques-moins-cheres\/\">Les voitures \u00e9lectriques pas ch\u00e8res !<\/a> \ud83e\udd11<\/li>\n\n\n\n<li><a href=\"https:\/\/www.sixt.fr\/magazine\/flotte\/voyage-en-voiture-electrique-comment-ca-fonctionne\/\">Comment faire un road trip en v\u00e9hicule \u00e9lectrique<\/a> \u2753<\/li>\n\n\n\n<li><a href=\"https:\/\/www.sixt.fr\/magazine\/flotte\/leasing-voiture-electrique\/\">Meilleures offres de leasing voiture \u00e9lectrique<\/a> \ud83d\ude97<\/li>\n\n\n\n<li><a href=\"https:\/\/www.sixt.fr\/magazine\/flotte\/petite-voiture-electrique\/\">Quelle petite voiture \u00e9lectrique choisir ?<\/a> \ud83e\udd14<\/li>\n\n\n\n<li><a href=\"https:\/\/www.sixt.fr\/guide-de-location\/recharge-voiture-electrique\/\">Comment recharger votre voiture \u00e9lectrique ?<\/a> \ud83e\udeab<\/li>\n\n\n\n<li><a href=\"https:\/\/www.sixt.fr\/magazine\/flotte\/vehicule-electrique-autonomie-temps-charge-batterie\/\">Autonomie et temps de charge d&rsquo;une voiture \u00e9lectrifi\u00e9e<\/a> \ud83e\udd13<\/li>\n\n\n\n<li><a href=\"https:\/\/www.sixt.fr\/magazine\/flotte\/meilleure-voiture-familiale\/\">Les meilleures voitures familiales de 2025<\/a> \ud83d\udc68\u200d\ud83d\udc69\u200d\ud83d\udc67\u200d\ud83d\udc66<\/li>\n<\/ul>\n<!-- AddThis Advanced Settings generic via filter on the_content --><!-- AddThis Share Buttons generic via filter on the_content -->","protected":false},"excerpt":{"rendered":"<p>Vous avez d\u00e9cid\u00e9 d\u2019abandonner votre voiture thermique&nbsp;? Alors notre classement des meilleures voitures \u00e9lectriques de 2025 \ud83d\udd0b devrait vous venir en aide. Citadine pas ch\u00e8re, berline au bon rapport autonomie\/prix, SUV \u00e9lectrique, voiture de luxe\u2026 Nous avons s\u00e9lectionn\u00e9 pour vous les v\u00e9hicules \u00e9lectriques les plus in du moment. Cependant, nous allons rapidement commencer avec le&#8230;<!-- AddThis Advanced Settings generic via filter on get_the_excerpt --><!-- AddThis Share Buttons generic via filter on get_the_excerpt --><\/p>\n","protected":false},"author":23,"featured_media":22068,"comment_status":"open","ping_status":"open","sticky":false,"template":"","format":"standard","meta":{"_genesis_hide_title":false,"_genesis_hide_breadcrumbs":false,"_genesis_hide_singular_image":false,"_genesis_hide_footer_widgets":false,"_genesis_custom_body_class":"","_genesis_custom_post_class":"","_genesis_layout":"","ngg_post_thumbnail":0,"footnotes":""},"categories":[4],"tags":[187],"class_list":{"0":"post-22189","1":"post","2":"type-post","3":"status-publish","4":"format-standard","5":"has-post-thumbnail","7":"category-flotte","8":"tag-voiture-electrique","9":"entry"},"yoast_head":"<!-- This site is optimized with the Yoast SEO plugin v27.1.1 - https:\/\/yoast.com\/product\/yoast-seo-wordpress\/ -->\n<title>Meilleure voiture \u00e9lectrique : les pr\u00e9tendantes de 2025<\/title>\n<meta name=\"description\" content=\"Quelle est la meilleure voiture \u00e9lectrique en location ou \u00e0 l&#039;achat en France en 2025 ? Voici les v\u00e9hicules les plus en vue !\" \/>\n<meta name=\"robots\" content=\"index, follow, max-snippet:-1, max-image-preview:large, max-video-preview:-1\" \/>\n<link rel=\"canonical\" href=\"https:\/\/www.sixt.fr\/magazine\/flotte\/meilleure-voiture-electrique\/\" \/>\n<meta property=\"og:locale\" content=\"fr_FR\" \/>\n<meta property=\"og:type\" content=\"article\" \/>\n<meta property=\"og:title\" content=\"Meilleure voiture \u00e9lectrique : les pr\u00e9tendantes de 2025\" \/>\n<meta property=\"og:description\" content=\"Quelle est la meilleure voiture \u00e9lectrique en location ou \u00e0 l&#039;achat en France en 2025 ? Voici les v\u00e9hicules les plus en vue !\" \/>\n<meta property=\"og:url\" content=\"https:\/\/www.sixt.fr\/magazine\/flotte\/meilleure-voiture-electrique\/\" \/>\n<meta property=\"og:site_name\" content=\"Sixt Magazine\" \/>\n<meta property=\"article:published_time\" content=\"2024-01-09T12:20:06+00:00\" \/>\n<meta property=\"article:modified_time\" content=\"2025-03-31T13:59:13+00:00\" \/>\n<meta property=\"og:image\" content=\"https:\/\/www.sixt.fr\/magazine\/wp-content\/uploads\/\/sites\/3\/2023\/12\/volkswagen-id3-arriere.jpg\" \/>\n\t<meta property=\"og:image:width\" content=\"1795\" \/>\n\t<meta property=\"og:image:height\" content=\"1197\" \/>\n\t<meta property=\"og:image:type\" content=\"image\/jpeg\" \/>\n<meta name=\"author\" content=\"Martin\" \/>\n<meta name=\"twitter:card\" content=\"summary_large_image\" \/>\n<meta name=\"twitter:label1\" content=\"\u00c9crit par\" \/>\n\t<meta name=\"twitter:data1\" content=\"Martin\" \/>\n\t<meta name=\"twitter:label2\" content=\"Dur\u00e9e de lecture estim\u00e9e\" \/>\n\t<meta name=\"twitter:data2\" content=\"13 minutes\" \/>\n<!-- \/ Yoast SEO plugin. -->","yoast_head_json":{"title":"Meilleure voiture \u00e9lectrique : les pr\u00e9tendantes de 2025","description":"Quelle est la meilleure voiture \u00e9lectrique en location ou \u00e0 l'achat en France en 2025 ? Voici les v\u00e9hicules les plus en vue !","robots":{"index":"index","follow":"follow","max-snippet":"max-snippet:-1","max-image-preview":"max-image-preview:large","max-video-preview":"max-video-preview:-1"},"canonical":"https:\/\/www.sixt.fr\/magazine\/flotte\/meilleure-voiture-electrique\/","og_locale":"fr_FR","og_type":"article","og_title":"Meilleure voiture \u00e9lectrique : les pr\u00e9tendantes de 2025","og_description":"Quelle est la meilleure voiture \u00e9lectrique en location ou \u00e0 l'achat en France en 2025 ? Voici les v\u00e9hicules les plus en vue !","og_url":"https:\/\/www.sixt.fr\/magazine\/flotte\/meilleure-voiture-electrique\/","og_site_name":"Sixt Magazine","article_published_time":"2024-01-09T12:20:06+00:00","article_modified_time":"2025-03-31T13:59:13+00:00","og_image":[{"width":1795,"height":1197,"url":"https:\/\/www.sixt.fr\/magazine\/wp-content\/uploads\/\/sites\/3\/2023\/12\/volkswagen-id3-arriere.jpg","type":"image\/jpeg"}],"author":"Martin","twitter_card":"summary_large_image","twitter_misc":{"\u00c9crit par":"Martin","Dur\u00e9e de lecture estim\u00e9e":"13 minutes"},"schema":{"@context":"https:\/\/schema.org","@graph":[{"@type":"Article","@id":"https:\/\/www.sixt.fr\/magazine\/flotte\/meilleure-voiture-electrique\/#article","isPartOf":{"@id":"https:\/\/www.sixt.fr\/magazine\/flotte\/meilleure-voiture-electrique\/"},"author":{"name":"Martin","@id":"https:\/\/www.sixt.fr\/magazine\/#\/schema\/person\/7ab7ff1057e6a624cde3e74a9f39ce78"},"headline":"Top 10 \ud83c\udfc6 de la meilleure voiture \u00e9lectrique \u26a1","datePublished":"2024-01-09T12:20:06+00:00","dateModified":"2025-03-31T13:59:13+00:00","mainEntityOfPage":{"@id":"https:\/\/www.sixt.fr\/magazine\/flotte\/meilleure-voiture-electrique\/"},"wordCount":2368,"commentCount":0,"image":{"@id":"https:\/\/www.sixt.fr\/magazine\/flotte\/meilleure-voiture-electrique\/#primaryimage"},"thumbnailUrl":"https:\/\/www.sixt.fr\/magazine\/wp-content\/uploads\/\/sites\/3\/2023\/12\/volkswagen-id3-arriere.jpg","keywords":["Voiture \u00e9lectrique"],"articleSection":["Flotte\u00a0"],"inLanguage":"fr-FR","potentialAction":[{"@type":"CommentAction","name":"Comment","target":["https:\/\/www.sixt.fr\/magazine\/flotte\/meilleure-voiture-electrique\/#respond"]}]},{"@type":["WebPage","FAQPage"],"@id":"https:\/\/www.sixt.fr\/magazine\/flotte\/meilleure-voiture-electrique\/","url":"https:\/\/www.sixt.fr\/magazine\/flotte\/meilleure-voiture-electrique\/","name":"Meilleure voiture \u00e9lectrique : les pr\u00e9tendantes de 2025","isPartOf":{"@id":"https:\/\/www.sixt.fr\/magazine\/#website"},"primaryImageOfPage":{"@id":"https:\/\/www.sixt.fr\/magazine\/flotte\/meilleure-voiture-electrique\/#primaryimage"},"image":{"@id":"https:\/\/www.sixt.fr\/magazine\/flotte\/meilleure-voiture-electrique\/#primaryimage"},"thumbnailUrl":"https:\/\/www.sixt.fr\/magazine\/wp-content\/uploads\/\/sites\/3\/2023\/12\/volkswagen-id3-arriere.jpg","datePublished":"2024-01-09T12:20:06+00:00","dateModified":"2025-03-31T13:59:13+00:00","author":{"@id":"https:\/\/www.sixt.fr\/magazine\/#\/schema\/person\/7ab7ff1057e6a624cde3e74a9f39ce78"},"description":"Quelle est la meilleure voiture \u00e9lectrique en location ou \u00e0 l'achat en France en 2025 ? Voici les v\u00e9hicules les plus en vue !","mainEntity":[{"@id":"https:\/\/www.sixt.fr\/magazine\/flotte\/meilleure-voiture-electrique\/#faq-question-1704799541854"},{"@id":"https:\/\/www.sixt.fr\/magazine\/flotte\/meilleure-voiture-electrique\/#faq-question-1704799553886"},{"@id":"https:\/\/www.sixt.fr\/magazine\/flotte\/meilleure-voiture-electrique\/#faq-question-1704799763537"}],"inLanguage":"fr-FR","potentialAction":[{"@type":"ReadAction","target":["https:\/\/www.sixt.fr\/magazine\/flotte\/meilleure-voiture-electrique\/"]}]},{"@type":"ImageObject","inLanguage":"fr-FR","@id":"https:\/\/www.sixt.fr\/magazine\/flotte\/meilleure-voiture-electrique\/#primaryimage","url":"https:\/\/www.sixt.fr\/magazine\/wp-content\/uploads\/\/sites\/3\/2023\/12\/volkswagen-id3-arriere.jpg","contentUrl":"https:\/\/www.sixt.fr\/magazine\/wp-content\/uploads\/\/sites\/3\/2023\/12\/volkswagen-id3-arriere.jpg","width":1795,"height":1197,"caption":"Volkswagen ID.3"},{"@type":"WebSite","@id":"https:\/\/www.sixt.fr\/magazine\/#website","url":"https:\/\/www.sixt.fr\/magazine\/","name":"SIXT Magazine","description":"Nos conseils voyages et actualit\u00e9s","potentialAction":[{"@type":"SearchAction","target":{"@type":"EntryPoint","urlTemplate":"https:\/\/www.sixt.fr\/magazine\/?s={search_term_string}"},"query-input":{"@type":"PropertyValueSpecification","valueRequired":true,"valueName":"search_term_string"}}],"inLanguage":"fr-FR"},{"@type":"Person","@id":"https:\/\/www.sixt.fr\/magazine\/#\/schema\/person\/7ab7ff1057e6a624cde3e74a9f39ce78","name":"Martin","image":{"@type":"ImageObject","inLanguage":"fr-FR","@id":"https:\/\/www.sixt.fr\/magazine\/#\/schema\/person\/image\/","url":"https:\/\/secure.gravatar.com\/avatar\/64b254e02b1438299783d578213ea1a5e5a318cb8916b0fd778afc99f217d30c?s=96&d=mm&r=g","contentUrl":"https:\/\/secure.gravatar.com\/avatar\/64b254e02b1438299783d578213ea1a5e5a318cb8916b0fd778afc99f217d30c?s=96&d=mm&r=g","caption":"Martin"},"url":"https:\/\/www.sixt.fr\/magazine\/author\/marting\/"},{"@type":"Question","@id":"https:\/\/www.sixt.fr\/magazine\/flotte\/meilleure-voiture-electrique\/#faq-question-1704799541854","position":1,"url":"https:\/\/www.sixt.fr\/magazine\/flotte\/meilleure-voiture-electrique\/#faq-question-1704799541854","name":"Quel prix pour une voiture \u00e9lectrique\u00a0?","answerCount":1,"acceptedAnswer":{"@type":"Answer","text":"Au minimum, une voiture \u00e9lectrique vous co\u00fbtera 16.900 \u20ac. C\u2019est le tarif de la Dacia Spring, qui n\u2019est plus \u00e9ligible au bonus \u00e9cologique. Mais qui reste l\u2019alternative la moins ch\u00e8re avec la <strong>Citro\u00ebn \u00eb-C3<\/strong> (\u00e9ligible, elle). Apr\u00e8s, plus on monte en gamme et en autonomie, plus les tarifs grimpent.","inLanguage":"fr-FR"},"inLanguage":"fr-FR"},{"@type":"Question","@id":"https:\/\/www.sixt.fr\/magazine\/flotte\/meilleure-voiture-electrique\/#faq-question-1704799553886","position":2,"url":"https:\/\/www.sixt.fr\/magazine\/flotte\/meilleure-voiture-electrique\/#faq-question-1704799553886","name":"Les meilleures marques de voitures \u00e9lectriques en France\u00a0?","answerCount":1,"acceptedAnswer":{"@type":"Answer","text":"Une vaste enqu\u00eate britannique sur la fiabilit\u00e9 des voitures \u00e9lectriques a \u00e9tabli que la MINI Cooper SE est la plus fiable de toutes. Ce qui est plut\u00f4t une surprise\u00a0! Les VW e-Golf et ID.3 sont bien cot\u00e9es, ainsi que la Nissan Leaf, la MG 5 Break ou encore la Cupra Born et le Kia Niro. La Tesla Model 3 est 8e de ce classement de la fiabilit\u00e9. La Peugeot e-208 obtient une honorable dixi\u00e8me place.","inLanguage":"fr-FR"},"inLanguage":"fr-FR"},{"@type":"Question","@id":"https:\/\/www.sixt.fr\/magazine\/flotte\/meilleure-voiture-electrique\/#faq-question-1704799763537","position":3,"url":"https:\/\/www.sixt.fr\/magazine\/flotte\/meilleure-voiture-electrique\/#faq-question-1704799763537","name":"Voiture \u00e9lectrique : la meilleure autonomie du march\u00e9 ?","answerCount":1,"acceptedAnswer":{"@type":"Answer","text":"Actuellement, c'est la Mercedes EQS qui propose la meilleure autonomie des v\u00e9hicules \u00e9lectriques (jusqu'\u00e0 722 km). ","inLanguage":"fr-FR"},"inLanguage":"fr-FR"}]}},"_links":{"self":[{"href":"https:\/\/www.sixt.fr\/magazine\/wp-json\/wp\/v2\/posts\/22189","targetHints":{"allow":["GET"]}}],"collection":[{"href":"https:\/\/www.sixt.fr\/magazine\/wp-json\/wp\/v2\/posts"}],"about":[{"href":"https:\/\/www.sixt.fr\/magazine\/wp-json\/wp\/v2\/types\/post"}],"author":[{"embeddable":true,"href":"https:\/\/www.sixt.fr\/magazine\/wp-json\/wp\/v2\/users\/23"}],"replies":[{"embeddable":true,"href":"https:\/\/www.sixt.fr\/magazine\/wp-json\/wp\/v2\/comments?post=22189"}],"version-history":[{"count":0,"href":"https:\/\/www.sixt.fr\/magazine\/wp-json\/wp\/v2\/posts\/22189\/revisions"}],"wp:featuredmedia":[{"embeddable":true,"href":"https:\/\/www.sixt.fr\/magazine\/wp-json\/wp\/v2\/media\/22068"}],"wp:attachment":[{"href":"https:\/\/www.sixt.fr\/magazine\/wp-json\/wp\/v2\/media?parent=22189"}],"wp:term":[{"taxonomy":"category","embeddable":true,"href":"https:\/\/www.sixt.fr\/magazine\/wp-json\/wp\/v2\/categories?post=22189"},{"taxonomy":"post_tag","embeddable":true,"href":"https:\/\/www.sixt.fr\/magazine\/wp-json\/wp\/v2\/tags?post=22189"}],"curies":[{"name":"wp","href":"https:\/\/api.w.org\/{rel}","templated":true}]}}