{"id":21995,"date":"2023-12-14T12:12:48","date_gmt":"2023-12-14T12:12:48","guid":{"rendered":"https:\/\/www.sixt.fr\/magazine\/?p=21995"},"modified":"2025-10-24T08:30:44","modified_gmt":"2025-10-24T08:30:44","slug":"location-volkswagen-id-buzz","status":"publish","type":"post","link":"https:\/\/www.sixt.fr\/magazine\/flotte\/location-volkswagen-id-buzz\/","title":{"rendered":"Location de Volkswagen ID Buzz chez SIXT \ud83d\ude90 \ud83e\udd29"},"content":{"rendered":"\n<p>L&rsquo;ann\u00e9e derni\u00e8re, SIXT a \u00e9toff\u00e9 sa flotte avec un v\u00e9hicule mythique \ud83e\udee8. Ou plut\u00f4t l\u2019h\u00e9ritier de la l\u00e9gende automobile qu\u2019est le VW Combi. Car oui, ce <strong>Volkswagen ID Buzz est en location<\/strong> chez SIXT France \ud83e\udd73. Ainsi que dans d\u2019autres pays de notre r\u00e9seau mondial. D\u00e9couvrez ce minibus craquant  \u00e0 travers son int\u00e9rieur et ses caract\u00e9ristiques. Ainsi que les possibilit\u00e9s de location \u00e0 court terme et de <strong>LLD Volkswagen ID.Buzz<\/strong> chez SIXT&nbsp;!<\/p>\n\n\n\n<p style=\"text-align: center\"><a class=\"button\" href=\"https:\/\/www.sixt.fr\/flotte\/location-vw-volkswagen\/\">Location de Volkswagen ID Buzz avec SIXT<\/a><\/p>\n\n\n\n<h3 class=\"wp-block-heading\">Sommaire&nbsp;:<\/h3>\n\n\n\n<ul class=\"wp-block-list\">\n<li><a href=\"#presentation-caracteristiques-volkswagen-id-buzz\">Pr\u00e9sentation et caract\u00e9ristiques de la Volkswagen ID.Buzz<\/a><\/li>\n\n\n\n<li><a href=\"#comportement-routier-et-confort\">Comportement routier et confort<\/a><\/li>\n\n\n\n<li><a href=\"#motorisations-et-finitions-id-buzz\">ID.Buzz&nbsp;: motorisations et finitions<\/a><\/li>\n\n\n\n<li><a href=\"#interieur-vw-id-buzz\">Int\u00e9rieur de la VW ID.Buzz<\/a><\/li>\n\n\n\n<li><a href=\"#options-et-equipements\">Options et \u00e9quipements de s\u00e9curit\u00e9 de s\u00e9rie<\/a><\/li>\n\n\n\n<li><a href=\"#volkswagen-id-buzz-avantages-inconvenients\">Avantages et inconv\u00e9nients de la Volkswagen ID.Buzz<\/a><\/li>\n\n\n\n<li><a href=\"#prix-volkswagen-id-buzz-2023-france\">Prix de la Volkswagen ID.Buzz en France en 2024<\/a><\/li>\n\n\n\n<li><a href=\"#tarif-lld-vw-id-buzz\">Tarif LLD VW ID Buzz<\/a><\/li>\n\n\n\n<li><a href=\"#location-volkswagen-id-buzz-sixt\">Location de Volkswagen ID.Buzz avec SIXT<\/a><\/li>\n\n\n\n<li><a href=\"#lld-volkswagen-id-buzz\">LLD Volkswagen ID.Buzz avec le leasing au mois SIXT+ abonnement\u00a0?<\/a><\/li>\n<\/ul>\n\n\n\n<iframe width=\"1140\" height=\"640\" data-src=\"https:\/\/www.youtube.com\/embed\/BRiKAeSLQ3w?si=A1uqG3zTIPZgXJvE\" frameborder=\"0\" allowfullscreen src=\"data:image\/svg+xml;base64,PHN2ZyB3aWR0aD0iMSIgaGVpZ2h0PSIxIiB4bWxucz0iaHR0cDovL3d3dy53My5vcmcvMjAwMC9zdmciPjwvc3ZnPg==\" class=\"lazyload\" data-load-mode=\"1\"><\/iframe>\n\n\n\n<div style=\"height:30px\" aria-hidden=\"true\" class=\"wp-block-spacer\"><\/div>\n\n\n\n<h2 class=\"wp-block-heading\" id=\"presentation-caracteristiques-volkswagen-id-buzz\">Pr\u00e9sentation et caract\u00e9ristiques de la Volkswagen ID.Buzz \ud83d\udcc3<\/h2>\n\n\n\n<p>Nous avons d\u00e9j\u00e0 abord\u00e9 le sujet chaud bouillant \ud83d\udd25 du <strong>VW ID Buzz<\/strong> <strong>7 places<\/strong> dans notre article sur les <a href=\"https:\/\/www.sixt.fr\/magazine\/future-mobility\/nouvelles-voitures\/\">sorties automobiles les plus attendues de 2024<\/a>. Bien s\u00fbr, le mod\u00e8le existait d\u00e9j\u00e0 avant, mais en version <strong>5 places<\/strong>. C\u2019est d\u2019ailleurs cette variante de l\u2019ID.Buzz que nous proposons \u00e0 la location. Mais d\u00e9sormais le <a href=\"https:\/\/www.sixt.fr\/location-minibus\/\">minibus \u00e9lectrique<\/a> sera aussi disponible en version allong\u00e9e \u00e0 7 places. De quoi renforcer encore davantage le succ\u00e8s de ce v\u00e9hicule commercialis\u00e9 depuis 2022.<\/p>\n\n\n\n<p>Remplacer le van Combi n\u2019\u00e9tait pas une mince affaire. Les ing\u00e9nieurs de Volkswagen ont pourtant r\u00e9ussi leur pari \ud83d\udc4f. Non seulement les designers ont r\u00e9ussi \u00e0 perp\u00e9tuer le<strong> style unique <\/strong>qui a fait rentrer le minibus dans les annales automobiles avec un look qui propose un parfait \u00e9quilibre \u2696\ufe0f entre modernit\u00e9 et tradition. Mais loin d\u2019\u00eatre un joujou pour les nostalgiques, il s\u2019agit aussi d\u2019un <strong>v\u00e9hicule \u00e9minemment pratique<\/strong> dont le caract\u00e8re utilitaire sera tr\u00e8s appr\u00e9ci\u00e9. Selon Top Gear, le concept pourrait d\u2019ailleurs remettre en question la position dominante, d\u2019apparence en t\u00e9flon, du <a href=\"https:\/\/www.sixt.fr\/location-suv\/\">SUV<\/a>. Rien que \u00e7a !<\/p>\n\n\n\n<figure class=\"wp-block-image size-large\"><img decoding=\"async\" width=\"1024\" height=\"682\" data-src=\"https:\/\/www.sixt.fr\/magazine\/wp-content\/uploads\/\/sites\/3\/2023\/12\/vw-id-buzz-7-places-1024x682.jpg\" alt=\"Volkswagen ID Buzz 7 places\" class=\"wp-image-21998 lazyload\" data-srcset=\"https:\/\/www.sixt.fr\/magazine\/wp-content\/uploads\/\/sites\/3\/2023\/12\/vw-id-buzz-7-places-1024x682.jpg 1024w, https:\/\/www.sixt.fr\/magazine\/wp-content\/uploads\/\/sites\/3\/2023\/12\/vw-id-buzz-7-places-300x200.jpg 300w, https:\/\/www.sixt.fr\/magazine\/wp-content\/uploads\/\/sites\/3\/2023\/12\/vw-id-buzz-7-places-768x512.jpg 768w, https:\/\/www.sixt.fr\/magazine\/wp-content\/uploads\/\/sites\/3\/2023\/12\/vw-id-buzz-7-places.jpg 1400w\" data-sizes=\"(max-width: 1024px) 100vw, 1024px\" src=\"data:image\/svg+xml;base64,PHN2ZyB3aWR0aD0iMSIgaGVpZ2h0PSIxIiB4bWxucz0iaHR0cDovL3d3dy53My5vcmcvMjAwMC9zdmciPjwvc3ZnPg==\" style=\"--smush-placeholder-width: 1024px; --smush-placeholder-aspect-ratio: 1024\/682;\" \/><figcaption class=\"wp-element-caption\">Photo: James Lipman<\/figcaption><\/figure>\n\n\n\n<p>Car le <strong>succ\u00e8s <\/strong>est au rendez-vous. Il faut dire que ce minibus \u00e9lectrique est quelque peu <strong>seul sur son \u00eele<\/strong> \ud83c\udfdd\ufe0fen termes de segmentation automobile. Et si vous voulez notre avis, c\u2019est un peu plus beau que le <a href=\"https:\/\/www.sixt.fr\/magazine\/flotte\/tesla-cybertruck\/\">Cybertruck de Tesla<\/a> \ud83d\ude09. Vous souhaitez acqu\u00e9rir \u00e0 long terme un <strong>VW ID.Buzz<\/strong>&nbsp;? On va parler du <strong>prix <\/strong>et des <a href=\"https:\/\/www.sixt.fr\/services-de-location\/location-longue-duree\/\">LLD<\/a> bient\u00f4t. Mais sachez qu\u2019il faudra vous armer de patience, car les carnets de commandes sont pleins. Pour d\u00e9couvrir le v\u00e9hicule d\u00e8s maintenant, vous pouvez <strong>louer l\u2019ID Buzz chez SIXT<\/strong>.<\/p>\n\n\n\n<h3 class=\"wp-block-heading\" id=\"comportement-routier-et-confort\">Comportement routier et confort \ud83d\udee3\ufe0f<\/h3>\n\n\n\n<p>Prendre le volant d\u2019un <strong>VW \u00ab&nbsp;Type 2&nbsp;\u00bb<\/strong> n\u2019\u00e9tait pas une promesse d\u2019exp\u00e9rience automobile intrins\u00e8quement d\u00e9coiffante \ud83e\udeae. Le plaisir d\u00e9coulait plut\u00f4t de l\u2019adoption d\u2019un certain \u00e9tat d\u2019esprit, de la philosophie californienne. Avec le <strong>minibus \u00e9lectrique Volkswagen ID.Buzz<\/strong>, l\u2019esprit \u00ab&nbsp;hippie&nbsp;\u00bb est conserv\u00e9, mais le tout dans un v\u00e9hicule bien plus fun \u00e0 conduire. La motorisation \u00e9lectrique \u26a1 n\u2019est \u00e9videmment pas \u00e9trang\u00e8re \u00e0 ce plaisir sur la route.<\/p>\n\n\n\n<p>La presse sp\u00e9cialis\u00e9e vante la <strong>facilit\u00e9 de conduite<\/strong>, la vue panoramique des si\u00e8ges avant, le sentiment de s\u00e9curit\u00e9 que l\u2019on ne retrouve que sur les plus gros SUV du march\u00e9. Le rayon de braquage est \u00e9tonnamment court pour un v\u00e9hicule de ce gabarit, ce qui est g\u00e9nial en ville.<\/p>\n\n\n\n<h3 class=\"wp-block-heading\" id=\"motorisations-et-finitions-id-buzz\">ID.Buzz&nbsp;: motorisations et finitions \ud83e\uddd1\u200d\ud83d\udd27<\/h3>\n\n\n\n<figure class=\"wp-block-image size-large\"><img decoding=\"async\" width=\"1024\" height=\"682\" data-src=\"https:\/\/www.sixt.fr\/magazine\/wp-content\/uploads\/\/sites\/3\/2023\/12\/Volkswagen-ID-Buzz-Pro-Cargo-1024x682.jpg\" alt=\"VW ID.Buzz Cargo et Pro\" class=\"wp-image-21997 lazyload\" data-srcset=\"https:\/\/www.sixt.fr\/magazine\/wp-content\/uploads\/\/sites\/3\/2023\/12\/Volkswagen-ID-Buzz-Pro-Cargo-1024x682.jpg 1024w, https:\/\/www.sixt.fr\/magazine\/wp-content\/uploads\/\/sites\/3\/2023\/12\/Volkswagen-ID-Buzz-Pro-Cargo-300x200.jpg 300w, https:\/\/www.sixt.fr\/magazine\/wp-content\/uploads\/\/sites\/3\/2023\/12\/Volkswagen-ID-Buzz-Pro-Cargo-768x512.jpg 768w, https:\/\/www.sixt.fr\/magazine\/wp-content\/uploads\/\/sites\/3\/2023\/12\/Volkswagen-ID-Buzz-Pro-Cargo.jpg 1400w\" data-sizes=\"(max-width: 1024px) 100vw, 1024px\" src=\"data:image\/svg+xml;base64,PHN2ZyB3aWR0aD0iMSIgaGVpZ2h0PSIxIiB4bWxucz0iaHR0cDovL3d3dy53My5vcmcvMjAwMC9zdmciPjwvc3ZnPg==\" style=\"--smush-placeholder-width: 1024px; --smush-placeholder-aspect-ratio: 1024\/682;\" \/><figcaption class=\"wp-element-caption\"><em>La version Cargo et Pro, dans l&rsquo;ordre<\/em><\/figcaption><\/figure>\n\n\n\n<p>Actuellement, la gamme ID.Buzz est limit\u00e9e \u00e0 2 mod\u00e8les&nbsp;:<\/p>\n\n\n\n<ul class=\"wp-block-list\">\n<li><strong>ID. Buzz Pro<\/strong><\/li>\n\n\n\n<li><strong>ID. Buzz Cargo<\/strong> (pas de vitres \u00e0 l\u2019arri\u00e8re, <a href=\"https:\/\/www.sixt.fr\/flotte\/location-utilitaire\/vw-volkswagen-utilitaire\/\">utilitaire VW<\/a>)<\/li>\n<\/ul>\n\n\n\n<p>En termes de motorisation, une seule variante \u00e9quipe les mod\u00e8les. A savoir un train \u00e9lectrique dot\u00e9 des performances suivantes :<\/p>\n\n\n\n<ul class=\"wp-block-list\">\n<li><strong>Puissance : 204 chevaux<\/strong><\/li>\n\n\n\n<li><strong>Consommation<\/strong> : 21 kWh\/100 km<\/li>\n\n\n\n<li><strong>Autonomie (WLTP)&nbsp;: 415 km<\/strong><\/li>\n<\/ul>\n\n\n\n<h3 class=\"wp-block-heading\" id=\"interieur-vw-id-buzz\">Int\u00e9rieur de la VW ID.Buzz \ud83d\ude0d<\/h3>\n\n\n\n<figure class=\"wp-block-image size-large\"><img decoding=\"async\" width=\"1024\" height=\"683\" data-src=\"https:\/\/www.sixt.fr\/magazine\/wp-content\/uploads\/\/sites\/3\/2023\/12\/vw-id-buzz-interieur-1024x683.jpg\" alt=\"int\u00e9rieur de l'ID Buzz \u00e9lectrique\" class=\"wp-image-21999 lazyload\" data-srcset=\"https:\/\/www.sixt.fr\/magazine\/wp-content\/uploads\/\/sites\/3\/2023\/12\/vw-id-buzz-interieur-1024x683.jpg 1024w, https:\/\/www.sixt.fr\/magazine\/wp-content\/uploads\/\/sites\/3\/2023\/12\/vw-id-buzz-interieur-300x200.jpg 300w, https:\/\/www.sixt.fr\/magazine\/wp-content\/uploads\/\/sites\/3\/2023\/12\/vw-id-buzz-interieur-768x512.jpg 768w, https:\/\/www.sixt.fr\/magazine\/wp-content\/uploads\/\/sites\/3\/2023\/12\/vw-id-buzz-interieur.jpg 1500w\" data-sizes=\"(max-width: 1024px) 100vw, 1024px\" src=\"data:image\/svg+xml;base64,PHN2ZyB3aWR0aD0iMSIgaGVpZ2h0PSIxIiB4bWxucz0iaHR0cDovL3d3dy53My5vcmcvMjAwMC9zdmciPjwvc3ZnPg==\" style=\"--smush-placeholder-width: 1024px; --smush-placeholder-aspect-ratio: 1024\/683;\" \/><figcaption class=\"wp-element-caption\"><em>Vue imprenable sur&#8230; tout ce qui se trouve devant, \u00e0 gauche et \u00e0 droite !<\/em><\/figcaption><\/figure>\n\n\n\n<p>L\u2019<strong>habitacle du minibus \u00e9lectrique ID Buzz<\/strong> a de l\u2019espace \u00e0 revendre. La plate-forme sp\u00e9cifique \u00e9lectrique de la gamme ID n\u2019est pas \u00e9trang\u00e8re \u00e0 cet int\u00e9rieur spacieux qui fait de ce v\u00e9hicule une <strong>familiale de choix<\/strong> \ud83d\udc68\u200d\ud83d\udc69\u200d\ud83d\udc67\u200d\ud83d\udc66. Les longues jambes seront dans le Buzz comme des poissons dans l\u2019eau&nbsp;! Le coffre est \u00e9galement immense (plus de 1100 l), ce qui est top pour les vacances, les sportifs \ud83c\udfc4\u200d\u2642\ufe0f, etc.<\/p>\n\n\n\n<figure class=\"wp-block-image size-large\"><img decoding=\"async\" width=\"1024\" height=\"683\" data-src=\"https:\/\/www.sixt.fr\/magazine\/wp-content\/uploads\/\/sites\/3\/2023\/12\/vw-id-buzz-coffre-1024x683.jpg\" alt=\"coffre Volkswagen ID Buzz Pro\" class=\"wp-image-22000 lazyload\" data-srcset=\"https:\/\/www.sixt.fr\/magazine\/wp-content\/uploads\/\/sites\/3\/2023\/12\/vw-id-buzz-coffre-1024x683.jpg 1024w, https:\/\/www.sixt.fr\/magazine\/wp-content\/uploads\/\/sites\/3\/2023\/12\/vw-id-buzz-coffre-300x200.jpg 300w, https:\/\/www.sixt.fr\/magazine\/wp-content\/uploads\/\/sites\/3\/2023\/12\/vw-id-buzz-coffre-768x512.jpg 768w, https:\/\/www.sixt.fr\/magazine\/wp-content\/uploads\/\/sites\/3\/2023\/12\/vw-id-buzz-coffre.jpg 1500w\" data-sizes=\"(max-width: 1024px) 100vw, 1024px\" src=\"data:image\/svg+xml;base64,PHN2ZyB3aWR0aD0iMSIgaGVpZ2h0PSIxIiB4bWxucz0iaHR0cDovL3d3dy53My5vcmcvMjAwMC9zdmciPjwvc3ZnPg==\" style=\"--smush-placeholder-width: 1024px; --smush-placeholder-aspect-ratio: 1024\/683;\" \/><figcaption class=\"wp-element-caption\"><em>On ne vous a pas menti, le coffre est gigantesque<\/em> \ud83d\udc18<\/figcaption><\/figure>\n\n\n\n<p>A l\u2019int\u00e9rieur de l\u2019ID Buzz, c\u2019est surtout le conducteur qui est g\u00e2t\u00e9. Les <strong>mat\u00e9riaux<\/strong>, le <strong>design<\/strong>, les rangements et l&rsquo;ambiance qui r\u00e8gne \u00e0 bord conf\u00e8rent au Buzz une <strong>atmosph\u00e8re joyeuse<\/strong> qui rend la bonne humeur contagieuse. Les grandes vitres qui inondent l\u2019int\u00e9rieur du minibus \u00e9lectrique de lumi\u00e8re \ud83d\udd06 n\u2019y sont probablement pas \u00e9trang\u00e8res. Le style est <strong>moderne<\/strong>. Par contre, l\u2019arri\u00e8re est plus ordinaire.<\/p>\n\n\n\n<h3 class=\"wp-block-heading\" id=\"options-et-equipements\">Options et \u00e9quipements de s\u00e9curit\u00e9 de s\u00e9rie \ud83d\udcc4<\/h3>\n\n\n\n<p>Le Volkswagen ID Buzz Pro b\u00e9n\u00e9ficie des <strong>\u00e9quipements<\/strong> suivants d\u00e8s le <strong>mod\u00e8le de base<\/strong> :<\/p>\n\n\n\n<ul class=\"wp-block-list\">\n<li>Antid\u00e9marrage \u00e9lectronique<\/li>\n\n\n\n<li>Assistant de freinage d&rsquo;urgence Front Assist avec syst\u00e8me de d\u00e9tection des pi\u00e9tons et cyclistes<\/li>\n\n\n\n<li>Assistant de maintien de voie Lane Assist<\/li>\n\n\n\n<li>Cam\u00e9ra multifonction \ud83d\udcf9<\/li>\n\n\n\n<li><strong>Direction assist\u00e9e \u00e9lectrom\u00e9canique<\/strong>, r\u00e9gl\u00e9e en fonction de la vitesse<\/li>\n\n\n\n<li>Protection proactive des occupants en combinaison avec <strong>Front Assist<\/strong><\/li>\n\n\n\n<li>Volant multifonction en cuir (blanc) ou en similicuir (noir), avec commande tactile, chauffant<\/li>\n\n\n\n<li>e-Sound<\/li>\n\n\n\n<li>\u00c9clairage p\u00e9rim\u00e9trique avec projection de logo<\/li>\n\n\n\n<li><strong>9 haut-parleurs<\/strong> (5 haut-parleurs \u00e0 l&rsquo;avant et 4 haut-parleurs \u00e0 l&rsquo;arri\u00e8re) \ud83c\udfb6<\/li>\n\n\n\n<li>App-Connect, y compris App-Connect Wireless pour Apple CarPlay et Android Auto<\/li>\n\n\n\n<li>Autoradio \u00ab\u00a0Ready 2 Discover\u00a0\u00bb avec \u00e9cran tactile couleur de 25,4 cm (10&Prime;)<\/li>\n\n\n\n<li><strong>Climatiseur Air Care Climatronic<\/strong> avec filtre \u00e0 charbon actif, climatisation stationnaire et r\u00e9gulation de temp\u00e9rature 2 zones<\/li>\n\n\n\n<li><strong>Syst\u00e8me d&rsquo;aide au stationnement<\/strong> &#8211; signaux d&rsquo;avertissement en cas d&rsquo;obstacles \u00e0 l&rsquo;avant et \u00e0 l&rsquo;arri\u00e8re<\/li>\n\n\n\n<li>Syst\u00e8me de contr\u00f4le de l&rsquo;\u00e9tat des pneus<\/li>\n\n\n\n<li>Assistant d&rsquo;\u00e9vitement et assistant de braquage<\/li>\n\n\n\n<li>Syst\u00e8me de d\u00e9tection des panneaux routiers \u26d4<\/li>\n\n\n\n<li>Syst\u00e8me de navigation \u00ab\u00a0Discover Pro\u00a0\u00bb<\/li>\n<\/ul>\n\n\n\n<figure class=\"wp-block-image size-large\"><img decoding=\"async\" width=\"1024\" height=\"683\" data-src=\"https:\/\/www.sixt.fr\/magazine\/wp-content\/uploads\/\/sites\/3\/2023\/12\/volkswagen-buzz-habitacle-1024x683.jpg\" alt=\"habitacle de l'ID Buzz \u00e9lectrique 5 places\" class=\"wp-image-22001 lazyload\" data-srcset=\"https:\/\/www.sixt.fr\/magazine\/wp-content\/uploads\/\/sites\/3\/2023\/12\/volkswagen-buzz-habitacle-1024x683.jpg 1024w, https:\/\/www.sixt.fr\/magazine\/wp-content\/uploads\/\/sites\/3\/2023\/12\/volkswagen-buzz-habitacle-300x200.jpg 300w, https:\/\/www.sixt.fr\/magazine\/wp-content\/uploads\/\/sites\/3\/2023\/12\/volkswagen-buzz-habitacle-768x512.jpg 768w, https:\/\/www.sixt.fr\/magazine\/wp-content\/uploads\/\/sites\/3\/2023\/12\/volkswagen-buzz-habitacle.jpg 1500w\" data-sizes=\"(max-width: 1024px) 100vw, 1024px\" src=\"data:image\/svg+xml;base64,PHN2ZyB3aWR0aD0iMSIgaGVpZ2h0PSIxIiB4bWxucz0iaHR0cDovL3d3dy53My5vcmcvMjAwMC9zdmciPjwvc3ZnPg==\" style=\"--smush-placeholder-width: 1024px; --smush-placeholder-aspect-ratio: 1024\/683;\" \/><figcaption class=\"wp-element-caption\"><em>Pas de risque de claustrophobie avec l&rsquo;ID.Buzz !<\/em><\/figcaption><\/figure>\n\n\n\n<h2 class=\"wp-block-heading\" id=\"volkswagen-id-buzz-avantages-inconvenients\">Avantages et inconv\u00e9nients de la Volkswagen ID.Buzz \u2696\ufe0f<\/h2>\n\n\n\n<p>L\u2019<strong>inconv\u00e9nient majeur de la Volkswagen ID.Buzz est clairement son prix<\/strong>. \u00c0 partir de 59.450 \u20ac, m\u00eame pour un <a href=\"https:\/\/www.sixt.fr\/location-voiture-electrique\/\">v\u00e9hicule \u00e9lectrique<\/a>, ce n\u2019est pas donn\u00e9. Cette tarification s\u2019explique probablement par la <strong>proposition de valeur unique du Buzz<\/strong>. S\u2019il s\u2019agit d\u2019un v\u00e9hicule tr\u00e8s pratique, c\u2019est aussi le genre de voiture sur lequel on craque ais\u00e9ment \ud83e\udd70. Car au niveau du charme, c\u2019est comme la <a href=\"https:\/\/www.sixt.fr\/flotte\/location-fiat\/500\/\">Fiat 500<\/a>, il est difficile d\u2019y r\u00e9sister.<\/p>\n\n\n\n<p>Pour le reste, il n\u2019y a que du <strong>positif<\/strong>. Charme, praticit\u00e9, int\u00e9rieur, motorisation \u00e9lectrique \ud83d\udd0b, <strong>bilan carbone neutre certifi\u00e9<\/strong>, \u00e9quipements\u2026 L\u2019ID.Buzz est pr\u00eat \u00e0 conqu\u00e9rir les c\u0153urs \ud83d\udc93. Et gr\u00e2ce \u00e0 la LLD, on peut plus facilement faire passer la pilule \ud83d\udc8a du prix. Que nous d\u00e9taillons dans le paragraphe suivant.<\/p>\n\n\n\n<ul class=\"wp-block-list\">\n<li><a href=\"https:\/\/www.sixt.fr\/magazine\/flotte\/location-volkswagen-id3\/\">Location de Volkswagen ID.3<\/a><\/li>\n<\/ul>\n\n\n\n<h2 class=\"wp-block-heading\" id=\"prix-volkswagen-id-buzz-2023-france\">Prix de la Volkswagen ID Buzz en France en 2024 \ud83d\udcb0<\/h2>\n\n\n\n<p>Il faut donc d\u00e9bourser <strong>59.450 \u20ac<\/strong> pour s\u2019approprier un <strong>ID Buzz Pro neuf<\/strong> (prix catalogue \ud83d\udcc4 janvier 2024). Il s\u2019agit du tarif de base pour le mod\u00e8le de couleur <strong>argent mono m\u00e9tallis\u00e9<\/strong>. Contrairement \u00e0 la plupart des mod\u00e8les, le Buzz n\u2019est pas disponible en de nombreuses finitions. On configure la variante Pro et c\u2019est tout. Par exemple, il faut rajouter environ 1.000 \u20ac pour les tons vert, jaune, orange ou bleu fonc\u00e9. Vous pouvez \u00e9galement configurer l\u2019int\u00e9rieur, les jantes et les options pour <strong>personnaliser le v\u00e9hicule<\/strong>.<\/p>\n\n\n\n<ul class=\"wp-block-list\">\n<li><a href=\"https:\/\/www.sixt.fr\/magazine\/flotte\/location-minibus-avec-chauffeur\/\">Location de minibus avec chauffeur<\/a><\/li>\n<\/ul>\n\n\n\n<h3 class=\"wp-block-heading\" id=\"tarif-lld-vw-id-buzz\">Tarif LLD VW ID Buzz \ud83d\udcb2<\/h3>\n\n\n\n<p>En termes de LLD ID Buzz, Volkswagen propose la <strong>location longue dur\u00e9e \u00e0 partir de 525 \u20ac<\/strong> par mois. Les d\u00e9tails de cette offre valable jusque d\u00e9but 2024 :<\/p>\n\n\n\n<ul class=\"wp-block-list\">\n<li>Location longue dur\u00e9e 37 mois \/ 40.000 km<\/li>\n\n\n\n<li>1er loyer major\u00e9 de 5.453 \u20ac<\/li>\n\n\n\n<li>36 loyers de 525 \u20ac TTC<\/li>\n\n\n\n<li>ID Buzz 77 kWh sans options au prix catalogue de 59.450 \u20ac TTC<\/li>\n\n\n\n<li>Offre incluant un Pack S avec VDR et Entretien pour 18 \u20ac\/mois compris dans le loyer<\/li>\n<\/ul>\n\n\n\n<p>Faut-il <strong>acheter un Buzz ou prendre la LLD<\/strong>&nbsp;? Voici un <strong>comparatif des prix<\/strong> sur base d\u2019une dur\u00e9e de vie de 15 ans du v\u00e9hicule et 13.000 km annuels (le kilom\u00e9trage pr\u00e9vu par la LLD)&nbsp;:<\/p>\n\n\n\n<figure class=\"wp-block-table\"><table><tbody><tr><td>&nbsp;<\/td><td><strong>Achat ID Buzz<\/strong><\/td><td><a href=\"https:\/\/www.sixt.fr\/services-de-location\/location-longue-duree\/lld-volkswagen\/\">LLD Volkswagen<\/a><\/td><\/tr><tr><td>Prix ou apport<\/td><td>59.450 \u20ac<\/td><td>5.453 \u20ac<\/td><\/tr><tr><td>Loyer<\/td><td>&#8211;<\/td><td>525 \u20ac<\/td><\/tr><tr><td>Co\u00fbt total des loyers 3 ans<\/td><td>&#8211;<\/td><td>18.900 \u20ac<\/td><\/tr><tr><td>Co\u00fbt d\u00e9tention v\u00e9hicule pour 3 ans<\/td><td>11.889 \u20ac<\/td><td>24.353 \u20ac<\/td><\/tr><\/tbody><\/table><\/figure>\n\n\n\n<div style=\"height:30px\" aria-hidden=\"true\" class=\"wp-block-spacer\"><\/div>\n\n\n\n<h2 class=\"wp-block-heading\" id=\"location-volkswagen-id-buzz-sixt\">Location de la ID.Buzz Volkswagen avec SIXT \ud83d\udc4d<\/h2>\n\n\n\n<p>S\u00e9duit(e) par la perspective de prendre le volant d\u2019un <strong>Volkswagen ID Buzz de location<\/strong>&nbsp;? Envie de l\u2019essayer plus de 30 minutes \u231a avant de signer un bon de commande ? SIXT vous offre cette possibilit\u00e9 en France via la cat\u00e9gorie SVAE&nbsp;! V\u00e9rifiez la <strong>disponibilit\u00e9 du v\u00e9hicule<\/strong> dans l\u2019agence de votre choix via notre <a href=\"https:\/\/www.sixt.fr\/location-voiture\/\">calculateur de devis<\/a>. Vous pourrez peut-\u00eatre m\u00eame louer l\u2019ID Buzz lors de votre prochain voyage \u00e0 l\u2019\u00e9tranger. Nous avons aussi bien d&rsquo;autres <a href=\"https:\/\/www.sixt.fr\/flotte\/location-vw-volkswagen\/\">Volkswagen en location<\/a> \u00e0 vous proposer.<\/p>\n\n\n\n<p style=\"text-align: center\"><a class=\"button\" href=\"https:\/\/www.sixt.fr\/flotte\/location-vw-volkswagen\/\">Location de Volkswagen avec SIXT<\/a><\/p>\n\n\n\n<h2 class=\"wp-block-heading\" id=\"lld-volkswagen-id-buzz\">LLD Volkswagen ID.Buzz avec le leasing au mois SIXT+ abonnement\u00a0? \ud83e\udd14<\/h2>\n\n\n\n<p>Vous connaissez probablement d\u00e9j\u00e0 <strong>SIXT+<\/strong> abonnement, ce syst\u00e8me d\u2019abonnement auto au mois apparent\u00e9 \u00e0 la location longue dur\u00e9e, mais bien plus flexible. Est-il possible de prendre en <strong>LLD l\u2019ID Buzz<\/strong> avec SIXT+ abonnement\u00a0? Le v\u00e9hicule a fait partie de la flotte en 2023, mais il est actuellement en rupture de stock \ud83e\udd7a. Il pourrait par contre bien faire son grand retour en 2024. Pour v\u00e9rifier ce qu\u2019il en est actuellement, consultez notre <a href=\"https:\/\/www.sixt.fr\/plus\/offerlist\/\">catalogue abonnement auto au mois<\/a>. Si le <strong>minibus \u00e9lectrique<\/strong> est toujours indisponible, vous pourrez vous retrancher sur une alternative comme le SUV <a href=\"https:\/\/www.sixt.fr\/magazine\/flotte\/location-volkswagen-id4\/\">VW ID4 en LLD<\/a>.<\/p>\n\n\n\n<p style=\"text-align: center\"><a class=\"button\" href=\"https:\/\/www.sixt.fr\/plus\/offerlist\/\">D\u00e9couvrir la flotte SIXT+ abonnement<\/a><\/p>\n\n\n\n<p>Pour rappel, cette <a href=\"https:\/\/www.sixt.fr\/services-de-location\/location-voiture-au-mois\/\">location au mois<\/a> peut \u00eatre interrompue mensuellement, sans frais. La reconduction est tacite, il suffit de <strong>conserver la voiture de mois en mois<\/strong> en fonction de vos besoins. Le tarif est tout inclus (assurance, entretiens, r\u00e9parations\u2026). Vous pouvez donc parfaitement contr\u00f4ler votre budget de mobilit\u00e9 et <strong>changer de voiture \u00e0 tout moment<\/strong> \ud83d\ude0e, sans contraintes.<\/p>\n\n\n\n<iframe width=\"1140\" height=\"640\" data-src=\"https:\/\/www.youtube.com\/embed\/6hKqxyaOR54?si=I2xHEVUcJrVUIK7Z\" frameborder=\"0\" allowfullscreen src=\"data:image\/svg+xml;base64,PHN2ZyB3aWR0aD0iMSIgaGVpZ2h0PSIxIiB4bWxucz0iaHR0cDovL3d3dy53My5vcmcvMjAwMC9zdmciPjwvc3ZnPg==\" class=\"lazyload\" data-load-mode=\"1\"><\/iframe>\n\n\n\n<p><em>[Article mis \u00e0 jour le 26 janvier 2024]<\/em><\/p>\n<!-- AddThis Advanced Settings generic via filter on the_content --><!-- AddThis Share Buttons generic via filter on the_content -->","protected":false},"excerpt":{"rendered":"<p>L&rsquo;ann\u00e9e derni\u00e8re, SIXT a \u00e9toff\u00e9 sa flotte avec un v\u00e9hicule mythique \ud83e\udee8. Ou plut\u00f4t l\u2019h\u00e9ritier de la l\u00e9gende automobile qu\u2019est le VW Combi. Car oui, ce Volkswagen ID Buzz est en location chez SIXT France \ud83e\udd73. Ainsi que dans d\u2019autres pays de notre r\u00e9seau mondial. D\u00e9couvrez ce minibus craquant \u00e0 travers son int\u00e9rieur et ses&#8230;<!-- AddThis Advanced Settings generic via filter on get_the_excerpt --><!-- AddThis Share Buttons generic via filter on get_the_excerpt --><\/p>\n","protected":false},"author":23,"featured_media":21996,"comment_status":"closed","ping_status":"open","sticky":false,"template":"","format":"standard","meta":{"_genesis_hide_title":false,"_genesis_hide_breadcrumbs":false,"_genesis_hide_singular_image":false,"_genesis_hide_footer_widgets":false,"_genesis_custom_body_class":"","_genesis_custom_post_class":"","_genesis_layout":"","ngg_post_thumbnail":0,"footnotes":""},"categories":[4],"tags":[],"class_list":{"0":"post-21995","1":"post","2":"type-post","3":"status-publish","4":"format-standard","5":"has-post-thumbnail","7":"category-flotte","8":"entry"},"yoast_head":"<!-- This site is optimized with the Yoast SEO plugin v27.1.1 - https:\/\/yoast.com\/product\/yoast-seo-wordpress\/ -->\n<title>Location ID Buzz Volkswagen, LLD, prix et finitions Pro\/Cargo<\/title>\n<meta name=\"description\" content=\"D\u00e9couvrez sous toutes ses coutures le Volkswagen ID.Buzz \u00e9lectrique. Dotation, prix, LLD, qualit\u00e9s et d\u00e9fauts. Minibus en location ici.\" \/>\n<meta name=\"robots\" content=\"index, follow, max-snippet:-1, max-image-preview:large, max-video-preview:-1\" \/>\n<link rel=\"canonical\" href=\"https:\/\/www.sixt.fr\/magazine\/flotte\/location-volkswagen-id-buzz\/\" \/>\n<meta property=\"og:locale\" content=\"fr_FR\" \/>\n<meta property=\"og:type\" content=\"article\" \/>\n<meta property=\"og:title\" content=\"Location ID Buzz Volkswagen, LLD, prix et finitions Pro\/Cargo\" \/>\n<meta property=\"og:description\" content=\"D\u00e9couvrez sous toutes ses coutures le Volkswagen ID.Buzz \u00e9lectrique. Dotation, prix, LLD, qualit\u00e9s et d\u00e9fauts. Minibus en location ici.\" \/>\n<meta property=\"og:url\" content=\"https:\/\/www.sixt.fr\/magazine\/flotte\/location-volkswagen-id-buzz\/\" \/>\n<meta property=\"og:site_name\" content=\"Sixt Magazine\" \/>\n<meta property=\"article:published_time\" content=\"2023-12-14T12:12:48+00:00\" \/>\n<meta property=\"article:modified_time\" content=\"2025-10-24T08:30:44+00:00\" \/>\n<meta property=\"og:image\" content=\"https:\/\/www.sixt.fr\/magazine\/wp-content\/uploads\/\/sites\/3\/2023\/12\/Volkswagen-ID-Buzz-europe.jpg\" \/>\n\t<meta property=\"og:image:width\" content=\"1400\" \/>\n\t<meta property=\"og:image:height\" content=\"933\" \/>\n\t<meta property=\"og:image:type\" content=\"image\/jpeg\" \/>\n<meta name=\"author\" content=\"Martin\" \/>\n<meta name=\"twitter:card\" content=\"summary_large_image\" \/>\n<meta name=\"twitter:label1\" content=\"\u00c9crit par\" \/>\n\t<meta name=\"twitter:data1\" content=\"Martin\" \/>\n\t<meta name=\"twitter:label2\" content=\"Dur\u00e9e de lecture estim\u00e9e\" \/>\n\t<meta name=\"twitter:data2\" content=\"10 minutes\" \/>\n<!-- \/ Yoast SEO plugin. -->","yoast_head_json":{"title":"Location ID Buzz Volkswagen, LLD, prix et finitions Pro\/Cargo","description":"D\u00e9couvrez sous toutes ses coutures le Volkswagen ID.Buzz \u00e9lectrique. Dotation, prix, LLD, qualit\u00e9s et d\u00e9fauts. Minibus en location ici.","robots":{"index":"index","follow":"follow","max-snippet":"max-snippet:-1","max-image-preview":"max-image-preview:large","max-video-preview":"max-video-preview:-1"},"canonical":"https:\/\/www.sixt.fr\/magazine\/flotte\/location-volkswagen-id-buzz\/","og_locale":"fr_FR","og_type":"article","og_title":"Location ID Buzz Volkswagen, LLD, prix et finitions Pro\/Cargo","og_description":"D\u00e9couvrez sous toutes ses coutures le Volkswagen ID.Buzz \u00e9lectrique. Dotation, prix, LLD, qualit\u00e9s et d\u00e9fauts. Minibus en location ici.","og_url":"https:\/\/www.sixt.fr\/magazine\/flotte\/location-volkswagen-id-buzz\/","og_site_name":"Sixt Magazine","article_published_time":"2023-12-14T12:12:48+00:00","article_modified_time":"2025-10-24T08:30:44+00:00","og_image":[{"width":1400,"height":933,"url":"https:\/\/www.sixt.fr\/magazine\/wp-content\/uploads\/\/sites\/3\/2023\/12\/Volkswagen-ID-Buzz-europe.jpg","type":"image\/jpeg"}],"author":"Martin","twitter_card":"summary_large_image","twitter_misc":{"\u00c9crit par":"Martin","Dur\u00e9e de lecture estim\u00e9e":"10 minutes"},"schema":{"@context":"https:\/\/schema.org","@graph":[{"@type":"Article","@id":"https:\/\/www.sixt.fr\/magazine\/flotte\/location-volkswagen-id-buzz\/#article","isPartOf":{"@id":"https:\/\/www.sixt.fr\/magazine\/flotte\/location-volkswagen-id-buzz\/"},"author":{"name":"Martin","@id":"https:\/\/www.sixt.fr\/magazine\/#\/schema\/person\/7ab7ff1057e6a624cde3e74a9f39ce78"},"headline":"Location de Volkswagen ID Buzz chez SIXT \ud83d\ude90 \ud83e\udd29","datePublished":"2023-12-14T12:12:48+00:00","dateModified":"2025-10-24T08:30:44+00:00","mainEntityOfPage":{"@id":"https:\/\/www.sixt.fr\/magazine\/flotte\/location-volkswagen-id-buzz\/"},"wordCount":1747,"image":{"@id":"https:\/\/www.sixt.fr\/magazine\/flotte\/location-volkswagen-id-buzz\/#primaryimage"},"thumbnailUrl":"https:\/\/www.sixt.fr\/magazine\/wp-content\/uploads\/\/sites\/3\/2023\/12\/Volkswagen-ID-Buzz-europe.jpg","articleSection":["Flotte\u00a0"],"inLanguage":"fr-FR"},{"@type":"WebPage","@id":"https:\/\/www.sixt.fr\/magazine\/flotte\/location-volkswagen-id-buzz\/","url":"https:\/\/www.sixt.fr\/magazine\/flotte\/location-volkswagen-id-buzz\/","name":"Location ID Buzz Volkswagen, LLD, prix et finitions Pro\/Cargo","isPartOf":{"@id":"https:\/\/www.sixt.fr\/magazine\/#website"},"primaryImageOfPage":{"@id":"https:\/\/www.sixt.fr\/magazine\/flotte\/location-volkswagen-id-buzz\/#primaryimage"},"image":{"@id":"https:\/\/www.sixt.fr\/magazine\/flotte\/location-volkswagen-id-buzz\/#primaryimage"},"thumbnailUrl":"https:\/\/www.sixt.fr\/magazine\/wp-content\/uploads\/\/sites\/3\/2023\/12\/Volkswagen-ID-Buzz-europe.jpg","datePublished":"2023-12-14T12:12:48+00:00","dateModified":"2025-10-24T08:30:44+00:00","author":{"@id":"https:\/\/www.sixt.fr\/magazine\/#\/schema\/person\/7ab7ff1057e6a624cde3e74a9f39ce78"},"description":"D\u00e9couvrez sous toutes ses coutures le Volkswagen ID.Buzz \u00e9lectrique. Dotation, prix, LLD, qualit\u00e9s et d\u00e9fauts. Minibus en location ici.","inLanguage":"fr-FR","potentialAction":[{"@type":"ReadAction","target":["https:\/\/www.sixt.fr\/magazine\/flotte\/location-volkswagen-id-buzz\/"]}]},{"@type":"ImageObject","inLanguage":"fr-FR","@id":"https:\/\/www.sixt.fr\/magazine\/flotte\/location-volkswagen-id-buzz\/#primaryimage","url":"https:\/\/www.sixt.fr\/magazine\/wp-content\/uploads\/\/sites\/3\/2023\/12\/Volkswagen-ID-Buzz-europe.jpg","contentUrl":"https:\/\/www.sixt.fr\/magazine\/wp-content\/uploads\/\/sites\/3\/2023\/12\/Volkswagen-ID-Buzz-europe.jpg","width":1400,"height":933,"caption":"Volkswagen ID Buzz"},{"@type":"WebSite","@id":"https:\/\/www.sixt.fr\/magazine\/#website","url":"https:\/\/www.sixt.fr\/magazine\/","name":"SIXT Magazine","description":"Nos conseils voyages et actualit\u00e9s","potentialAction":[{"@type":"SearchAction","target":{"@type":"EntryPoint","urlTemplate":"https:\/\/www.sixt.fr\/magazine\/?s={search_term_string}"},"query-input":{"@type":"PropertyValueSpecification","valueRequired":true,"valueName":"search_term_string"}}],"inLanguage":"fr-FR"},{"@type":"Person","@id":"https:\/\/www.sixt.fr\/magazine\/#\/schema\/person\/7ab7ff1057e6a624cde3e74a9f39ce78","name":"Martin","image":{"@type":"ImageObject","inLanguage":"fr-FR","@id":"https:\/\/www.sixt.fr\/magazine\/#\/schema\/person\/image\/","url":"https:\/\/secure.gravatar.com\/avatar\/64b254e02b1438299783d578213ea1a5e5a318cb8916b0fd778afc99f217d30c?s=96&d=mm&r=g","contentUrl":"https:\/\/secure.gravatar.com\/avatar\/64b254e02b1438299783d578213ea1a5e5a318cb8916b0fd778afc99f217d30c?s=96&d=mm&r=g","caption":"Martin"},"url":"https:\/\/www.sixt.fr\/magazine\/author\/marting\/"}]}},"_links":{"self":[{"href":"https:\/\/www.sixt.fr\/magazine\/wp-json\/wp\/v2\/posts\/21995","targetHints":{"allow":["GET"]}}],"collection":[{"href":"https:\/\/www.sixt.fr\/magazine\/wp-json\/wp\/v2\/posts"}],"about":[{"href":"https:\/\/www.sixt.fr\/magazine\/wp-json\/wp\/v2\/types\/post"}],"author":[{"embeddable":true,"href":"https:\/\/www.sixt.fr\/magazine\/wp-json\/wp\/v2\/users\/23"}],"replies":[{"embeddable":true,"href":"https:\/\/www.sixt.fr\/magazine\/wp-json\/wp\/v2\/comments?post=21995"}],"version-history":[{"count":0,"href":"https:\/\/www.sixt.fr\/magazine\/wp-json\/wp\/v2\/posts\/21995\/revisions"}],"wp:featuredmedia":[{"embeddable":true,"href":"https:\/\/www.sixt.fr\/magazine\/wp-json\/wp\/v2\/media\/21996"}],"wp:attachment":[{"href":"https:\/\/www.sixt.fr\/magazine\/wp-json\/wp\/v2\/media?parent=21995"}],"wp:term":[{"taxonomy":"category","embeddable":true,"href":"https:\/\/www.sixt.fr\/magazine\/wp-json\/wp\/v2\/categories?post=21995"},{"taxonomy":"post_tag","embeddable":true,"href":"https:\/\/www.sixt.fr\/magazine\/wp-json\/wp\/v2\/tags?post=21995"}],"curies":[{"name":"wp","href":"https:\/\/api.w.org\/{rel}","templated":true}]}}