{"id":21779,"date":"2023-11-03T10:33:56","date_gmt":"2023-11-03T10:33:56","guid":{"rendered":"https:\/\/www.sixt.fr\/magazine\/?p=21779"},"modified":"2026-01-15T13:44:18","modified_gmt":"2026-01-15T13:44:18","slug":"voiture-la-plus-ecologique","status":"publish","type":"post","link":"https:\/\/www.sixt.fr\/magazine\/flotte\/voiture-la-plus-ecologique\/","title":{"rendered":"Voiture la plus \u00e9cologique: top 10 \ud83d\ude97\u267b\ufe0f"},"content":{"rendered":"\n<p>Le respect de l\u2019environnement fait partie de vos pr\u00e9rogatives\u00a0? Vous r\u00e9fl\u00e9chissez \u00e0 l\u2019acquisition d\u2019une nouvelle voiture\u00a0? Dans ce cas, vous vous demandez probablement quelle est <strong>la voiture la plus \u00e9cologique \ud83e\udd14<\/strong>. SIXT, l\u2019un des pionniers de la <a href=\"https:\/\/www.sixt.fr\/flotte\/location-voiture-hybride\/\">location de voiture hybride<\/a> et \u00e9lectrique, vous propose un <strong>top 10 des v\u00e9hicules les plus \u00e9colos<\/strong>. Mais aussi d\u2019\u00e9voquer la difficult\u00e9 de d\u00e9terminer les mod\u00e8les les moins nocifs, tant les calculs \ud83e\uddee sont complexes et peuvent varier d\u2019un organisme \u00e0 l\u2019autre.<\/p>\n\n\n\n<p><strong>Sommaire&nbsp;:<\/strong><\/p>\n\n\n\n<ol class=\"wp-block-list\">\n<li><a href=\"#definition-voiture-ecologique\">D\u00e9finition d\u2019une voiture \u00e9cologique<\/a><\/li>\n\n\n\n<li><a href=\"#la-voiture-electrique-est-elle-vraiment-plus-ecologique\">La voiture \u00e9lectrique est-elle vraiment plus \u00e9cologique ?<\/a><\/li>\n\n\n\n<li><a href=\"#classement-des-voitures-les-plus-ecologiques\">Classement des voitures les plus \u00e9cologiques<\/a>\n<ol class=\"wp-block-list\">\n<li><a href=\"#byd-atto-3\">BYD Atto 3<\/a><\/li>\n\n\n\n<li><a href=\"#mini-cooper-se-2-portes\">Mini Cooper SE<\/a><\/li>\n\n\n\n<li><a href=\"#vw-id5\">VW ID.5<\/a><\/li>\n\n\n\n<li><a href=\"#nissan-ariya\">Nissan Ariya<\/a><\/li>\n\n\n\n<li><a href=\"#nissan-leaf-ev\">Nissan Leaf EV<\/a><\/li>\n\n\n\n<li><a href=\"#toyota-bz4x\">Toyota bZ4x<\/a><\/li>\n\n\n\n<li><a href=\"#mazda-mx-30\">Mazda MX-30<\/a><\/li>\n\n\n\n<li><a href=\"#tesla-model-3\">Tesla Model 3<\/a><\/li>\n\n\n\n<li><a href=\"#kia-niro-hybride\">Kia Niro hybride<\/a><\/li>\n\n\n\n<li><a href=\"#opel-mokka\">Opel Mokka<\/a><\/li>\n\n\n\n<li><a href=\"#autres-modeles-respectueux-environnement\">Autres mod\u00e8les respectueux de l\u2019environnement<\/a><\/li>\n<\/ol>\n<\/li>\n\n\n\n<li><a href=\"#autres-considerations-pour-rouler-ecolo\">Autres consid\u00e9rations pour rouler \u00e9colo<\/a><\/li>\n\n\n\n<li><a href=\"#location-voiture-solution-la-plus-ecologique\">La location de voiture, la solution la plus \u00e9cologique ?<\/a>\n<ol class=\"wp-block-list\">\n<li><a href=\"#vehicules-respectueux-nature-louer-sixt\">Des v\u00e9hicules respectueux de la nature \u00e0 louer chez SIXT<\/a><\/li>\n<\/ol>\n<\/li>\n<\/ol>\n\n\n<div class=\"wp-block-image\">\n<figure class=\"aligncenter size-full\"><img decoding=\"async\" width=\"1280\" height=\"720\" data-src=\"https:\/\/www.sixt.fr\/magazine\/wp-content\/uploads\/\/sites\/3\/2023\/11\/voiture-la-plus-ecologique.jpg\" alt=\"les voitures les plus \u00e9cologiques sont-elles \u00e9lectriques ?\" class=\"wp-image-21781 lazyload\" data-srcset=\"https:\/\/www.sixt.fr\/magazine\/wp-content\/uploads\/\/sites\/3\/2023\/11\/voiture-la-plus-ecologique.jpg 1280w, https:\/\/www.sixt.fr\/magazine\/wp-content\/uploads\/\/sites\/3\/2023\/11\/voiture-la-plus-ecologique-300x169.jpg 300w, https:\/\/www.sixt.fr\/magazine\/wp-content\/uploads\/\/sites\/3\/2023\/11\/voiture-la-plus-ecologique-1024x576.jpg 1024w, https:\/\/www.sixt.fr\/magazine\/wp-content\/uploads\/\/sites\/3\/2023\/11\/voiture-la-plus-ecologique-768x432.jpg 768w\" data-sizes=\"(max-width: 1280px) 100vw, 1280px\" src=\"data:image\/svg+xml;base64,PHN2ZyB3aWR0aD0iMSIgaGVpZ2h0PSIxIiB4bWxucz0iaHR0cDovL3d3dy53My5vcmcvMjAwMC9zdmciPjwvc3ZnPg==\" style=\"--smush-placeholder-width: 1280px; --smush-placeholder-aspect-ratio: 1280\/720;\" \/><\/figure><\/div>\n\n\n<div style=\"height:30px\" aria-hidden=\"true\" class=\"wp-block-spacer\"><\/div>\n\n\n\n<h2 class=\"wp-block-heading\" id=\"definition-voiture-ecologique\">D\u00e9finition d\u2019une voiture \u00e9cologique \ud83e\udd13<\/h2>\n\n\n\n<p><strong>Qu\u2019est-ce qu\u2019une voiture \u00e9cologique<\/strong>, au juste&nbsp;? En principe, il doit s\u2019agir d\u2019un v\u00e9hicule qui engendre <strong>le moins d\u2019impact sur l\u2019environnement<\/strong> \u00e0 tous les points de vue. Cela concerne notamment les \u00e9missions de CO2 et d&rsquo;autres particules polluantes. Mais aussi la pollution engendr\u00e9e \ud83c\udfed par la fabrication de la voiture, la mise \u00e0 disposition du carburant utilis\u00e9, la dur\u00e9e de vie du v\u00e9hicule, etc.<\/p>\n\n\n\n<p style=\"text-align: center\"><a class=\"button\" href=\"https:\/\/www.sixt.fr\/location-voiture-electrique\/\">Location de voiture \u00e9lectrique avec SIXT<\/a><\/p>\n\n\n\n<h2 class=\"wp-block-heading\" id=\"la-voiture-electrique-est-elle-vraiment-plus-ecologique\">La voiture \u00e9lectrique est-elle vraiment plus \u00e9cologique&nbsp;? \ud83e\udd14<\/h2>\n\n\n\n<p>Quand on prend tous ces \u00e9l\u00e9ments en compte, un <strong>v\u00e9hicule \u00e9lectrique est-il vraiment plus \u00e9cologique<\/strong>&nbsp;? S\u2019ils sont par d\u00e9finition \u00e0 0 \u00e9mission, ils ont des points faibles par rapport aux v\u00e9hicules thermiques :<\/p>\n\n\n\n<ul class=\"wp-block-list\">\n<li><strong>Batteries \ud83e\udeab&nbsp;<\/strong>: leur fabrication exige une grande quantit\u00e9 de m\u00e9taux<\/li>\n\n\n\n<li><strong>Dur\u00e9e de vie<\/strong>&nbsp;: le cycle de vie d\u2019une batterie signifie qu\u2019elles devront \u00eatre remplac\u00e9es alors que le v\u00e9hicule est toujours bon pour le service. Cela n\u2019est pas sans cons\u00e9quence sur l\u2019environnement<\/li>\n\n\n\n<li><strong>Poids<\/strong> \ud83d\udc18&nbsp;: une <a href=\"https:\/\/www.sixt.fr\/location-voiture-electrique\/\">voiture \u00e9lectrique<\/a> est plus lourde qu\u2019un v\u00e9hicule classique \u00e0 cause des batteries. Ce qui signifie qu\u2019elle consomme plus d\u2019\u00e9nergie<\/li>\n\n\n\n<li><strong>Sans \u00e9lectricit\u00e9 verte<\/strong>, le label 0 \u00e9mission est trompeur (si une centrale \u00e0 charbon produit l\u2019\u00e9lectricit\u00e9 consomm\u00e9e, par exemple)<\/li>\n<\/ul>\n\n\n\n<p>Pour \u00e9tablir l\u2019<strong>impact environnemental global d\u2019un v\u00e9hicule<\/strong>, il faut donc se pencher sur de nombreux crit\u00e8res \ud83d\ude2e\u200d\ud83d\udca8. Par exemple, un fabricant de batteries qui utilise dans son usine des \u00e9nergies renouvelables et des m\u00e9taux recycl\u00e9s aura une empreinte \u00e9cologique plus basse qu\u2019un fabricant qui utilise de l\u2019\u00e9lectricit\u00e9 en provenance d\u2019une centrale \u00e0 charbon et des mat\u00e9riaux fra\u00eechement extraits d\u2019une mine. Un <strong>mod\u00e8le assembl\u00e9 en France<\/strong> va produire moins d&rsquo;\u00e9missions au transport \ud83d\udea2 qu&rsquo;un v\u00e9hicule assembl\u00e9 au bout du monde. R\u00e9aliser cette analyse pour chaque mod\u00e8le produit est donc un v\u00e9ritable travail de fourmi \ud83d\udc1c. Il est cependant fait par des <strong>organes sp\u00e9cialis\u00e9s<\/strong>, notamment en Europe et aux \u00c9tats-Unis.<\/p>\n\n\n\n<p>Au final, le verdict de diverses organisations qui ont fait ces calculs d\u2019apothicaire \ud83e\udd2f affirme qu\u2019en moyenne, la <strong>voiture \u00e9lectrique reste plus \u00e9cologique<\/strong>. C\u2019est notamment le cas de <a href=\"https:\/\/www.transportenvironment.org\/discover\/how-clean-are-electric-cars\/\" target=\"_blank\" rel=\"noreferrer noopener nofollow\">Transport &amp; Environment (T&amp;E)<\/a> en Europe, qui estime qu\u2019en termes d\u2019\u00e9missions une <strong>voiture \u00e9lectrique est environ 3 fois moins polluante<\/strong> \ud83d\udc4d qu\u2019un mod\u00e8le essence :<\/p>\n\n\n<div class=\"wp-block-image\">\n<figure class=\"aligncenter size-full\"><img decoding=\"async\" width=\"787\" height=\"466\" data-src=\"https:\/\/www.sixt.fr\/magazine\/wp-content\/uploads\/\/sites\/3\/2023\/11\/voiture-electrique-vraiment-ecologique.png\" alt=\"voiture \u00e9lectrique \u00e9cologique\" class=\"wp-image-21780 lazyload\" data-srcset=\"https:\/\/www.sixt.fr\/magazine\/wp-content\/uploads\/\/sites\/3\/2023\/11\/voiture-electrique-vraiment-ecologique.png 787w, https:\/\/www.sixt.fr\/magazine\/wp-content\/uploads\/\/sites\/3\/2023\/11\/voiture-electrique-vraiment-ecologique-300x178.png 300w, https:\/\/www.sixt.fr\/magazine\/wp-content\/uploads\/\/sites\/3\/2023\/11\/voiture-electrique-vraiment-ecologique-768x455.png 768w\" data-sizes=\"(max-width: 787px) 100vw, 787px\" src=\"data:image\/svg+xml;base64,PHN2ZyB3aWR0aD0iMSIgaGVpZ2h0PSIxIiB4bWxucz0iaHR0cDovL3d3dy53My5vcmcvMjAwMC9zdmciPjwvc3ZnPg==\" style=\"--smush-placeholder-width: 787px; --smush-placeholder-aspect-ratio: 787\/466;\" \/><figcaption class=\"wp-element-caption\"><em>La ligne bleue (\u00e9lectrique) montre que l&rsquo;impact CO2 de la fabrication d&rsquo;une voiture \u00e9lectrique est beaucoup plus \u00e9lev\u00e9 que celui d&rsquo;une voiture thermique (orange). Mais sur le long terme, l&rsquo;\u00e9lectrique gagne haut la main ! (source Transport &amp; Environment)<\/em> <\/figcaption><\/figure><\/div>\n\n\n<h2 class=\"wp-block-heading\" id=\"classement-des-voitures-les-plus-ecologiques\">Classement des voitures les plus \u00e9cologiques\ud83d\udcc4<\/h2>\n\n\n\n<p>Cette introduction a permis de mettre en lumi\u00e8re \u00e0 quel point il est complexe d\u2019\u00e9tablir un <strong>classement de la voiture la plus \u00e9cologique<\/strong> quand on sort d\u2019un simple triage par <strong>\u00e9missions de C02 par km<\/strong>. Par exemple, la pollution d\u2019une m\u00eame voiture \u00e9lectrique va varier d\u2019un pays \u00e0 l\u2019autre, en fonction de la m\u00e9thode de production de l\u2019\u00e9lectricit\u00e9 \u26a1&nbsp;!<\/p>\n\n\n\n<p>C\u2019est pourquoi nous avons d\u00e9cid\u00e9, pour \u00e9tablir ce <strong>top 10 de la voiture \u00e9cologique<\/strong>, de prendre des mod\u00e8les \u00e9manant de plusieurs classements. Il y a notamment <a href=\"https:\/\/www.aceee.org\/press-release\/2023\/02\/greenercars-2023-efficiency-and-weight-not-just-electric-vs-gas-shape\">celui de l\u2019ACEEE<\/a>, une association am\u00e9ricaine qui tente de mesurer l\u2019impact environnemental global des v\u00e9hicules, peu importe leur carburant. Nous avons bien entendu ignor\u00e9 les mod\u00e8les qui ne sont pas commercialis\u00e9s en France.<\/p>\n\n\n<div class=\"wp-block-image\">\n<figure class=\"aligncenter size-full\"><img decoding=\"async\" width=\"818\" height=\"462\" data-src=\"https:\/\/www.sixt.fr\/magazine\/wp-content\/uploads\/\/sites\/3\/2023\/11\/impact-environnement-electrique-thermique.png\" alt=\"impact environnemental \u00e9lectrique et thermique\" class=\"wp-image-21782 lazyload\" data-srcset=\"https:\/\/www.sixt.fr\/magazine\/wp-content\/uploads\/\/sites\/3\/2023\/11\/impact-environnement-electrique-thermique.png 818w, https:\/\/www.sixt.fr\/magazine\/wp-content\/uploads\/\/sites\/3\/2023\/11\/impact-environnement-electrique-thermique-300x169.png 300w, https:\/\/www.sixt.fr\/magazine\/wp-content\/uploads\/\/sites\/3\/2023\/11\/impact-environnement-electrique-thermique-768x434.png 768w\" data-sizes=\"(max-width: 818px) 100vw, 818px\" src=\"data:image\/svg+xml;base64,PHN2ZyB3aWR0aD0iMSIgaGVpZ2h0PSIxIiB4bWxucz0iaHR0cDovL3d3dy53My5vcmcvMjAwMC9zdmciPjwvc3ZnPg==\" style=\"--smush-placeholder-width: 818px; --smush-placeholder-aspect-ratio: 818\/462;\" \/><figcaption class=\"wp-element-caption\"><em>Impact environnemental de plusieurs v\u00e9hicules \u00e9lectriques et essence : le bleu ciel (\u00e9lectrique) gagne toujours (source ACEEE)<\/em><\/figcaption><\/figure><\/div>\n\n\n<p>Il y a aussi des voitures du <a href=\"https:\/\/www.greenncap.com\/assessments\/\" target=\"_blank\" rel=\"noreferrer noopener nofollow\">classement Green NCAP<\/a>, \u00e9tabli par <strong>Euro NCAP<\/strong>. La faiblesse (de taille) de ce classement europ\u00e9en est qu\u2019il <strong>ne prend pas en compte le cycle de production des voitures<\/strong>. Alors que celui de l\u2019ACEEE le fait. &nbsp;<\/p>\n\n\n\n<p>C\u2019est pourquoi il ne faut pas prendre au pied de la lettre ce classement de la voiture la plus \u00e9cologique. Il faudra <strong>s\u2019en contenter dans l\u2019attente d\u2019analyses plus fines<\/strong> du c\u00f4t\u00e9 de l\u2019ADEME ou d\u2019autres organismes europ\u00e9ens comme <a href=\"https:\/\/www.transportenvironment.org\/\" target=\"_blank\" rel=\"noreferrer noopener nofollow\">Transport &amp; Environment<\/a>. Car si ce dernier a fait des analyses globales, il n\u2019offre pas en ce moment de classement sp\u00e9cifique par mod\u00e8le.<\/p>\n\n\n\n<h3 class=\"wp-block-heading\" id=\"byd-atto-3\">1. BYD Atto 3 \ud83c\udfc6<\/h3>\n\n\n\n<ul class=\"wp-block-list\">\n<li><strong>Type de moteur<\/strong>&nbsp;: \u00e9lectrique<\/li>\n\n\n\n<li><strong>\u00c9missions de CO2<\/strong>&nbsp;: 0<\/li>\n\n\n\n<li><strong>Poids&nbsp;<\/strong>: 1.750 kg<\/li>\n\n\n\n<li><strong>Prix neuf<\/strong>&nbsp;: apd 43.690 \u20ac<\/li>\n\n\n\n<li><strong>Autonomie&nbsp;<\/strong>: 420 km<\/li>\n<\/ul>\n\n\n\n<p>La marque chinoise <strong>BYD <\/strong>est un nouveau venu sur le march\u00e9 europ\u00e9en \ud83d\ude0e. L&rsquo;<strong>Atto 3<\/strong>, en location chez SIXT, est un <a href=\"https:\/\/www.sixt.fr\/location-suv\/\">SUV compact<\/a> d\u2019une puissance maximale de 150 kW. Les valeurs de consommation mesur\u00e9es par Green NCAP sont honorables. Elles permettent au v\u00e9hicule de rivaliser avec les <strong>v\u00e9hicules \u00e9lectriques les plus \u00e9cologiques d&rsquo;autres constructeurs<\/strong>.<\/p>\n\n\n\n<iframe width=\"1140\" height=\"640\" data-src=\"https:\/\/www.youtube.com\/embed\/Cr3LmIqtq9o?si=OIPJfpyEVmgmHx8W\" frameborder=\"0\" allowfullscreen src=\"data:image\/svg+xml;base64,PHN2ZyB3aWR0aD0iMSIgaGVpZ2h0PSIxIiB4bWxucz0iaHR0cDovL3d3dy53My5vcmcvMjAwMC9zdmciPjwvc3ZnPg==\" class=\"lazyload\" data-load-mode=\"1\"><\/iframe>\n\n\n\n<div style=\"height:30px\" aria-hidden=\"true\" class=\"wp-block-spacer\"><\/div>\n\n\n\n<p>La demande d&rsquo;\u00e9nergie relativement faible par temps froid est un des gros points forts de la <strong>BYD Atto 3<\/strong>. Lors du test en laboratoire \u00e0 -7\u00b0 \ud83e\udd76, l&rsquo;Atto 3 n&rsquo;a eu besoin que de 25,1 kWh\/100 km, ce qui est un excellent r\u00e9sultat. Dans l&rsquo;ensemble, ce v\u00e9hicule \u00e9colo affiche un score moyen de 97 %. &nbsp;<\/p>\n\n\n\n<p style=\"text-align: center\"><a class=\"button\" href=\"https:\/\/www.sixt.fr\/flotte\/location-byd\/atto-3\/\">Location de BYD Atto 3 avec SIXT<\/a><\/p>\n\n\n\n<h3 class=\"wp-block-heading\" id=\"mini-cooper-se-2-portes\">2. Mini Cooper SE \ud83d\ude0d<\/h3>\n\n\n\n<ul class=\"wp-block-list\">\n<li><strong>Type de moteur<\/strong>&nbsp;: \u00e9lectrique<\/li>\n\n\n\n<li><strong>\u00c9missions de CO2<\/strong>&nbsp;: 0<\/li>\n\n\n\n<li><strong>Poids<\/strong>&nbsp;: 1.440 kg<\/li>\n\n\n\n<li><strong>Prix neuf&nbsp;<\/strong>: apd 39.100 \u20ac<\/li>\n\n\n\n<li><strong>Autonomie<\/strong>&nbsp;: 234 km<\/li>\n<\/ul>\n\n\n\n<p>En seconde position de notre classement des <strong>voitures les plus \u00e9cologiques<\/strong>, nous avons s\u00e9lectionn\u00e9 le laur\u00e9at de la liste de l\u2019ACEEE. En compagnie de la Nissan Leaf et de la Mazda MX-30, la charmante Mini Cooper SE \ud83d\ude0d dispose du meilleur score environnemental (67). Elle d\u00e9croche sa premi\u00e8re place gr\u00e2ce \u00e0 un EDX (indice d&rsquo;impact environnemental par km) l\u00e9g\u00e8rement meilleur que ses dauphines.<\/p>\n\n\n\n<iframe width=\"1140\" height=\"640\" data-src=\"https:\/\/www.youtube.com\/embed\/CKKyPS1S1II?si=TVVuP1uoMnPw15r4\" frameborder=\"0\" allowfullscreen src=\"data:image\/svg+xml;base64,PHN2ZyB3aWR0aD0iMSIgaGVpZ2h0PSIxIiB4bWxucz0iaHR0cDovL3d3dy53My5vcmcvMjAwMC9zdmciPjwvc3ZnPg==\" class=\"lazyload\" data-load-mode=\"1\"><\/iframe>\n\n\n\n<div style=\"height:30px\" aria-hidden=\"true\" class=\"wp-block-spacer\"><\/div>\n\n\n\n<p>En tant que citadine \ud83c\udfd9\ufe0f, la MINI \u00e9lectrique est particuli\u00e8rement peu polluante avec son poids limit\u00e9. Elle m\u00e9rite largement cet second plaste enviable de notre top 10 des voitures les plus \u00e9cologiques. Vous pouvez d\u2019ailleurs louer une MINI chez SIXT.<\/p>\n\n\n\n<p style=\"text-align: center\"><a class=\"button\" href=\"https:\/\/www.sixt.fr\/flotte\/location-mini\/\">Louer une MINI avec SIXT<\/a><\/p>\n\n\n\n<h3 class=\"wp-block-heading\" id=\"vw-id5\">3. VW ID.5 \ud83d\udca1<\/h3>\n\n\n\n<ul class=\"wp-block-list\">\n<li><strong>Type de moteur<\/strong>&nbsp;: \u00e9lectrique<\/li>\n\n\n\n<li><strong>\u00c9missions de CO2<\/strong>&nbsp;: 0<\/li>\n\n\n\n<li>Poids&nbsp;: 2.100 kg<\/li>\n\n\n\n<li><strong>Prix neuf&nbsp;<\/strong>: apd 57.900 &nbsp;\u20ac<\/li>\n\n\n\n<li><strong>Autonomie<\/strong>&nbsp;: 532 km<\/li>\n<\/ul>\n\n\n\n<p>La <strong>VW ID.5 Pro Performance<\/strong> \ud83d\udcaa de 150 kW et d\u2019une batterie de 77 kWh est la seconde voiture la plus \u00e9cologique test\u00e9e par Green NCAP. Malgr\u00e9 plus de 2.100 kg sur la balance \u2696\ufe0f en raison de sa grosse batterie, l\u2019<strong>efficacit\u00e9 \u00e9nerg\u00e9tique de l\u2019ID.5 impressionne<\/strong>. Les valeurs de consommation enregistr\u00e9es sont parmi les plus basses mesur\u00e9es par Green NCAP jusqu&rsquo;\u00e0 pr\u00e9sent. La demande \u00e9nerg\u00e9tique dans le test de temp\u00e9rature ambiante froide de -7\u00b0C est \u00e9lev\u00e9e, mais c&rsquo;est le prix \u00e0 payer pour les performances du v\u00e9hicule.<\/p>\n\n\n\n<iframe width=\"1140\" height=\"640\" data-src=\"https:\/\/www.youtube.com\/embed\/19dNlSL0nVU?si=LT_GJHUPNRzWV_32\" frameborder=\"0\" allowfullscreen src=\"data:image\/svg+xml;base64,PHN2ZyB3aWR0aD0iMSIgaGVpZ2h0PSIxIiB4bWxucz0iaHR0cDovL3d3dy53My5vcmcvMjAwMC9zdmciPjwvc3ZnPg==\" class=\"lazyload\" data-load-mode=\"1\"><\/iframe>\n\n\n\n<div style=\"height:30px\" aria-hidden=\"true\" class=\"wp-block-spacer\"><\/div>\n\n\n\n<p>Le g\u00e9n\u00e9reux pack de batteries permet \u00e0 la VW ID.5 de parcourir un peu plus de <strong>500 km<\/strong> selon la proc\u00e9dure WLTP+. Dans des conditions ambiantes mod\u00e9r\u00e9es, on peut atteindre 480 km en conditions r\u00e9elles. Selon Green NCAP, la VW ID.5 est un exemple des <strong>progr\u00e8s r\u00e9alis\u00e9s par les v\u00e9hicules \u00e9lectriques r\u00e9cents<\/strong>. Elle a obtenu une note moyenne de 96 % et 5 \u00e9toiles vertes \ud83d\ude40.<\/p>\n\n\n\n<p style=\"text-align: center\"><a class=\"button\" href=\"https:\/\/www.sixt.fr\/flotte\/location-vw-volkswagen\/\">Louer une VW chez SIXT<\/a><\/p>\n\n\n\n<h3 class=\"wp-block-heading\" id=\"nissan-ariya\">4. Nissan Ariya \ud83d\ude17<\/h3>\n\n\n\n<ul class=\"wp-block-list\">\n<li><strong>Type de moteur&nbsp;<\/strong>: \u00e9lectrique<\/li>\n\n\n\n<li><strong>\u00c9missions de CO2<\/strong>&nbsp;: 0<\/li>\n\n\n\n<li><strong>Poids<\/strong>&nbsp;: 1.978 kg<\/li>\n\n\n\n<li><strong>Prix neuf&nbsp;<\/strong>: apd 43.300 \u20ac<\/li>\n\n\n\n<li><strong>Autonomie<\/strong>&nbsp;: 536 km<\/li>\n<\/ul>\n\n\n\n<p>L&rsquo;Ariya est un v\u00e9hicule \u00e9lectrique de <strong>nouvelle g\u00e9n\u00e9ration<\/strong> de Nissan. C\u2019est la troisi\u00e8me voiture la plus \u00e9cologique selon les tests de Green NCAP. La batterie g\u00e9n\u00e9reuse de ce mod\u00e8le permet au v\u00e9hicule de deux tonnes de parcourir plus de 500 km. Par temp\u00e9ratures n\u00e9gatives, une autonomie de 313 km est disponible avec une batterie charg\u00e9e \u00e0 bloc \ud83d\udd0b.<\/p>\n\n\n\n<iframe width=\"1140\" height=\"640\" data-src=\"https:\/\/www.youtube.com\/embed\/9nTevWjwO-M?si=5Goq8XmmwyFrY2rt\" frameborder=\"0\" allowfullscreen src=\"data:image\/svg+xml;base64,PHN2ZyB3aWR0aD0iMSIgaGVpZ2h0PSIxIiB4bWxucz0iaHR0cDovL3d3dy53My5vcmcvMjAwMC9zdmciPjwvc3ZnPg==\" class=\"lazyload\" data-load-mode=\"1\"><\/iframe>\n\n\n\n<div style=\"height:30px\" aria-hidden=\"true\" class=\"wp-block-spacer\"><\/div>\n\n\n\n<p>Lors d&rsquo;une recharge sur une borne de 11 kW, 91,6 % de l&rsquo;\u00e9nergie consomm\u00e9e est disponible sur la batterie. Il s&rsquo;agit de la valeur la plus \u00e9lev\u00e9e \u26a1 mesur\u00e9e jusqu&rsquo;\u00e0 pr\u00e9sent par Green NCAP. Lors d&rsquo;une d\u00e9charge compl\u00e8te, la batterie de cette <a href=\"https:\/\/www.sixt.fr\/flotte\/location-nissan\/\">Nissan<\/a> est capable de fournir 89,6 kWh d&rsquo;\u00e9nergie utilisable, soit plus que les 87 kWh officiellement d\u00e9clar\u00e9s ! Le <strong>Nissan Ariya<\/strong> a re\u00e7u un score moyen de 96 % et 5 \u00e9toiles vertes.<\/p>\n\n\n\n<h3 class=\"wp-block-heading\" id=\"nissan-leaf-ev\">5. Nissan Leaf EV \ud83c\udf43<\/h3>\n\n\n\n<ul class=\"wp-block-list\">\n<li><strong>Type de moteur<\/strong>&nbsp;: \u00e9lectrique<\/li>\n\n\n\n<li><strong>\u00c9missions de CO2<\/strong>&nbsp;: 0<\/li>\n\n\n\n<li><strong>Poids&nbsp;<\/strong>: 1.580 kg<\/li>\n\n\n\n<li><strong>Prix neuf<\/strong>&nbsp;: apd 36.900 \u20ac<\/li>\n\n\n\n<li><strong>Autonomie<\/strong>&nbsp;: 270 km<\/li>\n<\/ul>\n\n\n\n<p>La <strong>Nissan Leaf<\/strong> est consid\u00e9r\u00e9e depuis de nombreuses ann\u00e9es comme une <strong>voiture \u00e9cologique<\/strong> et \u00e9conomique. \u00c0 un tarif bien inf\u00e9rieur \u00e0 40.000 \u20ac, il s\u2019agit clairement d\u2019une excellente opportunit\u00e9 de se convertir \u00e0 la mobilit\u00e9 \u00e9lectrique sans se ruiner. Aux \u00c9tats-Unis, l\u2019ACEEE a class\u00e9 la Leaf comme le <strong>second v\u00e9hicule le plus \u00e9cologique<\/strong> que l\u2019on peut acheter en Am\u00e9rique du Nord.<\/p>\n\n\n\n<iframe width=\"1140\" height=\"640\" data-src=\"https:\/\/www.youtube.com\/embed\/2uFl-LGDouc?si=wD1v_nEg8pDX9OTd\" frameborder=\"0\" allowfullscreen src=\"data:image\/svg+xml;base64,PHN2ZyB3aWR0aD0iMSIgaGVpZ2h0PSIxIiB4bWxucz0iaHR0cDovL3d3dy53My5vcmcvMjAwMC9zdmciPjwvc3ZnPg==\" class=\"lazyload\" data-load-mode=\"1\"><\/iframe>\n\n\n\n<div style=\"height:30px\" aria-hidden=\"true\" class=\"wp-block-spacer\"><\/div>\n\n\n\n<p>En Europe, Green NCAP l\u2019avait class\u00e9 num\u00e9ro 3 de son classement 2021 \ud83d\udcc3. En tant que v\u00e9hicule 100 % \u00e9lectrique, cela reste une excellente alternative, m\u00eame si les mod\u00e8les plus r\u00e9cents comme l\u2019Ariya sont globalement plus performants.<\/p>\n\n\n\n<p style=\"text-align: center\"><a class=\"button\" href=\"https:\/\/www.sixt.fr\/flotte\/location-nissan\/leaf\/\">Louer une Nissan Leaf chez SIXT<\/a><\/p>\n\n\n\n<h3 class=\"wp-block-heading\" id=\"toyota-bz4x\">6. Toyota bZ4x \ud83d\ude0e<\/h3>\n\n\n\n<ul class=\"wp-block-list\">\n<li><strong>Type de moteur<\/strong>&nbsp;: \u00e9lectrique<\/li>\n\n\n\n<li><strong>\u00c9missions de CO2&nbsp;<\/strong>: 0<\/li>\n\n\n\n<li><strong>Poids<\/strong>&nbsp;: 1.995 kg<\/li>\n\n\n\n<li><strong>Prix neuf<\/strong>&nbsp;: apd 49.000 \u20ac<\/li>\n\n\n\n<li><strong>Autonomie<\/strong>&nbsp;: 503 km<\/li>\n<\/ul>\n\n\n\n<p>Le <strong>Toyota bZ4x<\/strong> ne fait pas fureur qu\u2019avec son look moderne et \u00e9l\u00e9gant. En termes de d\u00e9veloppement durable, le SUV nippon d\u00e9m\u00e9nage aussi&nbsp;! Selon l\u2019ACEEE, il s\u2019agit de la <strong>4e voiture la plus \u00e9cologique<\/strong> disponible en Am\u00e9rique du Nord avec un <strong>indice de 66<\/strong>. Vous pouvez en profiter en France vu que ce mod\u00e8le est commercialis\u00e9 en Europe.<\/p>\n\n\n\n<iframe width=\"1140\" height=\"640\" data-src=\"https:\/\/www.youtube.com\/embed\/UvUR9aRQLFo?si=NpaBSGpbpJ1o5MuE\" frameborder=\"0\" allowfullscreen src=\"data:image\/svg+xml;base64,PHN2ZyB3aWR0aD0iMSIgaGVpZ2h0PSIxIiB4bWxucz0iaHR0cDovL3d3dy53My5vcmcvMjAwMC9zdmciPjwvc3ZnPg==\" class=\"lazyload\" data-load-mode=\"1\"><\/iframe>\n\n\n\n<div style=\"height:30px\" aria-hidden=\"true\" class=\"wp-block-spacer\"><\/div>\n\n\n\n<p>Ce SUV b\u00e9n\u00e9ficie de la recharge rapide, qui permet de <strong>r\u00e9cup\u00e9rer 80 % de l\u2019autonomie en 30 minutes<\/strong> si vous avez acc\u00e8s \u00e0 une borne de 150 kW. Ce qui est pas mal du tout, quand on sait que le rayon d\u2019action du Toyota bZ4x d\u00e9passe les 500 km. Cela fait de cette <a href=\"https:\/\/www.sixt.fr\/flotte\/location-toyota\/\">Toyota<\/a> \u00e9cologique et attractive une solution viable pour de nombreux automobilistes\u2026 Pour autant que l\u2019on soit en mesure de payer le ticket d\u2019entr\u00e9e \ud83d\udcb0.<\/p>\n\n\n\n<h3 class=\"wp-block-heading\" id=\"mazda-mx-30\">7. Mazda MX-30 \ud83d\udd0b<\/h3>\n\n\n\n<ul class=\"wp-block-list\">\n<li><strong>Type de moteur<\/strong>&nbsp;: \u00e9lectrique<\/li>\n\n\n\n<li><strong>\u00c9missions de CO2<\/strong>&nbsp;: 0<\/li>\n\n\n\n<li><strong>Poids&nbsp;<\/strong>: 1.645 kg<\/li>\n\n\n\n<li><strong>Prix neuf&nbsp;<\/strong>: apd 38.250 \u20ac<\/li>\n\n\n\n<li><strong>Autonomie<\/strong>&nbsp;: 200 km<\/li>\n<\/ul>\n\n\n\n<p>Disponible en version hybride et \u00e9lectrique, c\u2019est la Mazda MX-30 EV qui s\u2019installe en 7e position de notre <strong>top des voitures les plus \u00e9cologiques en France<\/strong>. Il est 3<sup>e<\/sup> au classement de l\u2019ACEEE, avec sa note enviable de 67. Pourquoi l\u2019avoir d\u00e9grad\u00e9, alors \ud83e\udd14&nbsp;? En raison d\u2019une <strong>autonomie faible de 200 km<\/strong> pour un prix qui ne refl\u00e8te probablement pas assez ce rayon d\u2019action limit\u00e9.<\/p>\n\n\n\n<iframe width=\"1140\" height=\"640\" data-src=\"https:\/\/www.youtube.com\/embed\/VMA30WBC3xs?si=Y6Qk4FTM8z9ynfer\" frameborder=\"0\" allowfullscreen src=\"data:image\/svg+xml;base64,PHN2ZyB3aWR0aD0iMSIgaGVpZ2h0PSIxIiB4bWxucz0iaHR0cDovL3d3dy53My5vcmcvMjAwMC9zdmciPjwvc3ZnPg==\" class=\"lazyload\" data-load-mode=\"1\"><\/iframe>\n\n\n\n<div style=\"height:30px\" aria-hidden=\"true\" class=\"wp-block-spacer\"><\/div>\n\n\n\n<p>Si c\u2019est suffisant pour couvrir vos besoins de mobilit\u00e9 urbaine, cela reste une voiture tr\u00e8s \u00e9cologique. Et si le prix est sup\u00e9rieur \u00e0 la moyenne, c\u2019est aussi parce que la <strong>Mazda<\/strong> MX-30 est bien \u00e9quip\u00e9e \ud83d\ude0d, d\u00e8s la version de base&nbsp;!<\/p>\n\n\n\n<h3 class=\"wp-block-heading\" id=\"tesla-model-3\">8. Tesla Model 3 \ud83d\udc4d<\/h3>\n\n\n\n<ul class=\"wp-block-list\">\n<li><strong>Type de moteur&nbsp;<\/strong>: \u00e9lectrique<\/li>\n\n\n\n<li><strong>\u00c9missions de CO2<\/strong>&nbsp;: 0<\/li>\n\n\n\n<li><strong>Poids<\/strong>&nbsp;: 1.765 kg<\/li>\n\n\n\n<li><strong>Prix neuf&nbsp;<\/strong>: apd 42.990 \u20ac<\/li>\n\n\n\n<li><strong>Autonomie&nbsp;<\/strong>: &nbsp;513 km<\/li>\n<\/ul>\n\n\n\n<p>La Tesla Model 3 est 11<sup>e<\/sup> du classement ACEEE de la voiture la plus verte. Nous avons d\u00e9cid\u00e9 de l\u2019inclure quand m\u00eame en num\u00e9ro 8 du n\u00f4tre en raison de l\u2019<strong>autonomie impressionnante<\/strong> du v\u00e9hicule. Mais aussi de ses <strong>98 % au protocole Green NCAP<\/strong>. Et de son prix, de plus en plus attractif par rapport \u00e0 la concurrence. Apr\u00e8s tout, il vaut mieux acheter une Tesla 3 qu\u2019une voiture thermique lorsqu\u2019on a imp\u00e9rativement besoin d\u2019un <strong>large rayon d\u2019action<\/strong>&nbsp;!<\/p>\n\n\n\n<iframe width=\"1140\" height=\"640\" data-src=\"https:\/\/www.youtube.com\/embed\/Ya1RaOJaq7w?si=NWlzsKVQYbv6VpNW\" frameborder=\"0\" allowfullscreen src=\"data:image\/svg+xml;base64,PHN2ZyB3aWR0aD0iMSIgaGVpZ2h0PSIxIiB4bWxucz0iaHR0cDovL3d3dy53My5vcmcvMjAwMC9zdmciPjwvc3ZnPg==\" class=\"lazyload\" data-load-mode=\"1\"><\/iframe>\n\n\n\n<div style=\"height:30px\" aria-hidden=\"true\" class=\"wp-block-spacer\"><\/div>\n\n\n\n<p>Ce mod\u00e8le, en d\u00e9pit de son \u00e2ge, reste une r\u00e9f\u00e9rence en la mati\u00e8re&nbsp;! Malgr\u00e9 sa masse relativement \u00e9lev\u00e9e, la Model 3 affiche des chiffres de consommation d&rsquo;\u00e9nergie tr\u00e8s faibles. Elle prouve qu&rsquo;elle a \u00e9t\u00e9 con\u00e7ue en mettant particuli\u00e8rement l&rsquo;accent sur l&rsquo;<strong>efficacit\u00e9 \u00e9nerg\u00e9tique<\/strong>.<\/p>\n\n\n\n<p style=\"text-align: center\"><a class=\"button\" href=\"https:\/\/www.sixt.fr\/flotte\/location-tesla\/model-3\/\">Location de Tesla Model 3<\/a><\/p>\n\n\n\n<h3 class=\"wp-block-heading\" id=\"kia-niro-hybride\">9. Kia Niro hybride \ud83e\udeab<\/h3>\n\n\n\n<ul class=\"wp-block-list\">\n<li><strong>Type de moteur&nbsp;:<\/strong> hybride<\/li>\n\n\n\n<li><strong>\u00c9missions de CO2&nbsp;:<\/strong> 19 g<\/li>\n\n\n\n<li><strong>Poids&nbsp;: <\/strong>1.490 kg<\/li>\n\n\n\n<li><strong>Prix neuf&nbsp;<\/strong>: apd 32.340 \u20ac<\/li>\n\n\n\n<li><strong>Autonomie&nbsp;: <\/strong>&nbsp;65 km en mode \u00e9lectrique<\/li>\n<\/ul>\n\n\n\n<p>Selon l\u2019indice US ACEEE, la <strong>Kia Niro hybride<\/strong> est la <strong>7<sup>e<\/sup> voiture la plus propre<\/strong> commercialis\u00e9e aux \u00c9tats-Unis. Son score global est de 63, tandis que son indice de pollution par km et de 0,77. Probablement gr\u00e2ce \u00e0 une <strong>fabrication plus propre<\/strong> \ud83e\uddd1\u200d\ud83c\udfed, ce v\u00e9hicule hybride est donc globalement moins polluant que des mod\u00e8les purement \u00e9lectriques&nbsp;!<\/p>\n\n\n\n<iframe width=\"1140\" height=\"640\" data-src=\"https:\/\/www.youtube.com\/embed\/D8Nw72U3Z8w?si=I9-QAaIBpmlkCSo1\" frameborder=\"0\" allowfullscreen src=\"data:image\/svg+xml;base64,PHN2ZyB3aWR0aD0iMSIgaGVpZ2h0PSIxIiB4bWxucz0iaHR0cDovL3d3dy53My5vcmcvMjAwMC9zdmciPjwvc3ZnPg==\" class=\"lazyload\" data-load-mode=\"1\"><\/iframe>\n\n\n\n<div style=\"height:30px\" aria-hidden=\"true\" class=\"wp-block-spacer\"><\/div>\n\n\n\n<p>Le Kia Niro a \u00e9t\u00e9 test\u00e9 par Green NCAP en 2021. Ce mod\u00e8le europ\u00e9en lui a attribu\u00e9 une cote de 61 %. Mais vu qu\u2019elle ne prend en compte que la qualit\u00e9 de l\u2019air, l\u2019efficacit\u00e9 \u00e9nerg\u00e9tique et les \u00e9missions de CO2, le classement est un peu fauss\u00e9 \ud83e\udd37\u200d\u2640\ufe0f. Il faut donc esp\u00e9rer qu\u2019un mod\u00e8le plus global soit adopt\u00e9 rapidement dans l\u2019UE, afin que nous puissions plus facilement identifier <strong>quelle est v\u00e9ritablement la voiture la plus \u00e9cologique<\/strong>&nbsp;!<\/p>\n\n\n\n<h3 class=\"wp-block-heading\" id=\"opel-mokka\">10. Opel Mokka \u26fd<\/h3>\n\n\n\n<ul class=\"wp-block-list\">\n<li><strong>Type de moteur&nbsp;: <\/strong>thermique<\/li>\n\n\n\n<li><strong>\u00c9missions de CO2&nbsp;:<\/strong> 128 gr\/km<\/li>\n\n\n\n<li><strong>Poids&nbsp;:<\/strong> 1.275 kg<\/li>\n\n\n\n<li><strong>Prix neuf<\/strong>&nbsp;: apd 23.600 \u20ac<\/li>\n\n\n\n<li><strong>Autonomie<\/strong>&nbsp;: 800 km<\/li>\n<\/ul>\n\n\n\n<p>Vous ne pouvez vraiment pas vous permettre l\u2019achat ou la <a href=\"https:\/\/www.sixt.fr\/services-de-location\/location-longue-duree\/lld-voiture-electrique\/\">LLD de voiture \u00e9lectrique<\/a>&nbsp;? Dans ce cas, vous pouvez orienter votre choix vers une <strong>voiture thermique bien cot\u00e9e<\/strong> en termes de respect de l\u2019environnement \ud83d\ude0c. Chez Green NCAP, c\u2019est l\u2019Opel Mokka qui dispose du classement de la <strong>voiture thermique la plus propre<\/strong> de la liste 2024, avec un score de 57 %.<\/p>\n\n\n\n<iframe width=\"1140\" height=\"640\" data-src=\"https:\/\/www.youtube.com\/embed\/L2DEVQCM2KY?si=kXh2WzyMJq3Z74sC\" frameborder=\"0\" allowfullscreen src=\"data:image\/svg+xml;base64,PHN2ZyB3aWR0aD0iMSIgaGVpZ2h0PSIxIiB4bWxucz0iaHR0cDovL3d3dy53My5vcmcvMjAwMC9zdmciPjwvc3ZnPg==\" class=\"lazyload\" data-load-mode=\"1\"><\/iframe>\n\n\n\n<div style=\"height:30px\" aria-hidden=\"true\" class=\"wp-block-spacer\"><\/div>\n\n\n\n<p>La Ford Puma, la Toyota Aygo ou la Skoda Fabia, \u00e9valu\u00e9es durant les ann\u00e9es pr\u00e9c\u00e9dentes, obtiennent des scores similaires. Il s\u2019agit donc de bon choix \ud83d\udc4d si vous \u00eates \u00e0 la recherche d\u2019une <strong>voiture thermique \u00e9cologique<\/strong>&nbsp;!<\/p>\n\n\n\n<h3 class=\"wp-block-heading\" id=\"autres-modeles-respectueux-environnement\">Autres mod\u00e8les \u00e9colos \ud83e\udeb4<\/h3>\n\n\n\n<ul class=\"wp-block-list\">\n<li>Hyundai IONIQ 5 (97 % Green NCAP)<\/li>\n\n\n\n<li>NIO ET7 (96 % Green NCAP)<\/li>\n\n\n\n<li>Renault Megane E-Tech (96 % Green NCAP)<\/li>\n\n\n\n<li>Cupra Born (96 % Green NCAP)<\/li>\n\n\n\n<li>Dacia Spring (99 % Green NCAP)<\/li>\n\n\n\n<li>Etc.<\/li>\n<\/ul>\n\n\n\n<p style=\"text-align: center\"><a class=\"button\" href=\"https:\/\/www.sixt.fr\/location-voiture\/\">Location de voiture \u00e9cologique avec SIXT<\/a><\/p>\n\n\n\n<h2 class=\"wp-block-heading\" id=\"autres-considerations-pour-rouler-ecolo\">Autres consid\u00e9rations pour rouler \u00e9colo \ud83d\ude42<\/h2>\n\n\n\n<p>Il n\u2019y a pas que le choix de la voiture qui va avoir un impact sur la<strong> pollution de votre mobilit\u00e9<\/strong>. En posant certains choix, on peut r\u00e9duire l\u2019empreinte sur l\u2019environnement de nos d\u00e9placements :<\/p>\n\n\n\n<ul class=\"wp-block-list\">\n<li><strong>Style de conduite<\/strong>&nbsp;: r\u00e9duisez votre vitesse, et ayez le pied l\u00e9ger pour limiter votre consommation<\/li>\n\n\n\n<li><strong>Type de v\u00e9hicule<\/strong>&nbsp;: avez-vous vraiment besoin d\u2019un SUV pour vos trajets essentiellement urbains&nbsp;? Ne serait-il pas plus opportun d\u2019opter pour une compacte ou une citadine, plus l\u00e9g\u00e8re \ud83e\udeb6&nbsp;?<\/li>\n\n\n\n<li><a href=\"https:\/\/www.sixt.fr\/business\/guide\/plan-de-mobilite-pdme\/\">Covoiturage<\/a>&nbsp;: pour vos d\u00e9placements domicile-travail ou vos hobbies, privil\u00e9giez le covoiturage lorsque c\u2019est possible<\/li>\n\n\n\n<li><strong>Prendre la voiture lorsque c\u2019est vraiment n\u00e9cessaire<\/strong>&nbsp;: pourquoi monter dans votre voiture pour faire le kilom\u00e8tre qui vous s\u00e9pare du boulanger alors que la m\u00e9t\u00e9o est au beau fixe &nbsp;? Un peu de marche ne vous fera pas de mal \ud83d\udeb6\u200d\u2642\ufe0f. Que du contraire&nbsp;!<\/li>\n\n\n\n<li><strong>2 voitures ou plus dans un m\u00e9nage<\/strong>&nbsp;: c\u2019est parfois n\u00e9cessaire, mais avec un peu d\u2019organisation il est possible d\u2019\u00e9liminer un v\u00e9hicule \u274c<\/li>\n\n\n\n<li><strong>Puissance&nbsp;<\/strong>: avez-vous vraiment besoin d\u2019autant de chevaux sous le capot&nbsp;? Plus la cylindr\u00e9e est \u00e9lev\u00e9e, plus le v\u00e9hicule va consommer, m\u00eame avec le pied l\u00e9ger<\/li>\n<\/ul>\n\n\n\n<p>Pour plus d&rsquo;astuces, voir notre article sur l&rsquo;<a href=\"https:\/\/www.sixt.fr\/magazine\/guides-et-conseils\/eco-conduite-conseils-pour-rouler-sans-se-ruiner\/\">\u00e9co-conduite<\/a> ! Ainsi que notre <a href=\"https:\/\/www.sixt.fr\/magazine\/guides-et-conseils\/guide-location-vehicule-electrique\/\">guide de la voiture \u00e9lectrique<\/a>, qui explique notamment comment l&rsquo;utiliser de fa\u00e7on rationnelle.<\/p>\n\n\n<div class=\"wp-block-image\">\n<figure class=\"aligncenter size-full\"><img decoding=\"async\" width=\"1217\" height=\"803\" data-src=\"https:\/\/www.sixt.fr\/magazine\/wp-content\/uploads\/\/sites\/3\/2023\/08\/cycle-vie-vehicule-electrique.png\" alt=\"cycle de vie d'une voiture \u00e9lectrique\" class=\"wp-image-21319 lazyload\" data-srcset=\"https:\/\/www.sixt.fr\/magazine\/wp-content\/uploads\/\/sites\/3\/2023\/08\/cycle-vie-vehicule-electrique.png 1217w, https:\/\/www.sixt.fr\/magazine\/wp-content\/uploads\/\/sites\/3\/2023\/08\/cycle-vie-vehicule-electrique-300x198.png 300w, https:\/\/www.sixt.fr\/magazine\/wp-content\/uploads\/\/sites\/3\/2023\/08\/cycle-vie-vehicule-electrique-1024x676.png 1024w, https:\/\/www.sixt.fr\/magazine\/wp-content\/uploads\/\/sites\/3\/2023\/08\/cycle-vie-vehicule-electrique-768x507.png 768w\" data-sizes=\"(max-width: 1217px) 100vw, 1217px\" src=\"data:image\/svg+xml;base64,PHN2ZyB3aWR0aD0iMSIgaGVpZ2h0PSIxIiB4bWxucz0iaHR0cDovL3d3dy53My5vcmcvMjAwMC9zdmciPjwvc3ZnPg==\" style=\"--smush-placeholder-width: 1217px; --smush-placeholder-aspect-ratio: 1217\/803;\" \/><\/figure><\/div>\n\n\n<div style=\"height:30px\" aria-hidden=\"true\" class=\"wp-block-spacer\"><\/div>\n\n\n\n<h2 class=\"wp-block-heading\" id=\"location-voiture-solution-la-plus-ecologique\">La location de voiture, la solution la plus \u00e9cologique \u2753<\/h2>\n\n\n\n<p>Aujourd\u2019hui, on dispose de nombreuse <strong>alternative \u00e0 la d\u00e9tention d\u2019une voiture personnelle<\/strong>. Ces solutions innovantes repr\u00e9sentent autant d\u2019opportunit\u00e9s de r\u00e9inventer la mobilit\u00e9. Non seulement c\u2019est bon pour la nature \u267b\ufe0f, mais cela peut aussi vous permettre de baisser votre budget de d\u00e9placement \ud83d\udcb2.<\/p>\n\n\n\n<p>La <a href=\"https:\/\/www.sixt.fr\/location-voiture\/\">location de voiture<\/a> permet de <strong>rationaliser l\u2019utilisation des v\u00e9hicules<\/strong>. Comme nous l\u2019avons vu, leur pollution ne d\u00e9pend pas uniquement de leur utilisation, elle a d\u00e9j\u00e0 lieu en amont durant la fabrication. M\u00eame un v\u00e9hicule \u00e9lectrique a un impact environnemental n\u00e9gatif. On peut le r\u00e9duire en recourant \u00e0 ces solutions :<\/p>\n\n\n\n<ul class=\"wp-block-list\">\n<li>L\u2019<a href=\"https:\/\/www.sixt.fr\/share\/autopartage\/#\/\">autopartage<\/a><\/li>\n\n\n\n<li>La <a href=\"https:\/\/www.sixt.fr\/services-de-location\/location-voiture-au-mois\/\">location de voiture au mois<\/a><\/li>\n\n\n\n<li>La <a href=\"https:\/\/www.sixt.fr\/services-de-location\/location-longue-duree\/\">location longue dur\u00e9e<\/a><\/li>\n<\/ul>\n\n\n\n<p>Chez SIXT, nous proposons toutes ces options de mobilit\u00e9 afin que vous puissiez <strong>faire rimer \u00e9cologie et \u00e9conomie<\/strong> \ud83d\ude09.<\/p>\n\n\n\n<p style=\"text-align: center\"><a class=\"button\" href=\"https:\/\/www.sixt.fr\/location-voiture-electrique\/\">Louer une voiture \u00e9lectrique avec SIXT<\/a><\/p>\n\n\n\n<h3 class=\"wp-block-heading\" id=\"vehicules-respectueux-nature-louer-sixt\">Des v\u00e9hicules respectueux de l\u2019environnement \u00e0 louer chez SIXT \ud83c\udf33<\/h3>\n\n\n\n<p>Que ce soit pour un abonnement auto, une LLD ou une location \u00e0 courte dur\u00e9e, SIXT vous propose de nombreuses <strong>voitures \u00e9cologiques reprises dans le classement ci-dessus<\/strong>. Des voitures \u00e9lectriques, comme l&rsquo;Atto 3, la Tesla Model 3 ou les <a href=\"https:\/\/www.sixt.fr\/flotte\/location-vw-volkswagen\/\">VW ID \u00e0 louer<\/a>. Mais aussi des thermiques plus propres comme la <a href=\"https:\/\/www.sixt.fr\/flotte\/location-bmw\/serie-2\/\">BMW S\u00e9rie 2<\/a> ou l\u2019Opel Mokka.<\/p>\n\n\n\n<h3 class=\"wp-block-heading\">D&rsquo;autres articles passionnants sur l&rsquo;automobile et la mobilit\u00e9 propre :<\/h3>\n\n\n\n<ul class=\"wp-block-list\">\n<li><a href=\"https:\/\/www.sixt.fr\/magazine\/flotte\/petite-voiture-electrique\/\">Les meilleures petites voitures \u00e9lectriques<\/a> \ud83d\udd0b<\/li>\n\n\n\n<li><a href=\"https:\/\/www.sixt.fr\/magazine\/flotte\/meilleure-offre-lld-hybride\/\">Les meilleures offres LLD hybrides<\/a> \ud83d\udc4d<\/li>\n\n\n\n<li><a href=\"https:\/\/www.sixt.fr\/magazine\/actualites\/voitures-electriques-moins-cheres\/\">Les v\u00e9hicules \u00e9lectriques les moins chers en France<\/a> \ud83e\udd11<\/li>\n\n\n\n<li><a href=\"https:\/\/www.sixt.fr\/business\/guide\/plan-de-mobilite-pdme\/\">Plan de mobilit\u00e9 employeur (PDMe)<\/a> \ud83d\ude97<\/li>\n\n\n\n<li><a href=\"https:\/\/www.sixt.fr\/magazine\/future-mobility\/alternatives-a-la-voiture\/\">10 alternatives \u00e0 la voiture<\/a> \ud83d\udef4<\/li>\n\n\n\n<li><a href=\"https:\/\/www.sixt.fr\/magazine\/flotte\/meilleure-voiture-hybride\/\">Top 10 de la meilleure voiture hybride<\/a> \ud83c\udfc6<\/li>\n\n\n\n<li><a href=\"https:\/\/www.sixt.fr\/magazine\/flotte\/location-mercedes-eqs\/\">Location de Mercedes EQS<\/a> \u267b\ufe0f<\/li>\n\n\n\n<li><a href=\"https:\/\/www.sixt.fr\/magazine\/flotte\/location-jeep-compass\/\">Jeep Compass hybride \u00e0 louer chez SIXT<\/a> \ud83e\udded<\/li>\n<\/ul>\n\n\n\n<p><em>[Article mis \u00e0 jour le 28 janvier 2025]<\/em><\/p>\n\n\n\n<p><\/p>\n<!-- AddThis Advanced Settings generic via filter on the_content --><!-- AddThis Share Buttons generic via filter on the_content -->","protected":false},"excerpt":{"rendered":"<p>Le respect de l\u2019environnement fait partie de vos pr\u00e9rogatives\u00a0? Vous r\u00e9fl\u00e9chissez \u00e0 l\u2019acquisition d\u2019une nouvelle voiture\u00a0? Dans ce cas, vous vous demandez probablement quelle est la voiture la plus \u00e9cologique \ud83e\udd14. SIXT, l\u2019un des pionniers de la location de voiture hybride et \u00e9lectrique, vous propose un top 10 des v\u00e9hicules les plus \u00e9colos. Mais aussi&#8230;<!-- AddThis Advanced Settings generic via filter on get_the_excerpt --><!-- AddThis Share Buttons generic via filter on get_the_excerpt --><\/p>\n","protected":false},"author":23,"featured_media":21781,"comment_status":"closed","ping_status":"open","sticky":false,"template":"","format":"standard","meta":{"_genesis_hide_title":false,"_genesis_hide_breadcrumbs":false,"_genesis_hide_singular_image":false,"_genesis_hide_footer_widgets":false,"_genesis_custom_body_class":"","_genesis_custom_post_class":"","_genesis_layout":"","ngg_post_thumbnail":0,"footnotes":""},"categories":[4],"tags":[],"class_list":{"0":"post-21779","1":"post","2":"type-post","3":"status-publish","4":"format-standard","5":"has-post-thumbnail","7":"category-flotte","8":"entry"},"yoast_head":"<!-- This site is optimized with the Yoast SEO plugin v27.1.1 - https:\/\/yoast.com\/product\/yoast-seo-wordpress\/ -->\n<title>Quelle est la voiture la plus \u00e9cologique? Top 10<\/title>\n<meta name=\"description\" content=\"Quelle est la voiture la plus \u00e9cologique, fabrication incluse ? La voiture \u00e9lectrique est-elle vraiment plus \u00e9cologique ? R\u00e9ponses ici !\" \/>\n<meta name=\"robots\" content=\"index, follow, max-snippet:-1, max-image-preview:large, max-video-preview:-1\" \/>\n<link rel=\"canonical\" href=\"https:\/\/www.sixt.fr\/magazine\/flotte\/voiture-la-plus-ecologique\/\" \/>\n<meta property=\"og:locale\" content=\"fr_FR\" \/>\n<meta property=\"og:type\" content=\"article\" \/>\n<meta property=\"og:title\" content=\"Quelle est la voiture la plus \u00e9cologique? Top 10\" \/>\n<meta property=\"og:description\" content=\"Quelle est la voiture la plus \u00e9cologique, fabrication incluse ? La voiture \u00e9lectrique est-elle vraiment plus \u00e9cologique ? R\u00e9ponses ici !\" \/>\n<meta property=\"og:url\" content=\"https:\/\/www.sixt.fr\/magazine\/flotte\/voiture-la-plus-ecologique\/\" \/>\n<meta property=\"og:site_name\" content=\"Sixt Magazine\" \/>\n<meta property=\"article:published_time\" content=\"2023-11-03T10:33:56+00:00\" \/>\n<meta property=\"article:modified_time\" content=\"2026-01-15T13:44:18+00:00\" \/>\n<meta property=\"og:image\" content=\"https:\/\/www.sixt.fr\/magazine\/wp-content\/uploads\/\/sites\/3\/2023\/11\/voiture-la-plus-ecologique.jpg\" \/>\n\t<meta property=\"og:image:width\" content=\"1280\" \/>\n\t<meta property=\"og:image:height\" content=\"720\" \/>\n\t<meta property=\"og:image:type\" content=\"image\/jpeg\" \/>\n<meta name=\"author\" content=\"Martin\" \/>\n<meta name=\"twitter:card\" content=\"summary_large_image\" \/>\n<meta name=\"twitter:label1\" content=\"\u00c9crit par\" \/>\n\t<meta name=\"twitter:data1\" content=\"Martin\" \/>\n\t<meta name=\"twitter:label2\" content=\"Dur\u00e9e de lecture estim\u00e9e\" \/>\n\t<meta name=\"twitter:data2\" content=\"16 minutes\" \/>\n<!-- \/ Yoast SEO plugin. -->","yoast_head_json":{"title":"Quelle est la voiture la plus \u00e9cologique? Top 10","description":"Quelle est la voiture la plus \u00e9cologique, fabrication incluse ? La voiture \u00e9lectrique est-elle vraiment plus \u00e9cologique ? R\u00e9ponses ici !","robots":{"index":"index","follow":"follow","max-snippet":"max-snippet:-1","max-image-preview":"max-image-preview:large","max-video-preview":"max-video-preview:-1"},"canonical":"https:\/\/www.sixt.fr\/magazine\/flotte\/voiture-la-plus-ecologique\/","og_locale":"fr_FR","og_type":"article","og_title":"Quelle est la voiture la plus \u00e9cologique? Top 10","og_description":"Quelle est la voiture la plus \u00e9cologique, fabrication incluse ? La voiture \u00e9lectrique est-elle vraiment plus \u00e9cologique ? R\u00e9ponses ici !","og_url":"https:\/\/www.sixt.fr\/magazine\/flotte\/voiture-la-plus-ecologique\/","og_site_name":"Sixt Magazine","article_published_time":"2023-11-03T10:33:56+00:00","article_modified_time":"2026-01-15T13:44:18+00:00","og_image":[{"width":1280,"height":720,"url":"https:\/\/www.sixt.fr\/magazine\/wp-content\/uploads\/\/sites\/3\/2023\/11\/voiture-la-plus-ecologique.jpg","type":"image\/jpeg"}],"author":"Martin","twitter_card":"summary_large_image","twitter_misc":{"\u00c9crit par":"Martin","Dur\u00e9e de lecture estim\u00e9e":"16 minutes"},"schema":{"@context":"https:\/\/schema.org","@graph":[{"@type":"Article","@id":"https:\/\/www.sixt.fr\/magazine\/flotte\/voiture-la-plus-ecologique\/#article","isPartOf":{"@id":"https:\/\/www.sixt.fr\/magazine\/flotte\/voiture-la-plus-ecologique\/"},"author":{"name":"Martin","@id":"https:\/\/www.sixt.fr\/magazine\/#\/schema\/person\/7ab7ff1057e6a624cde3e74a9f39ce78"},"headline":"Voiture la plus \u00e9cologique: top 10 \ud83d\ude97\u267b\ufe0f","datePublished":"2023-11-03T10:33:56+00:00","dateModified":"2026-01-15T13:44:18+00:00","mainEntityOfPage":{"@id":"https:\/\/www.sixt.fr\/magazine\/flotte\/voiture-la-plus-ecologique\/"},"wordCount":2999,"image":{"@id":"https:\/\/www.sixt.fr\/magazine\/flotte\/voiture-la-plus-ecologique\/#primaryimage"},"thumbnailUrl":"https:\/\/www.sixt.fr\/magazine\/wp-content\/uploads\/\/sites\/3\/2023\/11\/voiture-la-plus-ecologique.jpg","articleSection":["Flotte\u00a0"],"inLanguage":"fr-FR"},{"@type":"WebPage","@id":"https:\/\/www.sixt.fr\/magazine\/flotte\/voiture-la-plus-ecologique\/","url":"https:\/\/www.sixt.fr\/magazine\/flotte\/voiture-la-plus-ecologique\/","name":"Quelle est la voiture la plus \u00e9cologique? Top 10","isPartOf":{"@id":"https:\/\/www.sixt.fr\/magazine\/#website"},"primaryImageOfPage":{"@id":"https:\/\/www.sixt.fr\/magazine\/flotte\/voiture-la-plus-ecologique\/#primaryimage"},"image":{"@id":"https:\/\/www.sixt.fr\/magazine\/flotte\/voiture-la-plus-ecologique\/#primaryimage"},"thumbnailUrl":"https:\/\/www.sixt.fr\/magazine\/wp-content\/uploads\/\/sites\/3\/2023\/11\/voiture-la-plus-ecologique.jpg","datePublished":"2023-11-03T10:33:56+00:00","dateModified":"2026-01-15T13:44:18+00:00","author":{"@id":"https:\/\/www.sixt.fr\/magazine\/#\/schema\/person\/7ab7ff1057e6a624cde3e74a9f39ce78"},"description":"Quelle est la voiture la plus \u00e9cologique, fabrication incluse ? La voiture \u00e9lectrique est-elle vraiment plus \u00e9cologique ? R\u00e9ponses ici !","inLanguage":"fr-FR","potentialAction":[{"@type":"ReadAction","target":["https:\/\/www.sixt.fr\/magazine\/flotte\/voiture-la-plus-ecologique\/"]}]},{"@type":"ImageObject","inLanguage":"fr-FR","@id":"https:\/\/www.sixt.fr\/magazine\/flotte\/voiture-la-plus-ecologique\/#primaryimage","url":"https:\/\/www.sixt.fr\/magazine\/wp-content\/uploads\/\/sites\/3\/2023\/11\/voiture-la-plus-ecologique.jpg","contentUrl":"https:\/\/www.sixt.fr\/magazine\/wp-content\/uploads\/\/sites\/3\/2023\/11\/voiture-la-plus-ecologique.jpg","width":1280,"height":720,"caption":"les voitures les plus \u00e9cologiques sont-elles \u00e9lectriques ?"},{"@type":"WebSite","@id":"https:\/\/www.sixt.fr\/magazine\/#website","url":"https:\/\/www.sixt.fr\/magazine\/","name":"SIXT Magazine","description":"Nos conseils voyages et actualit\u00e9s","potentialAction":[{"@type":"SearchAction","target":{"@type":"EntryPoint","urlTemplate":"https:\/\/www.sixt.fr\/magazine\/?s={search_term_string}"},"query-input":{"@type":"PropertyValueSpecification","valueRequired":true,"valueName":"search_term_string"}}],"inLanguage":"fr-FR"},{"@type":"Person","@id":"https:\/\/www.sixt.fr\/magazine\/#\/schema\/person\/7ab7ff1057e6a624cde3e74a9f39ce78","name":"Martin","image":{"@type":"ImageObject","inLanguage":"fr-FR","@id":"https:\/\/www.sixt.fr\/magazine\/#\/schema\/person\/image\/","url":"https:\/\/secure.gravatar.com\/avatar\/64b254e02b1438299783d578213ea1a5e5a318cb8916b0fd778afc99f217d30c?s=96&d=mm&r=g","contentUrl":"https:\/\/secure.gravatar.com\/avatar\/64b254e02b1438299783d578213ea1a5e5a318cb8916b0fd778afc99f217d30c?s=96&d=mm&r=g","caption":"Martin"},"url":"https:\/\/www.sixt.fr\/magazine\/author\/marting\/"}]}},"_links":{"self":[{"href":"https:\/\/www.sixt.fr\/magazine\/wp-json\/wp\/v2\/posts\/21779","targetHints":{"allow":["GET"]}}],"collection":[{"href":"https:\/\/www.sixt.fr\/magazine\/wp-json\/wp\/v2\/posts"}],"about":[{"href":"https:\/\/www.sixt.fr\/magazine\/wp-json\/wp\/v2\/types\/post"}],"author":[{"embeddable":true,"href":"https:\/\/www.sixt.fr\/magazine\/wp-json\/wp\/v2\/users\/23"}],"replies":[{"embeddable":true,"href":"https:\/\/www.sixt.fr\/magazine\/wp-json\/wp\/v2\/comments?post=21779"}],"version-history":[{"count":0,"href":"https:\/\/www.sixt.fr\/magazine\/wp-json\/wp\/v2\/posts\/21779\/revisions"}],"wp:featuredmedia":[{"embeddable":true,"href":"https:\/\/www.sixt.fr\/magazine\/wp-json\/wp\/v2\/media\/21781"}],"wp:attachment":[{"href":"https:\/\/www.sixt.fr\/magazine\/wp-json\/wp\/v2\/media?parent=21779"}],"wp:term":[{"taxonomy":"category","embeddable":true,"href":"https:\/\/www.sixt.fr\/magazine\/wp-json\/wp\/v2\/categories?post=21779"},{"taxonomy":"post_tag","embeddable":true,"href":"https:\/\/www.sixt.fr\/magazine\/wp-json\/wp\/v2\/tags?post=21779"}],"curies":[{"name":"wp","href":"https:\/\/api.w.org\/{rel}","templated":true}]}}