{"id":20344,"date":"2023-02-09T16:34:15","date_gmt":"2023-02-09T16:34:15","guid":{"rendered":"https:\/\/www.sixt.fr\/magazine\/?p=20344"},"modified":"2025-08-25T09:09:16","modified_gmt":"2025-08-25T09:09:16","slug":"ou-partir-au-soleil-en-fevrier","status":"publish","type":"post","link":"https:\/\/www.sixt.fr\/magazine\/guides-et-conseils\/ou-partir-au-soleil-en-fevrier\/","title":{"rendered":"6 destinations o\u00f9 partir au soleil en f\u00e9vrier\u00a0\u2600\ufe0f\ud83c\udfd6\ufe0f"},"content":{"rendered":"\n<p>Envie d\u2019\u00e9vasion et d\u2019une bonne cure de vitamine D ? Envie d\u2019\u00e9chapper au froid et \u00e0 la rigueur hivernale ?&nbsp; Alors que ce soit pour un week-end, pour quelques jours ou plusieurs semaines, SIXT a s\u00e9lectionn\u00e9 pour vous 6&nbsp;destinations o\u00f9 partir au soleil en f\u00e9vrier. Que ce soit en Europe ou ailleurs dans le monde, vous trouverez sans probl\u00e8me une destination ensoleill\u00e9e qui vous fera oublier l\u2019hiver&#8230;&nbsp;&nbsp;<\/p>\n\n\n\n<h2 class=\"wp-block-heading\">O\u00f9 partir au soleil en f\u00e9vrier en Europe ?&nbsp;<\/h2>\n\n\n\n<ol class=\"wp-block-list\">\n<li><a href=\"#andalousie\">Andalousie<\/a><\/li>\n\n\n\n<li><a href=\"#malte\">Malte<\/a><\/li>\n\n\n\n<li><a href=\"#iles-canaries\">Iles Canaries<\/a><\/li>\n\n\n\n<li><a href=\"#costa-rica\">Costa Rica<\/a><\/li>\n\n\n\n<li><a href=\"#oman\">Oman<\/a><\/li>\n\n\n\n<li><a href=\"#guadeloupe\">Guadeloupe<\/a><\/li>\n<\/ol>\n\n\n\n<h3 class=\"wp-block-heading\" id=\"andalousie\">L\u2019Andalousie&nbsp;&nbsp;<\/h3>\n\n\n\n<p>Direction le sud de l\u2019Espagne au bord de la Mer M\u00e9diterran\u00e9e. <strong>L\u2019Andalousie<\/strong> b\u00e9n\u00e9ficie d\u2019un climat tr\u00e8s agr\u00e9able, m\u00eame en hiver avec des moyennes autour de 16 degr\u00e9s. Pour en profiter, il faudra vous rendre du c\u00f4t\u00e9 de Malaga sur la Costa del Sol. A vous le soleil, les tapas et la douceur de vivre espagnole. Que ce soit pour un week-end ou quelques jours, <a href=\"https:\/\/www.sixt.fr\/magazine\/voyages\/road-trip-andalousie\/\">l\u2019Andalousie<\/a> est une destination id\u00e9ale pour une pause loin du froid hivernal.&nbsp;&nbsp;<\/p>\n\n\n\n<figure class=\"wp-block-image size-large is-resized\"><img decoding=\"async\" width=\"1024\" height=\"629\" data-src=\"https:\/\/www.sixt.fr\/magazine\/wp-content\/uploads\/\/sites\/3\/2022\/09\/road-trip-andalousie-grenade-SIXT-1024x629.jpg\" alt=\"road trip en andalousie grenade\" class=\"wp-image-18991 lazyload\" data-srcset=\"https:\/\/www.sixt.fr\/magazine\/wp-content\/uploads\/\/sites\/3\/2022\/09\/road-trip-andalousie-grenade-SIXT-1024x629.jpg 1024w, https:\/\/www.sixt.fr\/magazine\/wp-content\/uploads\/\/sites\/3\/2022\/09\/road-trip-andalousie-grenade-SIXT-300x184.jpg 300w, https:\/\/www.sixt.fr\/magazine\/wp-content\/uploads\/\/sites\/3\/2022\/09\/road-trip-andalousie-grenade-SIXT-768x472.jpg 768w, https:\/\/www.sixt.fr\/magazine\/wp-content\/uploads\/\/sites\/3\/2022\/09\/road-trip-andalousie-grenade-SIXT.jpg 1140w\" data-sizes=\"(max-width: 1024px) 100vw, 1024px\" src=\"data:image\/svg+xml;base64,PHN2ZyB3aWR0aD0iMSIgaGVpZ2h0PSIxIiB4bWxucz0iaHR0cDovL3d3dy53My5vcmcvMjAwMC9zdmciPjwvc3ZnPg==\" style=\"--smush-placeholder-width: 1024px; --smush-placeholder-aspect-ratio: 1024\/629;\" \/><figcaption class=\"wp-element-caption\"><em>L&rsquo;Alhambra \u00e0 Grenade avec en fond les montagnes de la Sierra Nevada<\/em><\/figcaption><\/figure>\n\n\n\n<h3 class=\"wp-block-heading\">Que voir en Andalousie ?&nbsp;&nbsp;<\/h3>\n\n\n\n<ul class=\"wp-block-list\">\n<li><strong>S\u00e9ville <\/strong>:&nbsp;La Cath\u00e9drale de S\u00e9ville et la Giralda, l\u2019Alcazar, la Plaza de Espagna ou encore le Metropol Parasol sont les immanquables de la capitale andalouse.<\/li>\n\n\n\n<li><strong>Malaga :&nbsp;<\/strong>L\u2019Alcazaba, le march\u00e9 Atarazanas, le th\u00e9atre romain de Malaga, le ch\u00e2teau de Gibralfaro et le mus\u00e9e Picasso.&nbsp;<\/li>\n\n\n\n<li><strong>Grenade :<\/strong>&nbsp;L\u2019Alhambra, le quartier de l\u2019Albaicin, la cath\u00e9drale de Grenade, les miradors de Grenade, la place de Bib-Rambla et le march\u00e9 Alcaiceria.&nbsp;<\/li>\n\n\n\n<li><strong>Cordoue : <\/strong>La mosqu\u00e9e-cath\u00e9drale de Cordoue, le pont romain de Cordoue, L\u2019Alcazar de Los Reys Cristianos et la Plaza de Corredera.&nbsp;<\/li>\n\n\n\n<li>Les villages de <strong>Nerja<\/strong> et <strong>Mijas<\/strong> : Pas tr\u00e8s loin de Malaga se trouve les deux petites villes de Nerja et Mijas. La premi\u00e8re est situ\u00e9e en bord de mer et est connue pour abriter le \u00ab\u00a0Balcon de l\u2019Europe\u00a0\u00bb qui offre une vue spectaculaire sur la Mer M\u00e9diterran\u00e9e et au loin, la c\u00f4te marocaine. La seconde est situ\u00e9e dans l\u2019arri\u00e8re-pays de Torremolinos \u00e0&nbsp;flanc de montagne \u00e0 428m d\u2019altitude et est class\u00e9e comme l\u2019un des villages blancs d\u2019Andalousie les plus pittoresque. &nbsp;<\/li>\n<\/ul>\n\n\n\n<p class=\"has-text-align-center\"><a class=\"button\" href=\"https:\/\/www.sixt.fr\/location-voiture\/espagne\/\">Location de voiture en Espagne<\/a><\/p>\n\n\n\n<h3 class=\"wp-block-heading\" id=\"malte\">Malte&nbsp;&nbsp;<\/h3>\n\n\n\n<p>Au sud de la Sicile se trouve l\u2019archipel de<strong> Malte<\/strong>. Destination de choix pour fuir l\u2019hiver,&nbsp;<a href=\"https:\/\/www.visitmalta.com\/fr\/\" rel=\"nofollow\">Malte<\/a> et ses \u00eeles b\u00e9n\u00e9ficient d\u2019un climat doux. En hiver, les temp\u00e9ratures descendent rarement en dessous de 14 degr\u00e9s et avec 19 jours d\u2019ensoleillement en f\u00e9vrier, Malte est le lieu id\u00e9al pour profiter du soleil et de temp\u00e9ratures agr\u00e9ables. Que ce soit pour sa richesse culturelle, son incroyable architecture et ses&nbsp;beaux paysages, Malte saura vous s\u00e9duire surtout en hiver. &nbsp;<\/p>\n\n\n\n<figure class=\"wp-block-image size-large is-resized\"><img decoding=\"async\" width=\"1024\" height=\"576\" data-src=\"https:\/\/www.sixt.fr\/magazine\/wp-content\/uploads\/\/sites\/3\/2023\/02\/gozo-region-header-1024x576.jpg\" alt=\"Gozo, une des \u00eeles de l'archipel de Malte\" class=\"wp-image-20346 lazyload\" data-srcset=\"https:\/\/www.sixt.fr\/magazine\/wp-content\/uploads\/\/sites\/3\/2023\/02\/gozo-region-header-1024x576.jpg 1024w, https:\/\/www.sixt.fr\/magazine\/wp-content\/uploads\/\/sites\/3\/2023\/02\/gozo-region-header-300x169.jpg 300w, https:\/\/www.sixt.fr\/magazine\/wp-content\/uploads\/\/sites\/3\/2023\/02\/gozo-region-header-768x432.jpg 768w, https:\/\/www.sixt.fr\/magazine\/wp-content\/uploads\/\/sites\/3\/2023\/02\/gozo-region-header-1536x864.jpg 1536w, https:\/\/www.sixt.fr\/magazine\/wp-content\/uploads\/\/sites\/3\/2023\/02\/gozo-region-header.jpg 1920w\" data-sizes=\"(max-width: 1024px) 100vw, 1024px\" src=\"data:image\/svg+xml;base64,PHN2ZyB3aWR0aD0iMSIgaGVpZ2h0PSIxIiB4bWxucz0iaHR0cDovL3d3dy53My5vcmcvMjAwMC9zdmciPjwvc3ZnPg==\" style=\"--smush-placeholder-width: 1024px; --smush-placeholder-aspect-ratio: 1024\/576;\" \/><figcaption class=\"wp-element-caption\"><em>Gozo, une des \u00eeles de l&rsquo;archipel de Malte<\/em><\/figcaption><\/figure>\n\n\n\n<h3 class=\"wp-block-heading\">Que voir \u00e0 Malte ? &nbsp;<\/h3>\n\n\n\n<ul class=\"wp-block-list\">\n<li><strong>La Valette :<\/strong> La co-cath\u00e9drale Saint-Jean, les Barraka Gardens, le Fort Saint Elme, le palais des Grands ma\u00eetres, le th\u00e9\u00e2tre Manoel, Les Trois Cit\u00e9s&nbsp;<\/li>\n\n\n\n<li><strong>L\u2019\u00eele de Gozo :<\/strong> Les marais salants de Marsalform, la basilique de Ta\u2019Pinu, Ramla Bay, Rabat, les Temples de Ggantija, les Falaises de Ta\u2019Cenc&nbsp;<\/li>\n\n\n\n<li><strong>Mdina :<\/strong> Cath\u00e9drale Saint-Paul, les remparts et les portes de Mdina, Palais Vilhena, Palais Falzon, Palazzo de Piro&nbsp;<\/li>\n\n\n\n<li><strong>Blue Lagoon et Comino&nbsp;<\/strong><\/li>\n<\/ul>\n\n\n\n<p class=\"has-text-align-center\"><a class=\"button\" href=\"https:\/\/www.sixt.fr\/location-voiture\/malte\/\">Location de voiture \u00e0 Malte<\/a><\/p>\n\n\n\n<p>Besoin de plus d&rsquo;inspirations pour vos escapades maltaises ? <a href=\"https:\/\/www.sixt.fr\/magazine\/voyages\/road-trip-malte\/\">Par ici<\/a> !<\/p>\n\n\n\n<h3 class=\"wp-block-heading\" id=\"iles-canaris\">Les \u00celes Canaries&nbsp;&nbsp;<\/h3>\n\n\n\n<p>Au large des c\u00f4tes marocaines, au c\u0153ur de l\u2019Oc\u00e9an Atlantique se trouve l\u2019archipel des <strong>Canaries<\/strong>. Ce chapelet d\u2019\u00eeles qui comporte les \u00eeles de Lanzarote, Fuerteventura, Gran Canaria, Tenerife, La Gomera, La Palma et&nbsp;El Hierro est d\u00e9finitivement la destination o\u00f9 aller au soleil en f\u00e9vrier pour relativement peu cher. A cette p\u00e9riode de l\u2019ann\u00e9e, le climat est tr\u00e8s appr\u00e9ciable avec des temp\u00e9ratures de 19 degr\u00e9s en moyenne et avec beaucoup de soleil. Ce n\u2019est donc pas pour rien que l\u2019archipel est consid\u00e9r\u00e9 en ayant l\u2019un des meilleurs climats au monde. &nbsp;<\/p>\n\n\n\n<figure class=\"wp-block-image size-large is-resized\"><img decoding=\"async\" width=\"1024\" height=\"629\" data-src=\"https:\/\/www.sixt.fr\/magazine\/wp-content\/uploads\/\/sites\/3\/2022\/09\/Parc-du-Teide-Tenerife-1024x629.jpg\" alt=\"parc du teide tenerife\" class=\"wp-image-19221 lazyload\" data-srcset=\"https:\/\/www.sixt.fr\/magazine\/wp-content\/uploads\/\/sites\/3\/2022\/09\/Parc-du-Teide-Tenerife-1024x629.jpg 1024w, https:\/\/www.sixt.fr\/magazine\/wp-content\/uploads\/\/sites\/3\/2022\/09\/Parc-du-Teide-Tenerife-300x184.jpg 300w, https:\/\/www.sixt.fr\/magazine\/wp-content\/uploads\/\/sites\/3\/2022\/09\/Parc-du-Teide-Tenerife-768x472.jpg 768w, https:\/\/www.sixt.fr\/magazine\/wp-content\/uploads\/\/sites\/3\/2022\/09\/Parc-du-Teide-Tenerife.jpg 1040w\" data-sizes=\"(max-width: 1024px) 100vw, 1024px\" src=\"data:image\/svg+xml;base64,PHN2ZyB3aWR0aD0iMSIgaGVpZ2h0PSIxIiB4bWxucz0iaHR0cDovL3d3dy53My5vcmcvMjAwMC9zdmciPjwvc3ZnPg==\" style=\"--smush-placeholder-width: 1024px; --smush-placeholder-aspect-ratio: 1024\/629;\" \/><figcaption class=\"wp-element-caption\"><em>Le parc du Teide \u00e0 Tenerife avec le Teide, plus haut sommet des Canaries<\/em><\/figcaption><\/figure>\n\n\n\n<h3 class=\"wp-block-heading\">Que voir aux \u00celes Canaries ?&nbsp;<\/h3>\n\n\n\n<ul class=\"wp-block-list\">\n<li><strong>Lanzarote :<\/strong> Parc national de Timanfaya, la Lagune Verde, La Playa Papagayo, Los Hervideros, Le Jardin des Cactus, La Cueva de Los Verdes&nbsp;<\/li>\n\n\n\n<li><strong>Tenerife :<\/strong>&nbsp;Le parc national de Las Canadas del Teide et de Rural Teno, &nbsp;<\/li>\n\n\n\n<li><strong>Grand Canaria :<\/strong> Las Palmas, Pico de las Nieves, la ville de Teror, Les dunes de Maspalomas, &nbsp;<\/li>\n\n\n\n<li><strong>La Gomera :<\/strong> San Sebastian de la Gomera, le parc national de Garajonay, la Valle Grand Rey, la Playa de Santiago et le Mirador de Los Roques &nbsp;<\/li>\n<\/ul>\n\n\n\n<p class=\"has-text-align-center\"><a class=\"button\" href=\"https:\/\/www.sixt.fr\/location-voiture\/espagne\/\">Location de voiture aux \u00celes Canaries<\/a><\/p>\n\n\n\n<h2 class=\"wp-block-heading\">Aller au soleil en f\u00e9vrier ailleurs dans le monde ?&nbsp;&nbsp;<\/h2>\n\n\n\n<h3 class=\"wp-block-heading\" id=\"costa-rica\">Le Costa Rica&nbsp;&nbsp;<\/h3>\n\n\n\n<p>Au bord de la Mer des Cara\u00efbes et de l\u2019Oc\u00e9an Pacifique se trouve le <strong>Costa Rica<\/strong>. Reconnu comme pionnier de l\u2019\u00e9co-tourisme, le Costa Rica offre une multitude de choses \u00e0 d\u00e9couvrir notamment sa faune, sa flore et des paysages incroyables. Le mois de&nbsp;f\u00e9vrier est la p\u00e9riode id\u00e9ale pour s\u2019y rendre. En pleine saison s\u00e8che, avec tr\u00e8s peu de pr\u00e9cipitations et des temp\u00e9ratures allant jusqu\u2019\u00e0 25 degr\u00e9s en moyenne, le Costa Rica est la destination id\u00e9ale pour \u00e9chapper \u00e0 l\u2019hiver. &nbsp;<\/p>\n\n\n\n<figure class=\"wp-block-image size-large is-resized\"><img decoding=\"async\" width=\"1024\" height=\"767\" data-src=\"https:\/\/www.sixt.fr\/magazine\/wp-content\/uploads\/\/sites\/3\/2020\/03\/costa-rica-destination-ecotourisme-1024x767.jpg\" alt=\"La v\u00e9g\u00e9tation tropicale du Costa Rica\" class=\"wp-image-12905 lazyload\" data-srcset=\"https:\/\/www.sixt.fr\/magazine\/wp-content\/uploads\/\/sites\/3\/2020\/03\/costa-rica-destination-ecotourisme-1024x767.jpg 1024w, https:\/\/www.sixt.fr\/magazine\/wp-content\/uploads\/\/sites\/3\/2020\/03\/costa-rica-destination-ecotourisme-300x225.jpg 300w, https:\/\/www.sixt.fr\/magazine\/wp-content\/uploads\/\/sites\/3\/2020\/03\/costa-rica-destination-ecotourisme-768x575.jpg 768w, https:\/\/www.sixt.fr\/magazine\/wp-content\/uploads\/\/sites\/3\/2020\/03\/costa-rica-destination-ecotourisme.jpg 1200w\" data-sizes=\"(max-width: 1024px) 100vw, 1024px\" src=\"data:image\/svg+xml;base64,PHN2ZyB3aWR0aD0iMSIgaGVpZ2h0PSIxIiB4bWxucz0iaHR0cDovL3d3dy53My5vcmcvMjAwMC9zdmciPjwvc3ZnPg==\" style=\"--smush-placeholder-width: 1024px; --smush-placeholder-aspect-ratio: 1024\/767;\" \/><figcaption class=\"wp-element-caption\"><em>La v\u00e9g\u00e9tation tropicale et les plages du Costa Rica<\/em><\/figcaption><\/figure>\n\n\n\n<h3 class=\"wp-block-heading\">Que voir au Costa Rica ? &nbsp;<\/h3>\n\n\n\n<ul class=\"wp-block-list\">\n<li><strong>San Jos\u00e9<\/strong> &nbsp;<\/li>\n\n\n\n<li><strong>Le volcan Irazu &nbsp;<\/strong><\/li>\n\n\n\n<li><strong>Le parc national du Volcan Poas&nbsp;<\/strong><\/li>\n\n\n\n<li><strong>Bahia Drake et le Corcovado <\/strong>&nbsp;<\/li>\n\n\n\n<li><strong>Ricon de la Vieja &nbsp;<\/strong><\/li>\n<\/ul>\n\n\n\n<p class=\"has-text-align-center\"><a class=\"button\" href=\"https:\/\/www.sixt.fr\/location-voiture\/costa-rica\/\">Location de voiture au Costa Rica<\/a><\/p>\n\n\n\n<h3 class=\"wp-block-heading\" id=\"oman\">Oman&nbsp;&nbsp;<\/h3>\n\n\n\n<p>Partons au Moyen-Orient et plus exactement \u00e0 <strong>Oman<\/strong>. Cette destination figure parmi nos <a href=\"https:\/\/www.sixt.fr\/magazine\/voyages\/tendances-voyages\/\">id\u00e9es de voyages tendance de 2025<\/a>. Pays de la P\u00e9ninsule Arabique, bord\u00e9 par le golfe Persique, la mer d\u2019Arabie et le golf d\u2019Oman, le sultanat d\u2019Oman est sans aucun doute l\u2019une des plus belles destinations du Moyen-Orient. En f\u00e9vrier, le climat y est id\u00e9al&nbsp;avec en moyenne 24&nbsp;degr\u00e9s. Pays des milles et une nuits avec des traditions ancestrales authentiques et \u00e0 l\u2019architecture exceptionnelle, Oman est un pays qui vous promet de vivre une exp\u00e9rience de voyage inoubliable. &nbsp;<\/p>\n\n\n\n<figure class=\"wp-block-image size-full is-resized\"><img decoding=\"async\" width=\"1014\" height=\"683\" data-src=\"https:\/\/www.sixt.fr\/magazine\/wp-content\/uploads\/\/sites\/3\/2023\/02\/wadi_tiwi_oman.jpg\" alt=\"Wadi Tiwi \u00e0 Oman\" class=\"wp-image-20345 lazyload\" data-srcset=\"https:\/\/www.sixt.fr\/magazine\/wp-content\/uploads\/\/sites\/3\/2023\/02\/wadi_tiwi_oman.jpg 1014w, https:\/\/www.sixt.fr\/magazine\/wp-content\/uploads\/\/sites\/3\/2023\/02\/wadi_tiwi_oman-300x202.jpg 300w, https:\/\/www.sixt.fr\/magazine\/wp-content\/uploads\/\/sites\/3\/2023\/02\/wadi_tiwi_oman-768x517.jpg 768w\" data-sizes=\"(max-width: 1014px) 100vw, 1014px\" src=\"data:image\/svg+xml;base64,PHN2ZyB3aWR0aD0iMSIgaGVpZ2h0PSIxIiB4bWxucz0iaHR0cDovL3d3dy53My5vcmcvMjAwMC9zdmciPjwvc3ZnPg==\" style=\"--smush-placeholder-width: 1014px; --smush-placeholder-aspect-ratio: 1014\/683;\" \/><figcaption class=\"wp-element-caption\"><em>Wadi Twi dans le Sultanat d&rsquo;Oman avec ses eaux turquoises<\/em><\/figcaption><\/figure>\n\n\n\n<h3 class=\"wp-block-heading\">Que voir \u00e0&nbsp;Oman ?&nbsp;<\/h3>\n\n\n\n<ul class=\"wp-block-list\">\n<li><strong>Mascate<\/strong><\/li>\n\n\n\n<li><strong>Le d\u00e9sert de Wahiba Sands&nbsp;<\/strong><\/li>\n\n\n\n<li><strong>Le Jebel Shams et autres canyons &nbsp;<\/strong><\/li>\n\n\n\n<li><strong>Ras El Jinz <\/strong>pour observer les tortues &nbsp;<\/li>\n\n\n\n<li><strong>Sour et son port <\/strong><\/li>\n<\/ul>\n\n\n\n<p class=\"has-text-align-center\"><a class=\"button\" href=\"https:\/\/www.sixt.fr\/location-voiture\/oman\/\">Location de voiture \u00e0 Oman<\/a><\/p>\n\n\n\n<h3 class=\"wp-block-heading\" id=\"guadeloupe\">La Guadeloupe&nbsp;&nbsp;<\/h3>\n\n\n\n<p>Un bout de France dans les Cara\u00efbes, si vous alliez en<strong> Guadeloupe<\/strong> ? En f\u00e9vrier, la Guadeloupe c\u2019est du&nbsp;soleil et de la chaleur avec 26 degr\u00e9s en moyenne. C\u2019est donc la p\u00e9riode id\u00e9ale de l\u2019ann\u00e9e pour en profiter puisque c\u2019est la saison s\u00e8che. A vous les <a href=\"https:\/\/www.sixt.fr\/magazine\/voyages\/les-plus-belles-plages-de-guadeloupe\/\">plages<\/a> de sable de blanc, la for\u00eat tropicale et la gastronomie locale. Entre Basse-Terre, Grande-Terre, La D\u00e9sirade, Marie Galante et Les Saintes, la Guadeloupe sera l\u2019occasion de vivre un s\u00e9jour hivernal des plus d\u00e9paysants. &nbsp;<\/p>\n\n\n\n<figure class=\"wp-block-image size-large is-resized\"><img decoding=\"async\" width=\"1024\" height=\"768\" data-src=\"https:\/\/www.sixt.fr\/magazine\/wp-content\/uploads\/\/sites\/3\/2018\/06\/beach-1191204_1280-1024x768.jpg\" alt=\"plage de la caravelle en Guadeloupe\" class=\"wp-image-2695 lazyload\" data-srcset=\"https:\/\/www.sixt.fr\/magazine\/wp-content\/uploads\/\/sites\/3\/2018\/06\/beach-1191204_1280-1024x768.jpg 1024w, https:\/\/www.sixt.fr\/magazine\/wp-content\/uploads\/\/sites\/3\/2018\/06\/beach-1191204_1280-300x225.jpg 300w, https:\/\/www.sixt.fr\/magazine\/wp-content\/uploads\/\/sites\/3\/2018\/06\/beach-1191204_1280-768x576.jpg 768w, https:\/\/www.sixt.fr\/magazine\/wp-content\/uploads\/\/sites\/3\/2018\/06\/beach-1191204_1280.jpg 1280w\" data-sizes=\"(max-width: 1024px) 100vw, 1024px\" src=\"data:image\/svg+xml;base64,PHN2ZyB3aWR0aD0iMSIgaGVpZ2h0PSIxIiB4bWxucz0iaHR0cDovL3d3dy53My5vcmcvMjAwMC9zdmciPjwvc3ZnPg==\" style=\"--smush-placeholder-width: 1024px; --smush-placeholder-aspect-ratio: 1024\/768;\" \/><figcaption class=\"wp-element-caption\"><em>La plage de la Caravelle, une des plus belles plage de la Guadeloupe<\/em><\/figcaption><\/figure>\n\n\n\n<h3 class=\"wp-block-heading\">Que voir en Guadeloupe ? &nbsp;<\/h3>\n\n\n\n<ul class=\"wp-block-list\">\n<li><strong>La Grande Soufri\u00e8re<\/strong>&nbsp;<\/li>\n\n\n\n<li><strong>Pointe-\u00e0-Pitre&nbsp;<\/strong><\/li>\n\n\n\n<li><strong>Visiter les march\u00e9s locaux &nbsp;<\/strong><\/li>\n\n\n\n<li><strong>Les plages<\/strong> : Anse du Souffleur, Plage de la Datcha, Plage de la Caravelle&#8230;&nbsp;<\/li>\n\n\n\n<li><strong>L\u2019archipel des Saintes &nbsp;<\/strong><\/li>\n<\/ul>\n\n\n\n<p class=\"has-text-align-center\"><a class=\"button\" href=\"https:\/\/www.sixt.fr\/location-voiture\/guadeloupe\/\">Location de voiture en Guadeloupe<\/a><\/p>\n\n\n\n<h3 class=\"wp-block-heading\">Envie d&rsquo;aller plus loin ?<\/h3>\n\n\n\n<ul class=\"wp-block-list\">\n<li><a href=\"https:\/\/www.sixt.fr\/magazine\/voyages\/road-trip-tenerife\/\">Road trip \u00e0 Tenerife en 9 \u00e9tapes<\/a><\/li>\n\n\n\n<li><a href=\"https:\/\/www.sixt.fr\/magazine\/voyages\/road-trip-catalogne\/\">Road trip en catalogne : du soleil et de la dolce vita au programme !<\/a><\/li>\n\n\n\n<li><a href=\"https:\/\/www.sixt.fr\/magazine\/voyages\/road-trip-andalousie\/\">Road trip en Andalousie : notre itin\u00e9raire ensoleill\u00e9e en 10 \u00e9tapes<\/a><\/li>\n\n\n\n<li><a href=\"https:\/\/www.sixt.fr\/magazine\/guides-et-conseils\/que-faire-a-lanzarote\/\">Que faire \u00e0 Lanzarote ? Top 10 des lieux \u00e0 visiter<\/a><\/li>\n\n\n\n<li><a href=\"https:\/\/www.sixt.fr\/magazine\/voyages\/road-trip-guadeloupe-sud-basse-terre\/\">Road trip en Guadeloupe dans le sud de Basse-Terre<\/a><\/li>\n\n\n\n<li><a href=\"https:\/\/www.sixt.fr\/magazine\/voyages\/les-plus-belles-plages-de-guadeloupe\/\">En route vers les plus belles plages de Guadeloupe<\/a><\/li>\n<\/ul>\n<!-- AddThis Advanced Settings generic via filter on the_content --><!-- AddThis Share Buttons generic via filter on the_content -->","protected":false},"excerpt":{"rendered":"<p>Envie d\u2019\u00e9vasion et d\u2019une bonne cure de vitamine D ? Envie d\u2019\u00e9chapper au froid et \u00e0 la rigueur hivernale ?&nbsp; Alors que ce soit pour un week-end, pour quelques jours ou plusieurs semaines, SIXT a s\u00e9lectionn\u00e9 pour vous 6&nbsp;destinations o\u00f9 partir au soleil en f\u00e9vrier. Que ce soit en Europe ou ailleurs dans le monde,&#8230;<!-- AddThis Advanced Settings generic via filter on get_the_excerpt --><!-- AddThis Share Buttons generic via filter on get_the_excerpt --><\/p>\n","protected":false},"author":23,"featured_media":0,"comment_status":"closed","ping_status":"open","sticky":false,"template":"","format":"standard","meta":{"_genesis_hide_title":false,"_genesis_hide_breadcrumbs":false,"_genesis_hide_singular_image":false,"_genesis_hide_footer_widgets":false,"_genesis_custom_body_class":"","_genesis_custom_post_class":"","_genesis_layout":"","ngg_post_thumbnail":0,"footnotes":""},"categories":[5],"tags":[356,57,30,357,111],"class_list":{"0":"post-20344","1":"post","2":"type-post","3":"status-publish","4":"format-standard","6":"category-guides-et-conseils","7":"tag-costa-rica","8":"tag-espagne","9":"tag-france","10":"tag-malte","11":"tag-oman","12":"entry","13":"has-post-thumbnail"},"yoast_head":"<!-- This site is optimized with the Yoast SEO plugin v27.1.1 - https:\/\/yoast.com\/product\/yoast-seo-wordpress\/ -->\n<title>O\u00f9 partir en f\u00e9vrier au soleil en famille ou entre amis ?<\/title>\n<meta name=\"description\" content=\"Envie de fuir l&#039;hiver ? Envie de faire le plein de vitamine D ? SIXT a selectionn\u00e9 pour vous 6 destinations o\u00f9 partir au soleil en f\u00e9vier.\" \/>\n<meta name=\"robots\" content=\"index, follow, max-snippet:-1, max-image-preview:large, max-video-preview:-1\" \/>\n<link rel=\"canonical\" href=\"https:\/\/www.sixt.fr\/magazine\/guides-et-conseils\/ou-partir-au-soleil-en-fevrier\/\" \/>\n<meta property=\"og:locale\" content=\"fr_FR\" \/>\n<meta property=\"og:type\" content=\"article\" \/>\n<meta property=\"og:title\" content=\"O\u00f9 partir en f\u00e9vrier au soleil en famille ou entre amis ?\" \/>\n<meta property=\"og:description\" content=\"Envie de fuir l&#039;hiver ? Envie de faire le plein de vitamine D ? SIXT a selectionn\u00e9 pour vous 6 destinations o\u00f9 partir au soleil en f\u00e9vier.\" \/>\n<meta property=\"og:url\" content=\"https:\/\/www.sixt.fr\/magazine\/guides-et-conseils\/ou-partir-au-soleil-en-fevrier\/\" \/>\n<meta property=\"og:site_name\" content=\"Sixt Magazine\" \/>\n<meta property=\"article:published_time\" content=\"2023-02-09T16:34:15+00:00\" \/>\n<meta property=\"article:modified_time\" content=\"2025-08-25T09:09:16+00:00\" \/>\n<meta property=\"og:image\" content=\"https:\/\/www.sixt.fr\/magazine\/wp-content\/uploads\/\/sites\/3\/2022\/09\/road-trip-andalousie-grenade-SIXT.jpg\" \/>\n\t<meta property=\"og:image:width\" content=\"1140\" \/>\n\t<meta property=\"og:image:height\" content=\"700\" \/>\n\t<meta property=\"og:image:type\" content=\"image\/jpeg\" \/>\n<meta name=\"author\" content=\"Martin\" \/>\n<meta name=\"twitter:card\" content=\"summary_large_image\" \/>\n<meta name=\"twitter:label1\" content=\"\u00c9crit par\" \/>\n\t<meta name=\"twitter:data1\" content=\"Martin\" \/>\n\t<meta name=\"twitter:label2\" content=\"Dur\u00e9e de lecture estim\u00e9e\" \/>\n\t<meta name=\"twitter:data2\" content=\"8 minutes\" \/>\n<!-- \/ Yoast SEO plugin. -->","yoast_head_json":{"title":"O\u00f9 partir en f\u00e9vrier au soleil en famille ou entre amis ?","description":"Envie de fuir l'hiver ? Envie de faire le plein de vitamine D ? SIXT a selectionn\u00e9 pour vous 6 destinations o\u00f9 partir au soleil en f\u00e9vier.","robots":{"index":"index","follow":"follow","max-snippet":"max-snippet:-1","max-image-preview":"max-image-preview:large","max-video-preview":"max-video-preview:-1"},"canonical":"https:\/\/www.sixt.fr\/magazine\/guides-et-conseils\/ou-partir-au-soleil-en-fevrier\/","og_locale":"fr_FR","og_type":"article","og_title":"O\u00f9 partir en f\u00e9vrier au soleil en famille ou entre amis ?","og_description":"Envie de fuir l'hiver ? Envie de faire le plein de vitamine D ? SIXT a selectionn\u00e9 pour vous 6 destinations o\u00f9 partir au soleil en f\u00e9vier.","og_url":"https:\/\/www.sixt.fr\/magazine\/guides-et-conseils\/ou-partir-au-soleil-en-fevrier\/","og_site_name":"Sixt Magazine","article_published_time":"2023-02-09T16:34:15+00:00","article_modified_time":"2025-08-25T09:09:16+00:00","og_image":[{"width":1140,"height":700,"url":"https:\/\/www.sixt.fr\/magazine\/wp-content\/uploads\/\/sites\/3\/2022\/09\/road-trip-andalousie-grenade-SIXT.jpg","type":"image\/jpeg"}],"author":"Martin","twitter_card":"summary_large_image","twitter_misc":{"\u00c9crit par":"Martin","Dur\u00e9e de lecture estim\u00e9e":"8 minutes"},"schema":{"@context":"https:\/\/schema.org","@graph":[{"@type":"Article","@id":"https:\/\/www.sixt.fr\/magazine\/guides-et-conseils\/ou-partir-au-soleil-en-fevrier\/#article","isPartOf":{"@id":"https:\/\/www.sixt.fr\/magazine\/guides-et-conseils\/ou-partir-au-soleil-en-fevrier\/"},"author":{"name":"Martin","@id":"https:\/\/www.sixt.fr\/magazine\/#\/schema\/person\/7ab7ff1057e6a624cde3e74a9f39ce78"},"headline":"6 destinations o\u00f9 partir au soleil en f\u00e9vrier\u00a0\u2600\ufe0f\ud83c\udfd6\ufe0f","datePublished":"2023-02-09T16:34:15+00:00","dateModified":"2025-08-25T09:09:16+00:00","mainEntityOfPage":{"@id":"https:\/\/www.sixt.fr\/magazine\/guides-et-conseils\/ou-partir-au-soleil-en-fevrier\/"},"wordCount":1368,"image":{"@id":"https:\/\/www.sixt.fr\/magazine\/guides-et-conseils\/ou-partir-au-soleil-en-fevrier\/#primaryimage"},"thumbnailUrl":"https:\/\/www.sixt.fr\/magazine\/wp-content\/uploads\/\/sites\/3\/2022\/09\/road-trip-andalousie-grenade-SIXT-1024x629.jpg","keywords":["costa rica","Espagne","France","malte","Oman"],"articleSection":["Guides &amp; conseils"],"inLanguage":"fr-FR"},{"@type":"WebPage","@id":"https:\/\/www.sixt.fr\/magazine\/guides-et-conseils\/ou-partir-au-soleil-en-fevrier\/","url":"https:\/\/www.sixt.fr\/magazine\/guides-et-conseils\/ou-partir-au-soleil-en-fevrier\/","name":"O\u00f9 partir en f\u00e9vrier au soleil en famille ou entre amis ?","isPartOf":{"@id":"https:\/\/www.sixt.fr\/magazine\/#website"},"primaryImageOfPage":{"@id":"https:\/\/www.sixt.fr\/magazine\/guides-et-conseils\/ou-partir-au-soleil-en-fevrier\/#primaryimage"},"image":{"@id":"https:\/\/www.sixt.fr\/magazine\/guides-et-conseils\/ou-partir-au-soleil-en-fevrier\/#primaryimage"},"thumbnailUrl":"https:\/\/www.sixt.fr\/magazine\/wp-content\/uploads\/\/sites\/3\/2022\/09\/road-trip-andalousie-grenade-SIXT-1024x629.jpg","datePublished":"2023-02-09T16:34:15+00:00","dateModified":"2025-08-25T09:09:16+00:00","author":{"@id":"https:\/\/www.sixt.fr\/magazine\/#\/schema\/person\/7ab7ff1057e6a624cde3e74a9f39ce78"},"description":"Envie de fuir l'hiver ? Envie de faire le plein de vitamine D ? SIXT a selectionn\u00e9 pour vous 6 destinations o\u00f9 partir au soleil en f\u00e9vier.","inLanguage":"fr-FR","potentialAction":[{"@type":"ReadAction","target":["https:\/\/www.sixt.fr\/magazine\/guides-et-conseils\/ou-partir-au-soleil-en-fevrier\/"]}]},{"@type":"ImageObject","inLanguage":"fr-FR","@id":"https:\/\/www.sixt.fr\/magazine\/guides-et-conseils\/ou-partir-au-soleil-en-fevrier\/#primaryimage","url":"https:\/\/www.sixt.fr\/magazine\/wp-content\/uploads\/\/sites\/3\/2022\/09\/road-trip-andalousie-grenade-SIXT.jpg","contentUrl":"https:\/\/www.sixt.fr\/magazine\/wp-content\/uploads\/\/sites\/3\/2022\/09\/road-trip-andalousie-grenade-SIXT.jpg","width":1140,"height":700,"caption":"road trip en andalousie grenade"},{"@type":"WebSite","@id":"https:\/\/www.sixt.fr\/magazine\/#website","url":"https:\/\/www.sixt.fr\/magazine\/","name":"SIXT Magazine","description":"Nos conseils voyages et actualit\u00e9s","potentialAction":[{"@type":"SearchAction","target":{"@type":"EntryPoint","urlTemplate":"https:\/\/www.sixt.fr\/magazine\/?s={search_term_string}"},"query-input":{"@type":"PropertyValueSpecification","valueRequired":true,"valueName":"search_term_string"}}],"inLanguage":"fr-FR"},{"@type":"Person","@id":"https:\/\/www.sixt.fr\/magazine\/#\/schema\/person\/7ab7ff1057e6a624cde3e74a9f39ce78","name":"Martin","image":{"@type":"ImageObject","inLanguage":"fr-FR","@id":"https:\/\/www.sixt.fr\/magazine\/#\/schema\/person\/image\/","url":"https:\/\/secure.gravatar.com\/avatar\/64b254e02b1438299783d578213ea1a5e5a318cb8916b0fd778afc99f217d30c?s=96&d=mm&r=g","contentUrl":"https:\/\/secure.gravatar.com\/avatar\/64b254e02b1438299783d578213ea1a5e5a318cb8916b0fd778afc99f217d30c?s=96&d=mm&r=g","caption":"Martin"},"url":"https:\/\/www.sixt.fr\/magazine\/author\/marting\/"}]}},"_links":{"self":[{"href":"https:\/\/www.sixt.fr\/magazine\/wp-json\/wp\/v2\/posts\/20344","targetHints":{"allow":["GET"]}}],"collection":[{"href":"https:\/\/www.sixt.fr\/magazine\/wp-json\/wp\/v2\/posts"}],"about":[{"href":"https:\/\/www.sixt.fr\/magazine\/wp-json\/wp\/v2\/types\/post"}],"author":[{"embeddable":true,"href":"https:\/\/www.sixt.fr\/magazine\/wp-json\/wp\/v2\/users\/23"}],"replies":[{"embeddable":true,"href":"https:\/\/www.sixt.fr\/magazine\/wp-json\/wp\/v2\/comments?post=20344"}],"version-history":[{"count":0,"href":"https:\/\/www.sixt.fr\/magazine\/wp-json\/wp\/v2\/posts\/20344\/revisions"}],"wp:attachment":[{"href":"https:\/\/www.sixt.fr\/magazine\/wp-json\/wp\/v2\/media?parent=20344"}],"wp:term":[{"taxonomy":"category","embeddable":true,"href":"https:\/\/www.sixt.fr\/magazine\/wp-json\/wp\/v2\/categories?post=20344"},{"taxonomy":"post_tag","embeddable":true,"href":"https:\/\/www.sixt.fr\/magazine\/wp-json\/wp\/v2\/tags?post=20344"}],"curies":[{"name":"wp","href":"https:\/\/api.w.org\/{rel}","templated":true}]}}