{"id":19289,"date":"2022-10-10T09:55:19","date_gmt":"2022-10-10T09:55:19","guid":{"rendered":"https:\/\/www.sixt.fr\/magazine\/?p=19289"},"modified":"2023-02-13T09:10:52","modified_gmt":"2023-02-13T09:10:52","slug":"playlist-annee-80","status":"publish","type":"post","link":"https:\/\/www.sixt.fr\/magazine\/sixtmoments\/playlist-annee-80\/","title":{"rendered":"Playlist ann\u00e9e 80 : Parce qu&rsquo;avant c&rsquo;\u00e9tait mieux \ud83d\ude09"},"content":{"rendered":"\n<figure class=\"wp-block-image size-large is-resized\"><img decoding=\"async\" data-src=\"https:\/\/www.sixt.fr\/magazine\/wp-content\/uploads\/\/sites\/3\/2022\/10\/Playlist-annee-80-c-etait-mieux-avant-SIXT-1024x629.jpg\" alt=\"Playlist-annee-80-c-etait mieux-avant-SIXT\" class=\"wp-image-19290 lazyload\" width=\"1140\" data-srcset=\"https:\/\/www.sixt.fr\/magazine\/wp-content\/uploads\/\/sites\/3\/2022\/10\/Playlist-annee-80-c-etait-mieux-avant-SIXT-1024x629.jpg 1024w, https:\/\/www.sixt.fr\/magazine\/wp-content\/uploads\/\/sites\/3\/2022\/10\/Playlist-annee-80-c-etait-mieux-avant-SIXT-300x184.jpg 300w, https:\/\/www.sixt.fr\/magazine\/wp-content\/uploads\/\/sites\/3\/2022\/10\/Playlist-annee-80-c-etait-mieux-avant-SIXT-768x472.jpg 768w, https:\/\/www.sixt.fr\/magazine\/wp-content\/uploads\/\/sites\/3\/2022\/10\/Playlist-annee-80-c-etait-mieux-avant-SIXT.jpg 1140w\" data-sizes=\"(max-width: 1024px) 100vw, 1024px\" src=\"data:image\/svg+xml;base64,PHN2ZyB3aWR0aD0iMSIgaGVpZ2h0PSIxIiB4bWxucz0iaHR0cDovL3d3dy53My5vcmcvMjAwMC9zdmciPjwvc3ZnPg==\" style=\"--smush-placeholder-width: 1024px; --smush-placeholder-aspect-ratio: 1024\/629;\" \/><\/figure>\n\n\n\n<p><strong><em>\u201c\u00c9gar\u00e9 dans la vall\u00e9e infernale\u2026\u201d&nbsp;<\/em><\/strong><\/p>\n\n\n\n<p>Ok, maintenant que nous avons votre attention : <strong>bienvenue dans l\u2019antre des ann\u00e9es 80 made in SIXT.<\/strong> Parce que nous sommes d&rsquo;immenses fans de cette p\u00e9riode, on tend \u00e0 affirmer que c\u2019\u00e9tait bien mieux avant (en musique of course.). <strong>M\u00eame si Ad\u00e8le, les BTS et Beyonc\u00e9 nous mettent les poils, rien de mieux qu\u2019un tube des ann\u00e9es 80 pour se d\u00e9hancher sur le dancefloor.<\/strong><\/p>\n\n\n\n<p>Et pour votre plus grand plaisir, voici notre playlist 100% ann\u00e9e 80, avec quelques anecdotes surprenantes. Pour acc\u00e9der \u00e0 l\u2019int\u00e9gralit\u00e9 de la playliste, \u00e7a se passe juste en bas !&nbsp;<\/p>\n\n\n\n<p style=\"text-align: center\"><a class=\"button\" href=\"#1\">Acc\u00e9dez \u00e0 l\u2019int\u00e9gralit\u00e9 de la playlist juste ici !&nbsp;<\/a><\/p>\n\n\n\n<h2 class=\"wp-block-heading\">Une chanson pour des nuits de folies \ud83e\udd2a<\/h2>\n\n\n\n<figure class=\"wp-block-embed is-type-video is-provider-youtube wp-block-embed-youtube wp-embed-aspect-4-3 wp-has-aspect-ratio\"><div class=\"wp-block-embed__wrapper\">\n<iframe title=\"D\u00e9but de Soiree - Nuit de Folie - Clip Officiel\" width=\"500\" height=\"375\" data-src=\"https:\/\/www.youtube.com\/embed\/yTzyJ7kDLL4?feature=oembed\" frameborder=\"0\" allow=\"accelerometer; autoplay; clipboard-write; encrypted-media; gyroscope; picture-in-picture; web-share\" referrerpolicy=\"strict-origin-when-cross-origin\" allowfullscreen src=\"data:image\/svg+xml;base64,PHN2ZyB3aWR0aD0iMSIgaGVpZ2h0PSIxIiB4bWxucz0iaHR0cDovL3d3dy53My5vcmcvMjAwMC9zdmciPjwvc3ZnPg==\" class=\"lazyload\" data-load-mode=\"1\"><\/iframe>\n<\/div><\/figure>\n\n\n\n<p>On commence en beaut\u00e9 cette playlist des ann\u00e9es 80, avec le groupe D\u00e9but de Soir\u00e9e ! <strong>V\u00e9ritable must have des soir\u00e9es d\u2019\u00e9t\u00e9, cette chanson ne vieillit pas et fait danser toutes les g\u00e9n\u00e9rations.<\/strong> Pour la petite histoire, les Inconnus en ont fait une parodie, interpr\u00e9t\u00e9e par le duo Fin d\u2019apr\u00e8s midi, personnellement, on est fan !<\/p>\n\n\n\n<h2 class=\"wp-block-heading\">Quand un post-it cr\u00e9e un tube&nbsp;\ud83d\udd16<\/h2>\n\n\n\n<figure class=\"wp-block-embed is-type-video is-provider-youtube wp-block-embed-youtube wp-embed-aspect-4-3 wp-has-aspect-ratio\"><div class=\"wp-block-embed__wrapper\">\n<iframe title=\"Wham! - Wake Me Up Before You Go-Go (Official Video)\" width=\"500\" height=\"375\" data-src=\"https:\/\/www.youtube.com\/embed\/pIgZ7gMze7A?feature=oembed\" frameborder=\"0\" allow=\"accelerometer; autoplay; clipboard-write; encrypted-media; gyroscope; picture-in-picture; web-share\" referrerpolicy=\"strict-origin-when-cross-origin\" allowfullscreen src=\"data:image\/svg+xml;base64,PHN2ZyB3aWR0aD0iMSIgaGVpZ2h0PSIxIiB4bWxucz0iaHR0cDovL3d3dy53My5vcmcvMjAwMC9zdmciPjwvc3ZnPg==\" class=\"lazyload\" data-load-mode=\"1\"><\/iframe>\n<\/div><\/figure>\n\n\n\n<p>Interpr\u00e9t\u00e9 par George Michael pour son groupe Wham!, cette chanson mythique des ann\u00e9es 80 a \u00e9t\u00e9 \u00e9crite gr\u00e2ce \u00e0 un mot \u00e9crit par Andrew Ridgeley (un des membres du groupe) \u00e0 ses parents. <strong>Press\u00e9, il \u00e9crit \u201cdon\u2019t forget to wake me up up before you go\u201d. Se rendant compte de la r\u00e9p\u00e9tition du mot \u201cup\u201d il continue sa phrase en mettant deux \u201cgo\u201d.<\/strong> Un humour notable qui donne au groupe Wham! une de ses chansons phares.&nbsp;<\/p>\n\n\n\n<h2 class=\"wp-block-heading\">Il n\u2019y a pas qu\u2019Abba en Norv\u00e8ge \ud83d\udd7a<\/h2>\n\n\n\n<figure class=\"wp-block-embed is-type-video is-provider-youtube wp-block-embed-youtube wp-embed-aspect-4-3 wp-has-aspect-ratio\"><div class=\"wp-block-embed__wrapper\">\n<iframe title=\"a-ha - Take On Me (Official Video) [Remastered in 4K]\" width=\"500\" height=\"375\" data-src=\"https:\/\/www.youtube.com\/embed\/djV11Xbc914?feature=oembed\" frameborder=\"0\" allow=\"accelerometer; autoplay; clipboard-write; encrypted-media; gyroscope; picture-in-picture; web-share\" referrerpolicy=\"strict-origin-when-cross-origin\" allowfullscreen src=\"data:image\/svg+xml;base64,PHN2ZyB3aWR0aD0iMSIgaGVpZ2h0PSIxIiB4bWxucz0iaHR0cDovL3d3dy53My5vcmcvMjAwMC9zdmciPjwvc3ZnPg==\" class=\"lazyload\" data-load-mode=\"1\"><\/iframe>\n<\/div><\/figure>\n\n\n\n<p>Merci au groupe Norv\u00e9gien pour cette p\u00e9pite des ann\u00e9es 80 ! <strong>Gr\u00e2ce \u00e0 un clip novateur pour l&rsquo;\u00e9poque et une m\u00e9lodie plus qu\u2019entra\u00eenante, le groupe a-ha se hisse en haut du top 50 durant 24 semaines !<\/strong> Encore plus fort, ce tube se vend \u00e0 7 millions d\u2019exemplaires. Qu\u2019importe o\u00f9 vous vous trouvez dans le monde, il est certain que tout le monde conna\u00eet cette chanson.<\/p>\n\n\n\n<h2 class=\"wp-block-heading\">S\u2019inspirer des classiques pour cr\u00e9er un classique \ud83d\ude0f&nbsp;<\/h2>\n\n\n\n<figure class=\"wp-block-embed is-type-video is-provider-youtube wp-block-embed-youtube wp-embed-aspect-4-3 wp-has-aspect-ratio\"><div class=\"wp-block-embed__wrapper\">\n<iframe title=\"Indochine - L&#039;aventurier (Clip officiel)\" width=\"500\" height=\"375\" data-src=\"https:\/\/www.youtube.com\/embed\/M7X6oYg6iro?feature=oembed\" frameborder=\"0\" allow=\"accelerometer; autoplay; clipboard-write; encrypted-media; gyroscope; picture-in-picture; web-share\" referrerpolicy=\"strict-origin-when-cross-origin\" allowfullscreen src=\"data:image\/svg+xml;base64,PHN2ZyB3aWR0aD0iMSIgaGVpZ2h0PSIxIiB4bWxucz0iaHR0cDovL3d3dy53My5vcmcvMjAwMC9zdmciPjwvc3ZnPg==\" class=\"lazyload\" data-load-mode=\"1\"><\/iframe>\n<\/div><\/figure>\n\n\n\n<p><strong>Grand classique des tubes fran\u00e7ais des ann\u00e9es 80, l\u2019Aventurier a pourtant \u00e9t\u00e9 \u00e9crit un peu par hasard.<\/strong> Nicola Sirkis, chanteur du groupe Indochine, se creuse la t\u00eate pour \u00e9crire sa prochaine chanson.<\/p>\n\n\n\n<p><strong>En panne d\u2019inspiration, il l\u00e8ve les yeux sur sa biblioth\u00e8que et remarque un livre de Henri Vernes.<\/strong> Tout de suite, son imagination s\u2019emballe et il \u00e9crit une chanson sur l\u2019univers de Bob Morane, le personnage principal. Les autres, comme Mister Kali Jones ou Bill Ballantine apparaissent dans le livre ! <strong>Une bonne id\u00e9e d\u2019anecdote pour vous la raconter en soir\u00e9e !&nbsp;<\/strong><\/p>\n\n\n\n<h2 class=\"wp-block-heading\">Un peu d\u2019Ella Fitzgerald dans les ann\u00e9es 80 \ud83d\udc81\u200d\u2640\ufe0f<\/h2>\n\n\n\n<figure class=\"wp-block-embed is-type-video is-provider-youtube wp-block-embed-youtube wp-embed-aspect-4-3 wp-has-aspect-ratio\"><div class=\"wp-block-embed__wrapper\">\n<iframe title=\"France Gall - Ella, elle l&#039;a (Clip officiel)\" width=\"500\" height=\"375\" data-src=\"https:\/\/www.youtube.com\/embed\/lgHGU8gqz9U?feature=oembed\" frameborder=\"0\" allow=\"accelerometer; autoplay; clipboard-write; encrypted-media; gyroscope; picture-in-picture; web-share\" referrerpolicy=\"strict-origin-when-cross-origin\" allowfullscreen src=\"data:image\/svg+xml;base64,PHN2ZyB3aWR0aD0iMSIgaGVpZ2h0PSIxIiB4bWxucz0iaHR0cDovL3d3dy53My5vcmcvMjAwMC9zdmciPjwvc3ZnPg==\" class=\"lazyload\" data-load-mode=\"1\"><\/iframe>\n<\/div><\/figure>\n\n\n\n<p><strong>Pour la petite histoire, Michel Berger voulait absolument d\u00e9dier une chanson \u00e0 Ella Fitzgerald (c\u00e9l\u00e8bre chanteuse de jazz am\u00e9ricaine).<\/strong> Et c\u2019est chose faite, puisqu\u2019en 1987, il remet la chanson \u00e0 France Gall pour compl\u00e9ter son album. <strong>Elle reste plusieurs semaines au Top 50, et \u00e0 tout jamais dans nos c\u0153urs.<\/strong> Encore un coup de g\u00e9nie de la part de Michel Berger.<\/p>\n\n\n\n<figure class=\"wp-block-image size-large is-resized\"><a href=\"https:\/\/www.sixt.fr\/magazine\/actualites\/sixt-voitures-de-collection-mecanicus\/\"><img decoding=\"async\" data-src=\"https:\/\/www.sixt.fr\/magazine\/wp-content\/uploads\/\/sites\/3\/2022\/10\/louez-voiture-collection-SIXT-1024x367.jpg\" alt=\"louez-voiture-collection-SIXT\" class=\"wp-image-19291 lazyload\" width=\"1140\" data-srcset=\"https:\/\/www.sixt.fr\/magazine\/wp-content\/uploads\/\/sites\/3\/2022\/10\/louez-voiture-collection-SIXT-1024x367.jpg 1024w, https:\/\/www.sixt.fr\/magazine\/wp-content\/uploads\/\/sites\/3\/2022\/10\/louez-voiture-collection-SIXT-300x108.jpg 300w, https:\/\/www.sixt.fr\/magazine\/wp-content\/uploads\/\/sites\/3\/2022\/10\/louez-voiture-collection-SIXT-768x276.jpg 768w, https:\/\/www.sixt.fr\/magazine\/wp-content\/uploads\/\/sites\/3\/2022\/10\/louez-voiture-collection-SIXT.jpg 1140w\" data-sizes=\"(max-width: 1024px) 100vw, 1024px\" src=\"data:image\/svg+xml;base64,PHN2ZyB3aWR0aD0iMSIgaGVpZ2h0PSIxIiB4bWxucz0iaHR0cDovL3d3dy53My5vcmcvMjAwMC9zdmciPjwvc3ZnPg==\" style=\"--smush-placeholder-width: 1024px; --smush-placeholder-aspect-ratio: 1024\/367;\" \/><\/a><\/figure>\n\n\n\n<h2 class=\"wp-block-heading\">Plut\u00f4t team George ou Brice ? \ud83d\udcab&nbsp;<\/h2>\n\n\n\n<figure class=\"wp-block-embed is-type-video is-provider-youtube wp-block-embed-youtube wp-embed-aspect-4-3 wp-has-aspect-ratio\"><div class=\"wp-block-embed__wrapper\">\n<iframe title=\"George Benson - Give Me The Night (Official Music Video) [HD Remaster]\" width=\"500\" height=\"281\" data-src=\"https:\/\/www.youtube.com\/embed\/FIF7wKJb2iU?feature=oembed\" frameborder=\"0\" allow=\"accelerometer; autoplay; clipboard-write; encrypted-media; gyroscope; picture-in-picture; web-share\" referrerpolicy=\"strict-origin-when-cross-origin\" allowfullscreen src=\"data:image\/svg+xml;base64,PHN2ZyB3aWR0aD0iMSIgaGVpZ2h0PSIxIiB4bWxucz0iaHR0cDovL3d3dy53My5vcmcvMjAwMC9zdmciPjwvc3ZnPg==\" class=\"lazyload\" data-load-mode=\"1\"><\/iframe>\n<\/div><\/figure>\n\n\n\n<p><strong>Vous connaissez peut-\u00eatre cet air gr\u00e2ce au chef-d&rsquo;\u0153uvre Brice de Nice et sa reprise \u201cLe casse de Brice\u201d qui reprend la chanson Give Me The Night. <\/strong>On a quand m\u00eame une pr\u00e9f\u00e9rence pour la version de George Benson ; Mais love sur Jean Dujardin tout de m\u00eame. <strong>Sur une note un peu plus s\u00e9rieuse, sachez que l\u2019auteur de Give Me The Night, Rod Temperton, est aussi celui du tube mondial <em>Thriller<\/em> interpr\u00e9t\u00e9 par Michael Jackson.<\/strong><\/p>\n\n\n\n<h2 class=\"wp-block-heading\">Le\u00e7on n\u00b01 : toujours \u00e9couter ses copains \ud83d\udc6c<\/h2>\n\n\n\n<figure class=\"wp-block-embed is-type-video is-provider-youtube wp-block-embed-youtube wp-embed-aspect-4-3 wp-has-aspect-ratio\"><div class=\"wp-block-embed__wrapper\">\n<iframe title=\"Alain Souchon - La ballade de Jim (Clip officiel)\" width=\"500\" height=\"375\" data-src=\"https:\/\/www.youtube.com\/embed\/Eg9YmQqTg3s?feature=oembed\" frameborder=\"0\" allow=\"accelerometer; autoplay; clipboard-write; encrypted-media; gyroscope; picture-in-picture; web-share\" referrerpolicy=\"strict-origin-when-cross-origin\" allowfullscreen src=\"data:image\/svg+xml;base64,PHN2ZyB3aWR0aD0iMSIgaGVpZ2h0PSIxIiB4bWxucz0iaHR0cDovL3d3dy53My5vcmcvMjAwMC9zdmciPjwvc3ZnPg==\" class=\"lazyload\" data-load-mode=\"1\"><\/iframe>\n<\/div><\/figure>\n\n\n\n<p>Dans cette chanson fran\u00e7aise entra\u00eenante mais un peu d\u00e9primante (si on se penche vraiment sur les paroles\u2026), Alain Souchon raconte l\u2019histoire de Jim et de sa rupture amoureuse. <strong>Au d\u00e9part, le chanteur avait \u00e9crit \u201csur le cuir rouge de sa Chrysler\u201d mais son meilleur copain, Laurent Voulzy, n\u2019\u00e9tait pas trop pour<\/strong> : il trouvait que \u00e7a changeait toute la rythmique. Puisqu\u2019Alain Souchon \u00e9coute ses copains, il change pour \u201csur le cuir de sa Chrysler\u201d. <strong>Faites comme Alain, \u00e9coutez Laurent.<\/strong>&nbsp;<\/p>\n\n\n\n<h2 class=\"wp-block-heading\">Du fun pour 1 milliard de personnes s\u2019il vous pla\u00eet \ud83e\udd73&nbsp;<\/h2>\n\n\n\n<figure class=\"wp-block-embed is-type-video is-provider-youtube wp-block-embed-youtube wp-embed-aspect-4-3 wp-has-aspect-ratio\"><div class=\"wp-block-embed__wrapper\">\n<iframe title=\"Cyndi Lauper - Girls Just Want To Have Fun (Official Video)\" width=\"500\" height=\"375\" data-src=\"https:\/\/www.youtube.com\/embed\/PIb6AZdTr-A?feature=oembed\" frameborder=\"0\" allow=\"accelerometer; autoplay; clipboard-write; encrypted-media; gyroscope; picture-in-picture; web-share\" referrerpolicy=\"strict-origin-when-cross-origin\" allowfullscreen src=\"data:image\/svg+xml;base64,PHN2ZyB3aWR0aD0iMSIgaGVpZ2h0PSIxIiB4bWxucz0iaHR0cDovL3d3dy53My5vcmcvMjAwMC9zdmciPjwvc3ZnPg==\" class=\"lazyload\" data-load-mode=\"1\"><\/iframe>\n<\/div><\/figure>\n\n\n\n<p><strong>Comment faire une playlist sp\u00e9ciale ann\u00e9e 80 sans mentionner Cyndi Lauper ? Impossible.<\/strong> Et on peut le prouver, puisque le tube a aujourd\u2019hui d\u00e9pass\u00e9 le milliard de vues sur Youtube \ud83e\udd2f Bravo Cyndi.&nbsp;<\/p>\n\n\n\n<h2 class=\"wp-block-heading\">Une liste des petits bonheurs de la vie \ud83e\udd0c<\/h2>\n\n\n\n<figure class=\"wp-block-embed is-type-video is-provider-youtube wp-block-embed-youtube wp-embed-aspect-16-9 wp-has-aspect-ratio\"><div class=\"wp-block-embed__wrapper\">\nhttps:\/\/www.youtube.com\/watch?v=aoqOuPBuTl0&#038;ab_channel=AnastasioEric\n<\/div><\/figure>\n\n\n\n<p><strong>V\u00e9ritable ode aux petits plaisirs de la vie, cette chanson italienne est une bouff\u00e9e d\u2019air frais, tout droit venue des ann\u00e9es 80.<\/strong> Un tube qui fait sans aucun doute sensation lorsqu&rsquo;elle passe en soir\u00e9e ! Tout le monde la conna\u00eet, mais n\u2019y pense jamais. Mais chez SIXT, on a une bonne m\u00e9moire !&nbsp;<\/p>\n\n\n\n<h2 class=\"wp-block-heading\">Aller plus loin que la nuit et le jour \ud83c\udf1a\ud83c\udf1d&nbsp;<\/h2>\n\n\n\n<figure class=\"wp-block-embed is-type-video is-provider-youtube wp-block-embed-youtube wp-embed-aspect-4-3 wp-has-aspect-ratio\"><div class=\"wp-block-embed__wrapper\">\n<iframe title=\"Desireless - Voyage, voyage (1987)\" width=\"500\" height=\"375\" data-src=\"https:\/\/www.youtube.com\/embed\/sM2ZhByFcDk?feature=oembed\" frameborder=\"0\" allow=\"accelerometer; autoplay; clipboard-write; encrypted-media; gyroscope; picture-in-picture; web-share\" referrerpolicy=\"strict-origin-when-cross-origin\" allowfullscreen src=\"data:image\/svg+xml;base64,PHN2ZyB3aWR0aD0iMSIgaGVpZ2h0PSIxIiB4bWxucz0iaHR0cDovL3d3dy53My5vcmcvMjAwMC9zdmciPjwvc3ZnPg==\" class=\"lazyload\" data-load-mode=\"1\"><\/iframe>\n<\/div><\/figure>\n\n\n\n<p><strong>Au-del\u00e0 d\u2019une coupe de cheveux mythique, la chanson <em>Voyage Voyage<\/em> de Desireless parle \u00e9videmment d\u2019escapade mais surtout de connaissance de soi !<\/strong> Un tube au succ\u00e8s ph\u00e9nom\u00e9nal qui n\u2019a pas mis longtemps \u00e0 d\u00e9passer nos fronti\u00e8res fran\u00e7aises. Il a \u00e9t\u00e9 num\u00e9ro 1 en Allemagne, en Autriche, en Espagne et m\u00eame en Norv\u00e8ge. <strong>Si \u00e7a, ce n\u2019est pas un bon voyage\u2026&nbsp;<\/strong><\/p>\n\n\n\n<h2 class=\"wp-block-heading\">Qui \u00e7a, qui \u00e7a ? \ud83d\udca5<\/h2>\n\n\n\n<figure class=\"wp-block-embed is-type-video is-provider-youtube wp-block-embed-youtube wp-embed-aspect-4-3 wp-has-aspect-ratio\"><div class=\"wp-block-embed__wrapper\">\n<iframe title=\"Images - Les D\u00e9mons De Minuit [Official MV]\" width=\"500\" height=\"375\" data-src=\"https:\/\/www.youtube.com\/embed\/eheg6r2-_1Y?feature=oembed\" frameborder=\"0\" allow=\"accelerometer; autoplay; clipboard-write; encrypted-media; gyroscope; picture-in-picture; web-share\" referrerpolicy=\"strict-origin-when-cross-origin\" allowfullscreen src=\"data:image\/svg+xml;base64,PHN2ZyB3aWR0aD0iMSIgaGVpZ2h0PSIxIiB4bWxucz0iaHR0cDovL3d3dy53My5vcmcvMjAwMC9zdmciPjwvc3ZnPg==\" class=\"lazyload\" data-load-mode=\"1\"><\/iframe>\n<\/div><\/figure>\n\n\n\n<p><strong>Mariages, r\u00e9veillons, nouvel an, anniversaire\u2026 Bref, les d\u00e9mons de minuit ont conquis toutes les soir\u00e9es fran\u00e7aises. <\/strong>Mais accrochez-vous bien, la chanson a failli ne jamais sortir : les professionnels de la musique n&rsquo;\u00e9taient pas fans. Il n\u2019a suffi que d\u2019une maison de disques, qui a dit oui, pour sortir ce tube interg\u00e9n\u00e9rationnel.&nbsp;<\/p>\n\n\n\n<h2 class=\"wp-block-heading\">Trouver l\u2019amour en chanson \u2764\ufe0f<\/h2>\n\n\n\n<figure class=\"wp-block-embed is-type-video is-provider-youtube wp-block-embed-youtube wp-embed-aspect-4-3 wp-has-aspect-ratio\"><div class=\"wp-block-embed__wrapper\">\n<iframe title=\"Partenaire Particulier\" width=\"500\" height=\"375\" data-src=\"https:\/\/www.youtube.com\/embed\/ccSPZZ2AKXY?feature=oembed\" frameborder=\"0\" allow=\"accelerometer; autoplay; clipboard-write; encrypted-media; gyroscope; picture-in-picture; web-share\" referrerpolicy=\"strict-origin-when-cross-origin\" allowfullscreen src=\"data:image\/svg+xml;base64,PHN2ZyB3aWR0aD0iMSIgaGVpZ2h0PSIxIiB4bWxucz0iaHR0cDovL3d3dy53My5vcmcvMjAwMC9zdmciPjwvc3ZnPg==\" class=\"lazyload\" data-load-mode=\"1\"><\/iframe>\n<\/div><\/figure>\n\n\n\n<p>Le groupe <em>Partenaire Particulier,<\/em> compos\u00e9 de 3 membres, na\u00eet dans les f\u00eates bordelaises en 1983. Et la tendance s\u2019est \u00e9tendue \u00e0 toute la France depuis cette ann\u00e9e-l\u00e0.<strong> Impossible de faire une soir\u00e9e sans entendre r\u00e9sonner le fameux \u201calors je cherche, et je trouverai\u2026\u201d !<\/strong><\/p>\n\n\n\n<h2 class=\"wp-block-heading\">Prouver qu\u2019on existe ! \ud83d\ude4b\u200d\u2640\ufe0f&nbsp;<\/h2>\n\n\n\n<figure class=\"wp-block-embed is-type-video is-provider-youtube wp-block-embed-youtube wp-embed-aspect-16-9 wp-has-aspect-ratio\"><div class=\"wp-block-embed__wrapper\">\n<iframe title=\"France Gall - R\u00e9siste (Audio officiel)\" width=\"500\" height=\"281\" data-src=\"https:\/\/www.youtube.com\/embed\/I5mlAZkibgw?feature=oembed\" frameborder=\"0\" allow=\"accelerometer; autoplay; clipboard-write; encrypted-media; gyroscope; picture-in-picture; web-share\" referrerpolicy=\"strict-origin-when-cross-origin\" allowfullscreen src=\"data:image\/svg+xml;base64,PHN2ZyB3aWR0aD0iMSIgaGVpZ2h0PSIxIiB4bWxucz0iaHR0cDovL3d3dy53My5vcmcvMjAwMC9zdmciPjwvc3ZnPg==\" class=\"lazyload\" data-load-mode=\"1\"><\/iframe>\n<\/div><\/figure>\n\n\n\n<p>Pour cl\u00f4turer en beaut\u00e9 cette playlist des ann\u00e9es 80, qui de mieux que France Gall ? Chanteuse de renom fran\u00e7aise, elle a su nous faire danser au fil de ses nombreux tubes. Notamment \u201cR\u00e9siste\u201d. <strong>Un tube intemporel qui donne de la force et qui fait bouger petits et grands !<\/strong><\/p>\n\n\n\n<div id=\"1\"><\/div>\n\n\n\n<h2 class=\"wp-block-heading\">\u00c9coutez la playlist ann\u00e9e 80 \ud83c\udfb6<\/h2>\n\n\n\n<figure class=\"wp-block-embed is-type-rich is-provider-spotify wp-block-embed-spotify wp-embed-aspect-21-9 wp-has-aspect-ratio\"><div class=\"wp-block-embed__wrapper\">\n<iframe title=\"Spotify Embed: Playlist ann\u00e9es 80 : parce que c&amp;apos;\u00e9tait mieux avant \ud83d\udd25\" style=\"border-radius: 12px\" width=\"100%\" height=\"352\" frameborder=\"0\" allowfullscreen allow=\"autoplay; clipboard-write; encrypted-media; fullscreen; picture-in-picture\" data-src=\"https:\/\/open.spotify.com\/embed\/playlist\/0IbBiFxGvsmG6eBJRQ0wBy?si=3649b0f95ca24877&#038;utm_source=oembed\" src=\"data:image\/svg+xml;base64,PHN2ZyB3aWR0aD0iMSIgaGVpZ2h0PSIxIiB4bWxucz0iaHR0cDovL3d3dy53My5vcmcvMjAwMC9zdmciPjwvc3ZnPg==\" class=\"lazyload\" data-load-mode=\"1\"><\/iframe>\n<\/div><\/figure>\n\n\n\n<h3 class=\"wp-block-heading\">VOS OREILLES EN REDEMANDENT ? PARCOUREZ NOS PLAYLISTS SIXT !<\/h3>\n\n\n\n<ul class=\"wp-block-list\">\n<li><a href=\"https:\/\/www.sixt.fr\/magazine\/sixtmoments\/playlist-vacances-potes\/\">Playlist vacances entre potes<\/a><\/li>\n\n\n\n<li><a href=\"https:\/\/www.sixt.fr\/magazine\/sixtmoments\/playlist-festivals-musique\/\">Revivez les meilleurs moments des festivals 2022<\/a><\/li>\n\n\n\n<li><a href=\"https:\/\/www.sixt.fr\/magazine\/sixtmoments\/chansons-cultes\/\">Playlist des chansons qui rentrent dans la t\u00eate en 2 sec<\/a><\/li>\n\n\n\n<li><a href=\"https:\/\/www.sixt.fr\/magazine\/sixtmoments\/playlist-rentree\/\">Playlist pour affronter la rentr\u00e9e<\/a><\/li>\n\n\n\n<li><a href=\"https:\/\/www.sixt.fr\/magazine\/sixtmoments\/1083-km-de-playlist\/\">1083 km de playlist (si, si c&rsquo;est possible)<\/a><\/li>\n\n\n\n<li><a href=\"https:\/\/www.sixt.fr\/magazine\/sixtmoments\/playlist-road-trip-france\/\">Playlist pour un road trip en France<\/a><\/li>\n\n\n\n<li><a href=\"https:\/\/www.sixt.fr\/magazine\/sixtmoments\/playlist-road-trip-amoureux\/\">Playlist pour un road trip en amoureux<\/a><\/li>\n\n\n\n<li><a href=\"https:\/\/www.sixt.fr\/magazine\/sixtmoments\/playlist-bouchons\/\">Playlist pour garder le smile dans les bouchons !<\/a><\/li>\n\n\n\n<li><a href=\"https:\/\/www.sixt.fr\/magazine\/sixtmoments\/playlist-chill\/\">Playlist chill, pour rester peace !<\/a><\/li>\n\n\n\n<li><a href=\"https:\/\/www.sixt.fr\/magazine\/sixtmoments\/playlist-films\/\">Ces musiques de films qui font toujours leur effet<\/a><\/li>\n\n\n\n<li><a href=\"https:\/\/www.sixt.fr\/magazine\/sixtmoments\/playlist-noel\/\">La playlist de No\u00ebl pour s&rsquo;ambiancer pendant les f\u00eates<\/a><\/li>\n\n\n\n<li><a href=\"https:\/\/www.sixt.fr\/magazine\/sixtmoments\/playlist-love\/\">Passer la Saint-Valentin en musique, notre playlist love<\/a><\/li>\n<\/ul>\n<!-- AddThis Advanced Settings generic via filter on the_content --><!-- AddThis Share Buttons generic via filter on the_content -->","protected":false},"excerpt":{"rendered":"<p>\u201c\u00c9gar\u00e9 dans la vall\u00e9e infernale\u2026\u201d&nbsp; Ok, maintenant que nous avons votre attention : bienvenue dans l\u2019antre des ann\u00e9es 80 made in SIXT. Parce que nous sommes d&rsquo;immenses fans de cette p\u00e9riode, on tend \u00e0 affirmer que c\u2019\u00e9tait bien mieux avant (en musique of course.). M\u00eame si Ad\u00e8le, les BTS et Beyonc\u00e9 nous mettent les poils,&#8230;<!-- AddThis Advanced Settings generic via filter on get_the_excerpt --><!-- AddThis Share Buttons generic via filter on get_the_excerpt --><\/p>\n","protected":false},"author":92,"featured_media":19290,"comment_status":"closed","ping_status":"open","sticky":false,"template":"","format":"standard","meta":{"_genesis_hide_title":false,"_genesis_hide_breadcrumbs":false,"_genesis_hide_singular_image":false,"_genesis_hide_footer_widgets":false,"_genesis_custom_body_class":"","_genesis_custom_post_class":"","_genesis_layout":"","ngg_post_thumbnail":0,"footnotes":""},"categories":[28],"tags":[336,200],"class_list":{"0":"post-19289","1":"post","2":"type-post","3":"status-publish","4":"format-standard","5":"has-post-thumbnail","7":"category-sixtmoments","8":"tag-playlist","9":"tag-sixtmoments","10":"entry"},"yoast_head":"<!-- This site is optimized with the Yoast SEO plugin v27.1.1 - https:\/\/yoast.com\/product\/yoast-seo-wordpress\/ -->\n<title>Playlist ann\u00e9e 80 : la cr\u00e8me de la cr\u00e8me - SIXT<\/title>\n<meta name=\"description\" content=\"Entre France Gall et Wham! SIXT vous g\u00e2te en revenant sur des hits qui font toujours danser aujourd\u2019hui. Alors, c\u2019\u00e9tait mieux avant ?\u00a0\" \/>\n<meta name=\"robots\" content=\"index, follow, max-snippet:-1, max-image-preview:large, max-video-preview:-1\" \/>\n<link rel=\"canonical\" href=\"https:\/\/www.sixt.fr\/magazine\/sixtmoments\/playlist-annee-80\/\" \/>\n<meta property=\"og:locale\" content=\"fr_FR\" \/>\n<meta property=\"og:type\" content=\"article\" \/>\n<meta property=\"og:title\" content=\"Playlist ann\u00e9e 80 : la cr\u00e8me de la cr\u00e8me - SIXT\" \/>\n<meta property=\"og:description\" content=\"Entre France Gall et Wham! SIXT vous g\u00e2te en revenant sur des hits qui font toujours danser aujourd\u2019hui. Alors, c\u2019\u00e9tait mieux avant ?\u00a0\" \/>\n<meta property=\"og:url\" content=\"https:\/\/www.sixt.fr\/magazine\/sixtmoments\/playlist-annee-80\/\" \/>\n<meta property=\"og:site_name\" content=\"Sixt Magazine\" \/>\n<meta property=\"article:published_time\" content=\"2022-10-10T09:55:19+00:00\" \/>\n<meta property=\"article:modified_time\" content=\"2023-02-13T09:10:52+00:00\" \/>\n<meta property=\"og:image\" content=\"https:\/\/www.sixt.fr\/magazine\/wp-content\/uploads\/\/sites\/3\/2022\/10\/Playlist-annee-80-c-etait-mieux-avant-SIXT.jpg\" \/>\n\t<meta property=\"og:image:width\" content=\"1140\" \/>\n\t<meta property=\"og:image:height\" content=\"700\" \/>\n\t<meta property=\"og:image:type\" content=\"image\/jpeg\" \/>\n<meta name=\"twitter:card\" content=\"summary_large_image\" \/>\n<meta name=\"twitter:label1\" content=\"\u00c9crit par\" \/>\n\t<meta name=\"twitter:data1\" content=\"\" \/>\n\t<meta name=\"twitter:label2\" content=\"Dur\u00e9e de lecture estim\u00e9e\" \/>\n\t<meta name=\"twitter:data2\" content=\"7 minutes\" \/>\n<!-- \/ Yoast SEO plugin. -->","yoast_head_json":{"title":"Playlist ann\u00e9e 80 : la cr\u00e8me de la cr\u00e8me - SIXT","description":"Entre France Gall et Wham! SIXT vous g\u00e2te en revenant sur des hits qui font toujours danser aujourd\u2019hui. Alors, c\u2019\u00e9tait mieux avant ?\u00a0","robots":{"index":"index","follow":"follow","max-snippet":"max-snippet:-1","max-image-preview":"max-image-preview:large","max-video-preview":"max-video-preview:-1"},"canonical":"https:\/\/www.sixt.fr\/magazine\/sixtmoments\/playlist-annee-80\/","og_locale":"fr_FR","og_type":"article","og_title":"Playlist ann\u00e9e 80 : la cr\u00e8me de la cr\u00e8me - SIXT","og_description":"Entre France Gall et Wham! SIXT vous g\u00e2te en revenant sur des hits qui font toujours danser aujourd\u2019hui. Alors, c\u2019\u00e9tait mieux avant ?\u00a0","og_url":"https:\/\/www.sixt.fr\/magazine\/sixtmoments\/playlist-annee-80\/","og_site_name":"Sixt Magazine","article_published_time":"2022-10-10T09:55:19+00:00","article_modified_time":"2023-02-13T09:10:52+00:00","og_image":[{"width":1140,"height":700,"url":"https:\/\/www.sixt.fr\/magazine\/wp-content\/uploads\/\/sites\/3\/2022\/10\/Playlist-annee-80-c-etait-mieux-avant-SIXT.jpg","type":"image\/jpeg"}],"twitter_card":"summary_large_image","twitter_misc":{"\u00c9crit par":"","Dur\u00e9e de lecture estim\u00e9e":"7 minutes"},"schema":{"@context":"https:\/\/schema.org","@graph":[{"@type":"Article","@id":"https:\/\/www.sixt.fr\/magazine\/sixtmoments\/playlist-annee-80\/#article","isPartOf":{"@id":"https:\/\/www.sixt.fr\/magazine\/sixtmoments\/playlist-annee-80\/"},"author":{"name":"","@id":""},"headline":"Playlist ann\u00e9e 80 : Parce qu&rsquo;avant c&rsquo;\u00e9tait mieux \ud83d\ude09","datePublished":"2022-10-10T09:55:19+00:00","dateModified":"2023-02-13T09:10:52+00:00","mainEntityOfPage":{"@id":"https:\/\/www.sixt.fr\/magazine\/sixtmoments\/playlist-annee-80\/"},"wordCount":1385,"image":{"@id":"https:\/\/www.sixt.fr\/magazine\/sixtmoments\/playlist-annee-80\/#primaryimage"},"thumbnailUrl":"https:\/\/www.sixt.fr\/magazine\/wp-content\/uploads\/\/sites\/3\/2022\/10\/Playlist-annee-80-c-etait-mieux-avant-SIXT.jpg","keywords":["playlist","SixtMoments"],"articleSection":["SixtMoments"],"inLanguage":"fr-FR"},{"@type":"WebPage","@id":"https:\/\/www.sixt.fr\/magazine\/sixtmoments\/playlist-annee-80\/","url":"https:\/\/www.sixt.fr\/magazine\/sixtmoments\/playlist-annee-80\/","name":"Playlist ann\u00e9e 80 : la cr\u00e8me de la cr\u00e8me - SIXT","isPartOf":{"@id":"https:\/\/www.sixt.fr\/magazine\/#website"},"primaryImageOfPage":{"@id":"https:\/\/www.sixt.fr\/magazine\/sixtmoments\/playlist-annee-80\/#primaryimage"},"image":{"@id":"https:\/\/www.sixt.fr\/magazine\/sixtmoments\/playlist-annee-80\/#primaryimage"},"thumbnailUrl":"https:\/\/www.sixt.fr\/magazine\/wp-content\/uploads\/\/sites\/3\/2022\/10\/Playlist-annee-80-c-etait-mieux-avant-SIXT.jpg","datePublished":"2022-10-10T09:55:19+00:00","dateModified":"2023-02-13T09:10:52+00:00","author":{"@id":""},"description":"Entre France Gall et Wham! SIXT vous g\u00e2te en revenant sur des hits qui font toujours danser aujourd\u2019hui. Alors, c\u2019\u00e9tait mieux avant ?\u00a0","inLanguage":"fr-FR","potentialAction":[{"@type":"ReadAction","target":["https:\/\/www.sixt.fr\/magazine\/sixtmoments\/playlist-annee-80\/"]}]},{"@type":"ImageObject","inLanguage":"fr-FR","@id":"https:\/\/www.sixt.fr\/magazine\/sixtmoments\/playlist-annee-80\/#primaryimage","url":"https:\/\/www.sixt.fr\/magazine\/wp-content\/uploads\/\/sites\/3\/2022\/10\/Playlist-annee-80-c-etait-mieux-avant-SIXT.jpg","contentUrl":"https:\/\/www.sixt.fr\/magazine\/wp-content\/uploads\/\/sites\/3\/2022\/10\/Playlist-annee-80-c-etait-mieux-avant-SIXT.jpg","width":1140,"height":700,"caption":"Playlist-annee-80-c-etait mieux-avant-SIXT"},{"@type":"WebSite","@id":"https:\/\/www.sixt.fr\/magazine\/#website","url":"https:\/\/www.sixt.fr\/magazine\/","name":"SIXT Magazine","description":"Nos conseils voyages et actualit\u00e9s","potentialAction":[{"@type":"SearchAction","target":{"@type":"EntryPoint","urlTemplate":"https:\/\/www.sixt.fr\/magazine\/?s={search_term_string}"},"query-input":{"@type":"PropertyValueSpecification","valueRequired":true,"valueName":"search_term_string"}}],"inLanguage":"fr-FR"},{"@type":"Person","@id":"","url":"https:\/\/www.sixt.fr\/magazine\/author\/"}]}},"_links":{"self":[{"href":"https:\/\/www.sixt.fr\/magazine\/wp-json\/wp\/v2\/posts\/19289","targetHints":{"allow":["GET"]}}],"collection":[{"href":"https:\/\/www.sixt.fr\/magazine\/wp-json\/wp\/v2\/posts"}],"about":[{"href":"https:\/\/www.sixt.fr\/magazine\/wp-json\/wp\/v2\/types\/post"}],"author":[{"embeddable":true,"href":"https:\/\/www.sixt.fr\/magazine\/wp-json\/wp\/v2\/users\/92"}],"replies":[{"embeddable":true,"href":"https:\/\/www.sixt.fr\/magazine\/wp-json\/wp\/v2\/comments?post=19289"}],"version-history":[{"count":0,"href":"https:\/\/www.sixt.fr\/magazine\/wp-json\/wp\/v2\/posts\/19289\/revisions"}],"wp:featuredmedia":[{"embeddable":true,"href":"https:\/\/www.sixt.fr\/magazine\/wp-json\/wp\/v2\/media\/19290"}],"wp:attachment":[{"href":"https:\/\/www.sixt.fr\/magazine\/wp-json\/wp\/v2\/media?parent=19289"}],"wp:term":[{"taxonomy":"category","embeddable":true,"href":"https:\/\/www.sixt.fr\/magazine\/wp-json\/wp\/v2\/categories?post=19289"},{"taxonomy":"post_tag","embeddable":true,"href":"https:\/\/www.sixt.fr\/magazine\/wp-json\/wp\/v2\/tags?post=19289"}],"curies":[{"name":"wp","href":"https:\/\/api.w.org\/{rel}","templated":true}]}}