{"id":19031,"date":"2022-09-12T15:12:35","date_gmt":"2022-09-12T15:12:35","guid":{"rendered":"https:\/\/www.sixt.fr\/magazine\/?p=19031"},"modified":"2025-09-15T08:42:56","modified_gmt":"2025-09-15T08:42:56","slug":"week-end-annecy","status":"publish","type":"post","link":"https:\/\/www.sixt.fr\/magazine\/week-end\/week-end-annecy\/","title":{"rendered":"Un week-end \u00e0 Annecy entre lac, ville et montagnes \ud83c\udfde"},"content":{"rendered":"\n<figure class=\"wp-block-image size-large is-resized\"><img decoding=\"async\" width=\"1024\" height=\"629\" data-src=\"https:\/\/www.sixt.fr\/magazine\/wp-content\/uploads\/\/sites\/3\/2022\/09\/Week-end-annecy-SIXT-1024x629.jpg\" alt=\"week end annecy\" class=\"wp-image-19032 lazyload\" data-srcset=\"https:\/\/www.sixt.fr\/magazine\/wp-content\/uploads\/\/sites\/3\/2022\/09\/Week-end-annecy-SIXT-1024x629.jpg 1024w, https:\/\/www.sixt.fr\/magazine\/wp-content\/uploads\/\/sites\/3\/2022\/09\/Week-end-annecy-SIXT-300x184.jpg 300w, https:\/\/www.sixt.fr\/magazine\/wp-content\/uploads\/\/sites\/3\/2022\/09\/Week-end-annecy-SIXT-768x472.jpg 768w, https:\/\/www.sixt.fr\/magazine\/wp-content\/uploads\/\/sites\/3\/2022\/09\/Week-end-annecy-SIXT.jpg 1140w\" data-sizes=\"(max-width: 1024px) 100vw, 1024px\" src=\"data:image\/svg+xml;base64,PHN2ZyB3aWR0aD0iMSIgaGVpZ2h0PSIxIiB4bWxucz0iaHR0cDovL3d3dy53My5vcmcvMjAwMC9zdmciPjwvc3ZnPg==\" style=\"--smush-placeholder-width: 1024px; --smush-placeholder-aspect-ratio: 1024\/629;\" \/><\/figure>\n\n\n\n<ol>\n<li><a href=\"#1\">Petit-d\u00e9jeuner avec vue sur le lac <\/a><\/li>\n<li><a href=\"#2\">Le lac d\u2019Annecy, un terrain de jeu incontournable<\/a><\/li>\n<li><a href=\"#3\">Exploration du Vieil Annecy<\/a><\/li>\n<li><a href=\"#4\">Une session Spa dans un h\u00f4tel d\u2019Annecy <\/a><\/li>\n<li><a href=\"#5\">D\u00e9guster Annecy \u00e0 table<\/a><\/li>\n<li><a href=\"#6\">Explorer les p\u00e9pites de Rh\u00f4nes-Alpes<\/a><\/li>\n<li><a href=\"#7\">Thiou savoir sur Annecy <\/a><\/li>\n<li><a href=\"#8\">Observer Annecy depuis son ch\u00e2teau<\/a><\/li>\n<li><a href=\"#9\">Fl\u00e2ner dans les jardins et parcs<\/a><\/li>\n\n\n\n<p>Adieu Annecy !*&nbsp;<\/p>\n\n\n\n<p>Ici, on a la t\u00eate dans les Alpes, les pieds dans le lac\u2026 et un joli coup de fourchette !<\/p>\n\n\n\n<p>Qu\u2019on la surnomme la Perle des Alpes ou la Venise de France, Annecy a le vent en poupe depuis quelques ann\u00e9es. Sans surprise, puisque la ville ne manque pas d&rsquo;atouts pour une escapade le temps d\u2019un week-end.&nbsp;<\/p>\n\n\n\n<blockquote class=\"wp-block-quote is-layout-flow wp-block-quote-is-layout-flow\">\n<p><strong>Thiou Thiou Thiou, vous saurez thiou sur Annecy et ses environs en lisant cet article !&nbsp;<\/strong><\/p>\n<\/blockquote>\n\n\n\n<p><em>*Et oui, en patois savoyard, \u201cBonjour\u201d se dit \u201cAdieu\u201d. Et Adieu se dit Bonjour ! Non on plaisante&#8230;<\/em><\/p>\n\n\n\n<div id=\"1\"><\/div>\n\n\n\n<h2 class=\"wp-block-heading\">1. Petit-d\u00e9jeuner avec vue sur le lac \u2615<\/h2>\n\n\n\n<figure class=\"wp-block-image size-large is-resized\"><img decoding=\"async\" width=\"1024\" height=\"629\" data-src=\"https:\/\/www.sixt.fr\/magazine\/wp-content\/uploads\/\/sites\/3\/2022\/09\/week-end-a-annecy-petit-dejeuner-SIXT.-1024x629.jpg\" alt=\"petit dejeuner week end annecy\" class=\"wp-image-19033 lazyload\" data-srcset=\"https:\/\/www.sixt.fr\/magazine\/wp-content\/uploads\/\/sites\/3\/2022\/09\/week-end-a-annecy-petit-dejeuner-SIXT.-1024x629.jpg 1024w, https:\/\/www.sixt.fr\/magazine\/wp-content\/uploads\/\/sites\/3\/2022\/09\/week-end-a-annecy-petit-dejeuner-SIXT.-300x184.jpg 300w, https:\/\/www.sixt.fr\/magazine\/wp-content\/uploads\/\/sites\/3\/2022\/09\/week-end-a-annecy-petit-dejeuner-SIXT.-768x472.jpg 768w, https:\/\/www.sixt.fr\/magazine\/wp-content\/uploads\/\/sites\/3\/2022\/09\/week-end-a-annecy-petit-dejeuner-SIXT..jpg 1140w\" data-sizes=\"(max-width: 1024px) 100vw, 1024px\" src=\"data:image\/svg+xml;base64,PHN2ZyB3aWR0aD0iMSIgaGVpZ2h0PSIxIiB4bWxucz0iaHR0cDovL3d3dy53My5vcmcvMjAwMC9zdmciPjwvc3ZnPg==\" style=\"--smush-placeholder-width: 1024px; --smush-placeholder-aspect-ratio: 1024\/629;\" \/><\/figure>\n\n\n\n<p>Ce week-end \u00e0 Annecy d\u00e9bute par un classique :&nbsp;une balade le long des berges de son lac \u00e9tincelant.&nbsp;<\/p>\n\n\n\n<p>Si vous avez de bons mollets, le tour du lac s\u2019\u00e9tend sur 43 kilom\u00e8tres (oui, tout de m\u00eame). Nous vous conseillons de louer un v\u00e9lo et d&#8217;emprunter la piste cyclable \u00e0 fleur d\u2019eau sur Annecy. Tr\u00e8s fr\u00e9quent\u00e9, cet itin\u00e9raire offre de splendides panoramas sur le lac, les Alpes, les petites villes aux alentours et s\u2019enfonce aussi dans les terres pour une ambiance plus champ\u00eatre. <strong>Comptez deux heures pour d\u00e9valer cette piste, tout d\u00e9pend \u00e0 la fois de votre niveau et si vous avez d\u00e9j\u00e0 craqu\u00e9 pour la (riche) gastronomie savoyarde la veille\u2026<\/strong><\/p>\n\n\n\n<p>Si vous \u00eates plut\u00f4t plateau de petit-d\u00e9jeuner que plateau de vitesses, troquer le v\u00e9lo pour une chaise en vous attablant \u00e0 l\u2019une des terrasses de la ville au bord du lac. <strong>Votre activit\u00e9 pr\u00e9f\u00e9r\u00e9e ? <\/strong>Observer le ballet \u00e9l\u00e9gant des cygnes, ces oiseaux embl\u00e9matiques du lac d\u2019Annecy, pendant que vous sirotez un jus de fruits frais ou un bon caf\u00e9 accompagn\u00e9 de viennoiseries. Un petit air de vacances, pas vrai ?<\/p>\n\n\n\n<blockquote class=\"wp-block-quote is-layout-flow wp-block-quote-is-layout-flow\">\n<p>\ud83c\udf7d<strong>Le conseil fourchette de SIXT<\/strong> : nous vous sugg\u00e9rons quand m\u00eame de ne pas trop manger pour votre petit-d\u00e9jeuner. Ce n\u2019est que le d\u00e9but de votre week-end \u00e0 Annecy et\u2026 nous connaissons tous la g\u00e9n\u00e9rosit\u00e9 de la gastronomie en Rh\u00f4ne-Alpes !<\/p>\n<\/blockquote>\n\n\n\n<div id=\"2\"><\/div>\n\n\n\n<h2 class=\"wp-block-heading\">2. Le lac d\u2019Annecy, un terrain de jeu incontournable \u26f5\ufe0f<\/h2>\n\n\n\n<figure class=\"wp-block-image size-large is-resized\"><img decoding=\"async\" width=\"1024\" height=\"629\" data-src=\"https:\/\/www.sixt.fr\/magazine\/wp-content\/uploads\/\/sites\/3\/2022\/09\/Paddle-lac-annecy-SIXT-1024x629.jpg\" alt=\"paddle lac annecy \" class=\"wp-image-19034 lazyload\" data-srcset=\"https:\/\/www.sixt.fr\/magazine\/wp-content\/uploads\/\/sites\/3\/2022\/09\/Paddle-lac-annecy-SIXT-1024x629.jpg 1024w, https:\/\/www.sixt.fr\/magazine\/wp-content\/uploads\/\/sites\/3\/2022\/09\/Paddle-lac-annecy-SIXT-300x184.jpg 300w, https:\/\/www.sixt.fr\/magazine\/wp-content\/uploads\/\/sites\/3\/2022\/09\/Paddle-lac-annecy-SIXT-768x472.jpg 768w, https:\/\/www.sixt.fr\/magazine\/wp-content\/uploads\/\/sites\/3\/2022\/09\/Paddle-lac-annecy-SIXT.jpg 1140w\" data-sizes=\"(max-width: 1024px) 100vw, 1024px\" src=\"data:image\/svg+xml;base64,PHN2ZyB3aWR0aD0iMSIgaGVpZ2h0PSIxIiB4bWxucz0iaHR0cDovL3d3dy53My5vcmcvMjAwMC9zdmciPjwvc3ZnPg==\" style=\"--smush-placeholder-width: 1024px; --smush-placeholder-aspect-ratio: 1024\/629;\" \/><\/figure>\n\n\n\n<p>Si vous avez le pied marin (tout est relatif, on reste sur un lac apr\u00e8s tout), plusieurs activit\u00e9s nautiques vous attendent. <strong>Barque en amoureux pour les courageux ou paddle en solo pour les pacifistes, choisissez l\u2019embarcation de votre choix et laissez-vous porter sur les eaux translucides du lac d\u2019Annecy.&nbsp;<\/strong><\/p>\n\n\n\n<p>Ici, on ne chante pas de Barcarolles comme les gondoliers \u00e0 Venise mais vous pouvez toujours pousser la chansonnette sur un chant des Allobroges, l\u2019hymne national de la Savoie. Nous vous laissons trouver les paroles ?&nbsp;<\/p>\n\n\n\n<p>Si vous \u00eates d\u2019humeur aventuri\u00e8re, saviez-vous que le lac d\u2019Annecy est un spot de plong\u00e9e sous-marine de plus en plus pris\u00e9 ? <strong>Laissez tomber le bonnet du commandant Cousteau et optez pour une combinaison int\u00e9grale<\/strong>. Si l\u2019allure ne sera pas (ou plus !) votre point fort pour cette activit\u00e9 \u00e0 Annecy, vous pourrez d\u00e9couvrir un tout nouveau monde ! <strong>De splendides herbiers poissonneux, des falaises de tombants vertigineuses, des brochets \u00e0 l\u2019allure inqui\u00e9tante\u2026 <\/strong>Ce week-end \u00e0 Annecy s\u2019annonce inoubliable !&nbsp;<\/p>\n\n\n\n<blockquote class=\"wp-block-quote is-layout-flow wp-block-quote-is-layout-flow\">\n<p>\ud83d\udc21<strong>Le spot de SIXT <\/strong>: Les plongeurs les plus aguerris pourront m\u00eame d\u00e9couvrir l\u2019\u00e9pave du France, dernier bateau \u00e0 vapeur d\u2019Annecy, pos\u00e9 \u00e0 plus de 42 m\u00e8tres de profondeur. Pr\u00e8s de 7 000 plongeurs parcourent cette \u00e9pave annuellement. Ce n&rsquo;est pas le Titanic mais \u00e7a reste un incontournable \u00e0 Annecy !&nbsp;<\/p>\n<\/blockquote>\n\n\n\n<p><strong>En plus de la plong\u00e9e, le lac d\u2019Annecy est l\u2019occasion de s\u2019initier \u00e0 de nombreuses activit\u00e9s nautiques. Voici quelques id\u00e9es<\/strong>\ud83d\udc47<\/p>\n\n\n\n<ul class=\"wp-block-list\">\n<li><strong>D\u00e9couvrir le lac d\u2019Annecy en voilier ou catamaran<\/strong> \u00e0 travers des stages ou des cours particuliers.<\/li>\n\n\n\n<li><strong>S\u2019initier au wakeboard et au ski nautique <\/strong>avec en toile de fond les montagnes environnantes et les plus beaux sommets des Alpes.<\/li>\n\n\n\n<li><strong>S&rsquo;entra\u00eener au Triathlon<\/strong> \u00e0 travers des stages intensifs sur-mesure pour oublier la raclette de la veille.<\/li>\n\n\n\n<li><strong>Se la couler douce en optant pour une activit\u00e9 plus d\u00e9tente sur l\u2019eau<\/strong> : p\u00e9dalos, kayak simple ou transparent, paddle, bateaux sans permis\u2026 Apr\u00e8s tout, il n\u2019y&nbsp;pas le feu au lac.<\/li>\n<\/ul>\n\n\n\n<blockquote class=\"wp-block-quote is-layout-flow wp-block-quote-is-layout-flow\">\n<p>\ud83d\udca7<strong>Passion lac ?<\/strong> <a href=\"https:\/\/www.sixt.fr\/magazine\/guides-et-conseils\/lacs-suisses-top-6\/\">Consultez notre guide des plus beaux lacs en suisse&nbsp;<\/a><\/p>\n<\/blockquote>\n\n\n\n<div id=\"3\"><\/div>\n\n\n\n<h2 class=\"wp-block-heading\">3. Week-end Annecy en amoureux : explorez le Vieil Annecy \ud83d\udeb6\ud83c\udffb\u200d\u2642\ufe0f<\/h2>\n\n\n\n<figure class=\"wp-block-image size-large is-resized\"><img decoding=\"async\" width=\"1024\" height=\"629\" data-src=\"https:\/\/www.sixt.fr\/magazine\/wp-content\/uploads\/\/sites\/3\/2022\/09\/le-vieil-Annecy-SIXT-1024x629.jpg\" alt=\"week end vieil annecy\" class=\"wp-image-19035 lazyload\" data-srcset=\"https:\/\/www.sixt.fr\/magazine\/wp-content\/uploads\/\/sites\/3\/2022\/09\/le-vieil-Annecy-SIXT-1024x629.jpg 1024w, https:\/\/www.sixt.fr\/magazine\/wp-content\/uploads\/\/sites\/3\/2022\/09\/le-vieil-Annecy-SIXT-300x184.jpg 300w, https:\/\/www.sixt.fr\/magazine\/wp-content\/uploads\/\/sites\/3\/2022\/09\/le-vieil-Annecy-SIXT-768x472.jpg 768w, https:\/\/www.sixt.fr\/magazine\/wp-content\/uploads\/\/sites\/3\/2022\/09\/le-vieil-Annecy-SIXT.jpg 1140w\" data-sizes=\"(max-width: 1024px) 100vw, 1024px\" src=\"data:image\/svg+xml;base64,PHN2ZyB3aWR0aD0iMSIgaGVpZ2h0PSIxIiB4bWxucz0iaHR0cDovL3d3dy53My5vcmcvMjAwMC9zdmciPjwvc3ZnPg==\" style=\"--smush-placeholder-width: 1024px; --smush-placeholder-aspect-ratio: 1024\/629;\" \/><\/figure>\n\n\n\n<p>Pour vous remettre de votre activit\u00e9 sportive (ou de votre massage, activit\u00e9 \u00e9reintante, on sait !), la visite de la vieille ville va vous permettre de souffler et de faire le plein de souvenirs \u00e0 ramener de votre week-end \u00e0 Annecy. Mais avant le shopping, place \u00e0 la culture et \u00e0 l\u2019histoire !&nbsp;<\/p>\n\n\n\n<p><strong>D\u00e9buter votre balade au sein de la petite Venise des Alpes par la rue Saint-Claire.<\/strong> Bord\u00e9e de b\u00e2tisses historiques aux couleurs rougeoyantes, vous vous sentirez comme plong\u00e9 dans une ambiance m\u00e9di\u00e9vale ou plut\u00f4t renaissance.<\/p>\n\n\n\n<p>Oy\u00e9, oy\u00e9 preux chevalier ! <strong>Enfilez votre plus belle cotte de mailles et poursuivez votre balade historique par la d\u00e9couverte des Porte Saint-Claire et Porte Perri\u00e8re. <\/strong>T\u00e9moins de l&rsquo;\u00e9poque m\u00e9di\u00e9vale, elles vous plongeront imm\u00e9diatement dans un d\u00e9cor de s\u00e9rie fa\u00e7on Games Of Thrones ou&#8230; Les visiteurs. On vous laisse d\u00e9signer Mr Ouille ?&nbsp;<\/p>\n\n\n\n<p>Enfin, <strong>si vous cherchez LE spot photo pour parfaire votre food Insta (#annecy4ever), c\u2019est au pont Perri\u00e8re que \u00e7a se passe.<\/strong> Face aux Vieilles Prisons et aux maisons color\u00e9es d\u2019Annecy, vous aurez ici la carte postale id\u00e9ale de la ville.&nbsp;<\/p>\n\n\n\n<blockquote class=\"wp-block-quote is-layout-flow wp-block-quote-is-layout-flow\">\n<p>\ud83e\udd13<strong> La Minute St\u00e9phane Bern <\/strong>: Vous voulez une petite anecdote pour vous la raconter lors du prochain repas de famille ? Suite \u00e0 un incendie survenu au 15e si\u00e8cle, la ville d\u2019Annecy fut int\u00e9gralement reconstruite. Les maisons \u00e0 pans de bois ont ainsi laiss\u00e9 place \u00e0 des maisons sur arcades en pierre, plus solides mais tout aussi splendides !<\/p>\n<\/blockquote>\n\n\n\n<p>Apr\u00e8s s\u2019\u00eatre enrichi d\u2019histoire, il est temps de vider un peu son porte-monnaie, n\u2019est-ce pas ?&nbsp;&nbsp;<\/p>\n\n\n\n<p>Au plus grand d\u00e9sespoir de votre banquier, la vieille ville d\u2019Annecy regorge de boutiques tendances o\u00f9 vous pourrez d\u00e9nicher de jolis souvenirs \u00e0 ramener chez vous. <strong>Si vous ne savez pas quoi ramener de votre week-end \u00e0 Annecy, suivez notre conseil : optez pour les gourmandises <\/strong>! Les souvenirs c\u2019est dans la t\u00eate\u2026 mais c\u2019est aussi ceux qui font saliver les papilles ! Et la Haute-Savoie ne manque pas de saveurs. Saucissons, fromages, confitures\u2026 que du <em>light<\/em>, on vous pr\u00e9vient ! Le <em>Body Summer<\/em> \u00e7a sera pour plus tard !&nbsp;<\/p>\n\n\n\n<blockquote class=\"wp-block-quote is-layout-flow wp-block-quote-is-layout-flow\">\n<p>\ud83e\udd13<strong>L\u2019anecdote SIXT pour vous la raconter en soir\u00e9e. <\/strong>Le Vieil Annecy (qu\u2019on appelait avant Annecy-Le-Neuf) est \u00e0 ne pas confondre avec la ville de Annecy-le-Vieux, qui est situ\u00e9e, elle, \u00e0 l\u2019est de la nouvelle Annecy la vraie. Vous suivez ?<\/p>\n<\/blockquote>\n\n\n\n<div id=\"4\"><\/div>\n\n\n\n<h2 class=\"wp-block-heading\">4. Une session Spa dans un h\u00f4tel d\u2019Annecy \ud83d\udc86\u200d\u2642\ufe0f<\/h2>\n\n\n\n<figure class=\"wp-block-image size-large is-resized\"><img decoding=\"async\" width=\"1024\" height=\"629\" data-src=\"https:\/\/www.sixt.fr\/magazine\/wp-content\/uploads\/\/sites\/3\/2022\/09\/week-end-a-annecy-spa-SIXT-1-1024x629.jpg\" alt=\"spa week end annecy\" class=\"wp-image-19037 lazyload\" data-srcset=\"https:\/\/www.sixt.fr\/magazine\/wp-content\/uploads\/\/sites\/3\/2022\/09\/week-end-a-annecy-spa-SIXT-1-1024x629.jpg 1024w, https:\/\/www.sixt.fr\/magazine\/wp-content\/uploads\/\/sites\/3\/2022\/09\/week-end-a-annecy-spa-SIXT-1-300x184.jpg 300w, https:\/\/www.sixt.fr\/magazine\/wp-content\/uploads\/\/sites\/3\/2022\/09\/week-end-a-annecy-spa-SIXT-1-768x472.jpg 768w, https:\/\/www.sixt.fr\/magazine\/wp-content\/uploads\/\/sites\/3\/2022\/09\/week-end-a-annecy-spa-SIXT-1.jpg 1140w\" data-sizes=\"(max-width: 1024px) 100vw, 1024px\" src=\"data:image\/svg+xml;base64,PHN2ZyB3aWR0aD0iMSIgaGVpZ2h0PSIxIiB4bWxucz0iaHR0cDovL3d3dy53My5vcmcvMjAwMC9zdmciPjwvc3ZnPg==\" style=\"--smush-placeholder-width: 1024px; --smush-placeholder-aspect-ratio: 1024\/629;\" \/><\/figure>\n\n\n\n<p>Vous aussi, l&rsquo;immensit\u00e9 du lac d\u2019Annecy et cette ambiance apaisante sonnent comme une invitation \u00e0 se d\u00e9tendre et se faire chouchouter ?&nbsp;<\/p>\n\n\n\n<p>Pour votre week-end \u00e0 Annecy, nous vous conseillons une activit\u00e9 inoubliable : <strong>opter pour une nuit dans l\u2019un des h\u00f4tels et spa situ\u00e9s au bord du lac et\u2026 se faire plaisir, tout simplement ! Chez SIXT, on adore cette activit\u00e9 !<\/strong><\/p>\n\n\n\n<p>\u00c0 Annecy, d&rsquo;excellents \u00e9tablissements h\u00f4teliers vous y attendent, de l\u2019h\u00f4tel de charme \u00e0 l\u2019ambiance chaleureuse en passant par le palace aux infrastructures luxueuses, fa\u00e7on spa, hammam et piscine. Ici, vous aurez l\u2019embarras du choix pour votre h\u00f4tel. Que vous passiez un week-end \u00e0 Annecy ou de plus longues vacances en Rh\u00f4nes-Alpes,<strong> d\u00e9couvrir le lac au saut du lit apr\u00e8s une bonne nuit reste un moment magique \u00e0 vivre une fois dans sa vie !&nbsp;<\/strong><\/p>\n\n\n\n<p>De plus, l&rsquo;avantage de s\u00e9journer dans un h\u00f4tel proche du lac est que vous pourrez profiter du panorama \u00e0 la tomb\u00e9e du jour et\u2026 vous laissez tenter par quelques bains de minuits, qui sait ?&nbsp;<\/p>\n\n\n\n<blockquote class=\"wp-block-quote is-layout-flow wp-block-quote-is-layout-flow\">\n<p>\ud83d\udca1<strong>Le conseil SIXT <\/strong>: si votre h\u00f4tel ou votre spa \u00e0 Annecy est situ\u00e9 dans la zone pi\u00e9tonne, pensez \u00e0 vous renseigner aupr\u00e8s de l\u2019\u00e9tablissement pour savoir si un parking est \u00e0 disposition des clients pour votre voiture de location ou s\u2019il vous faudra utiliser les parkings publics.&nbsp;<\/p>\n\n\n\n<p>Si votre h\u00f4tel en revanche n\u2019est pas dans le centre, laissez-nous vous escorter !<strong> SIXT propose un service de taxi ou de chauffeur priv\u00e9.<\/strong> C\u2019est l\u2019id\u00e9al pour profiter de la ville le temps d\u2019un week-end sans prise de t\u00eate.&nbsp;<\/p>\n<\/blockquote>\n\n\n\n<div id=\"5\"><\/div>\n\n\n\n<h2 class=\"wp-block-heading\">5. D\u00e9guster Annecy \u00e0 table \ud83e\uddc0<\/h2>\n\n\n\n<figure class=\"wp-block-image size-large is-resized\"><img decoding=\"async\" width=\"1024\" height=\"629\" data-src=\"https:\/\/www.sixt.fr\/magazine\/wp-content\/uploads\/\/sites\/3\/2022\/09\/la-gastronomie-fondue-SIXT-1024x629.jpg\" alt=\"gastronomie weekend annecy\" class=\"wp-image-19038 lazyload\" data-srcset=\"https:\/\/www.sixt.fr\/magazine\/wp-content\/uploads\/\/sites\/3\/2022\/09\/la-gastronomie-fondue-SIXT-1024x629.jpg 1024w, https:\/\/www.sixt.fr\/magazine\/wp-content\/uploads\/\/sites\/3\/2022\/09\/la-gastronomie-fondue-SIXT-300x184.jpg 300w, https:\/\/www.sixt.fr\/magazine\/wp-content\/uploads\/\/sites\/3\/2022\/09\/la-gastronomie-fondue-SIXT-768x472.jpg 768w, https:\/\/www.sixt.fr\/magazine\/wp-content\/uploads\/\/sites\/3\/2022\/09\/la-gastronomie-fondue-SIXT.jpg 1140w\" data-sizes=\"(max-width: 1024px) 100vw, 1024px\" src=\"data:image\/svg+xml;base64,PHN2ZyB3aWR0aD0iMSIgaGVpZ2h0PSIxIiB4bWxucz0iaHR0cDovL3d3dy53My5vcmcvMjAwMC9zdmciPjwvc3ZnPg==\" style=\"--smush-placeholder-width: 1024px; --smush-placeholder-aspect-ratio: 1024\/629;\" \/><\/figure>\n\n\n\n<p>Pour votre week-end \u00e0 Annecy, si vous \u00eates gourmands, nous avons une bonne nouvelle : la ville et sa r\u00e9gion Rh\u00f4ne-Alpes regorgent de produits du terroir exceptionnels que de nombreux chefs prennent plaisir \u00e0 sublimer. Ici, les offres ne manquent pas !&nbsp;<\/p>\n\n\n\n<p><strong>Pour votre pause d\u00e9jeuner, optez plut\u00f4t pour l\u2019un des restaurants tendances avec terrasses, les pieds dans l\u2019eau.<\/strong> Vous pourrez y d\u00e9guster une cuisine pleine de fra\u00eecheur, o\u00f9 la perche, le f\u00e9ra et autres poissons du lac d\u2019Annecy se feront une place de choix dans votre assiette.&nbsp;<\/p>\n\n\n\n<p>Le soir, apr\u00e8s une bonne randonn\u00e9e en plein air et une sieste dans votre chambre d\u2019h\u00f4tel, poussez la porte de l\u2019un des nombreux restaurants de sp\u00e9cialit\u00e9s savoyardes et plus g\u00e9n\u00e9ralement de la r\u00e9gion Rh\u00f4ne-Alpes.<strong> Sans surprise, Annecy et toute la Savoie s&rsquo;invitent ainsi \u00e0 votre table pour une initiation\u2026 fromag\u00e8re \u00e0 <\/strong><a href=\"https:\/\/www.lac-annecy.com\/immanquables\/des-plats-pour-se-regaler\/\"><strong>sa gastronomie<\/strong><\/a><strong> !&nbsp;<\/strong><\/p>\n\n\n\n<p>Ici, la fameuse tartiflette sera l\u2019occasion de d\u00e9couvrir l\u2019incontournable reblochon, perle des Alpes. <strong>Certains restaurants proposent m\u00eame plus d\u2019une quinzaine de fondues diff\u00e9rentes<\/strong>. Attention \u00e0 l\u2019indigestion !&nbsp;<\/p>\n\n\n\n<blockquote class=\"wp-block-quote is-layout-flow wp-block-quote-is-layout-flow\">\n<p>\ud83d\udc43<strong>Le conseil de SIXT.<\/strong> Il n\u2019y a rien de pire que l\u2019odeur du fromage fondu sur ses v\u00eatements, pas vrai ? <strong>Quelle meilleure occasion d\u2019enfiler ce fameux pull offert par votre belle-m\u00e8re ? <\/strong>Vous aurez l\u2019excuse parfaite pour ne plus le mettre (durant votre s\u00e9jour au moins\u2026) !<\/p>\n<\/blockquote>\n\n\n\n<p>Pour une digestion optimale, vous pouvez (au choix) opter pour une balade au clair de lune le long du lac le temps de rejoindre votre h\u00f4tel pour la nuit ou\u2026 d\u00e9guster un verre de g\u00e9n\u00e9pi, cette liqueur florale des Alpes tr\u00e8s r\u00e9put\u00e9e en digestif*. Pourquoi choisir ?&nbsp;<\/p>\n\n\n\n<p>*A consommer avec mod\u00e9ration, \u00e9videmment.<\/p>\n\n\n\n<div id=\"6\"><\/div>\n\n\n\n<h2 class=\"wp-block-heading\">6. Explorer les p\u00e9pites de Rh\u00f4nes-Alpes \ud83e\udd7e<\/h2>\n\n\n\n<p>On ne va pas vous mentir, il vous faudra plus d\u2019un week-end pour visiter la r\u00e9gion Rh\u00f4nes-Alpes\u2026 Mais si pendant votre s\u00e9jour, vous souhaitez sortir un peu de la ville d\u2019Annecy, le coin rec\u00e8le de spots sympas o\u00f9 vous pourrez profiter d\u2019un panorama splendide sur le lac.<\/p>\n\n\n\n<blockquote class=\"wp-block-quote is-layout-flow wp-block-quote-is-layout-flow\">\n<p><strong>Pour vous inspirer, voici notre id\u00e9e d\u2019itin\u00e9raire pour <a href=\"https:\/\/www.sixt.fr\/magazine\/voyages\/road-trip-alpes\/\">un road trip \u00e0 la d\u00e9couverte des Alpes !<\/a><\/strong><\/p>\n<\/blockquote>\n\n\n\n<p><a href=\"https:\/\/www.sixt.fr\/location-voiture\/france\/annecy\/annecy-gare-centre-ville\/\">En louant votre voiture chez SIXT \u00e0 la gare d\u2019Annecy<\/a>, vous pourrez facilement rayonner dans la r\u00e9gion et d\u00e9couvrir les plus beaux spots de Rh\u00f4nes-Alpes. Sauf\u2026 ceux accessibles uniquement \u00e0 pied, d\u00e9sol\u00e9, pour eux, il vous faudra aussi marcher. Cette raclette de la veille ne s&rsquo;\u00e9liminera pas toute seule.<\/p>\n\n\n\n<iframe data-src=\"https:\/\/www.google.com\/maps\/embed?pb=!1m14!1m8!1m3!1d11106.059950492461!2d6.1189181!3d45.9010126!3m2!1i1024!2i768!4f13.1!3m3!1m2!1s0x0%3A0xb565a96f40606164!2sSixt%20Gare%20Annecy!5e0!3m2!1sfr!2sfr!4v1663573295331!5m2!1sfr!2sfr\" width=\"1540\" height=\"500\" frameborder=\"0\" scrolling=\"auto\" allowfullscreen=\"allowfullscreen\"  src=\"data:image\/svg+xml;base64,PHN2ZyB3aWR0aD0iMSIgaGVpZ2h0PSIxIiB4bWxucz0iaHR0cDovL3d3dy53My5vcmcvMjAwMC9zdmciPjwvc3ZnPg==\" class=\"lazyload\" data-load-mode=\"1\"><\/iframe>\n\n\n\n<p class=\"has-text-align-center\"><a class=\"button\" href=\"https:\/\/www.sixt.fr\/location-voiture\/france\/annecy\/annecy-gare-centre-ville\/\">Location de voiture \u00e0 Annecy !<\/a><\/p>\n\n\n\n<p>Et si vous arrivez depuis les airs, r\u00e9servez <strong>votre transfert juste ici <\/strong>\ud83d\udc47<\/p>\n\n\n\n<ul class=\"wp-block-list\">\n<li><a href=\"https:\/\/www.sixt.fr\/ride\/transferts-aeroport\/\">R\u00e9server votre transfert a\u00e9roport avec SIXT&nbsp;<\/a><\/li>\n<\/ul>\n\n\n\n<ul class=\"wp-block-list\">\n<li><a href=\"https:\/\/www.sixt.fr\/ride\/chauffeur-vtc\/\">R\u00e9server un chauffeur priv\u00e9 au d\u00e9part de l\u2019a\u00e9roport avec SIXT&nbsp;<\/a><\/li>\n<\/ul>\n\n\n\n<p><a href=\"https:\/\/www.alpes4ever.com\/france\/haute-savoie\/les-plus-de-1000-m\/col-de-la-forclaz-de-montmin\/\" target=\"_blank\" rel=\"noreferrer noopener nofollow\">Le col de l<\/a><a href=\"https:\/\/www.alpes4ever.com\/france\/haute-savoie\/les-plus-de-1000-m\/col-de-la-forclaz-de-montmin\/\">a Forclaz<\/a>, par exemple, nich\u00e9 \u00e0 1000m d&rsquo;altitude offre une vue spectaculaire sur Annecy. Si vous aimez les sensations fortes, pr\u00e8s de 150 000 voyageurs s\u2019envoient en l\u2019air ici chaque ann\u00e9e (sous les ailes d\u2019un parapente, \u00e9videmment.).&nbsp;<\/p>\n\n\n\n<p>Profitez de vos courtes vacances pour d\u00e9couvrir le village de Talloires, situ\u00e9 sur la rive droite du lac d\u2019Annecy. D\u00e9sign\u00e9 r\u00e9guli\u00e8rement comme le village pr\u00e9f\u00e9r\u00e9 des artistes, Paul C\u00e9zanne (vous savez, celui qui a rendu c\u00e9l\u00e8bre la Corbeille de pomme ?) a m\u00eame immortalis\u00e9 ses paysages et notamment l\u2019anse et la petite baie de Talloires.&nbsp;<\/p>\n\n\n\n<figure class=\"wp-block-embed is-type-video is-provider-youtube wp-block-embed-youtube wp-embed-aspect-16-9 wp-has-aspect-ratio\"><div class=\"wp-block-embed__wrapper\">\n<iframe title=\"Ce\u0301zanne   La corbeille de pommes\" width=\"500\" height=\"281\" data-src=\"https:\/\/www.youtube.com\/embed\/tuFa7OMnomM?feature=oembed\" frameborder=\"0\" allow=\"accelerometer; autoplay; clipboard-write; encrypted-media; gyroscope; picture-in-picture; web-share\" referrerpolicy=\"strict-origin-when-cross-origin\" allowfullscreen src=\"data:image\/svg+xml;base64,PHN2ZyB3aWR0aD0iMSIgaGVpZ2h0PSIxIiB4bWxucz0iaHR0cDovL3d3dy53My5vcmcvMjAwMC9zdmciPjwvc3ZnPg==\" class=\"lazyload\" data-load-mode=\"1\"><\/iframe>\n<\/div><\/figure>\n\n\n\n<blockquote class=\"wp-block-quote is-layout-flow wp-block-quote-is-layout-flow\">\n<p>\ud83d\udcb0<strong>L\u2019astuce maline de SIXT <\/strong>: Si vous en avez l\u2019occasion, s\u00e9journer dans un h\u00f4tel \u00e0 Talloires le temps d\u2019une ou plusieurs nuits vous offrira l\u2019une des plus belles vues sur Annecy au r\u00e9veil\u2026 \u00e0 un prix raisonnable !&nbsp;<\/p>\n<\/blockquote>\n\n\n\n<h3 class=\"wp-block-heading\">LA MONTAGNE, \u00c7A VOUS GAGNE :<\/h3>\n\n\n\n<p>Une s\u00e9lection d\u2019articles qui vous donneront des envies de voyages dans nos montagnes de France\u2026 et de grandeurs, \u00e0 tous les coups :&nbsp;<\/p>\n\n\n\n<ul class=\"wp-block-list\">\n<li><a href=\"https:\/\/www.sixt.fr\/magazine\/voyages\/road-trip-jura\/\">Road trip dans le Jura<\/a><\/li>\n\n\n\n<li><a href=\"https:\/\/www.sixt.fr\/magazine\/voyages\/visiter-grenoble\/\">Visiter Grenoble : 8 lieux d&rsquo;histoire \u00e0 sillonner<\/a><\/li>\n\n\n\n<li><a href=\"https:\/\/www.sixt.fr\/magazine\/voyages\/road-trip-annecy\/\">Road trip \u00e0 Annecy<\/a><\/li>\n\n\n\n<li><a href=\"https:\/\/www.sixt.fr\/magazine\/guides-et-conseils\/loi-montagne\/\">Loi montagne : quelles obligations ?<\/a><\/li>\n<\/ul>\n\n\n\n<blockquote class=\"wp-block-quote is-layout-flow wp-block-quote-is-layout-flow\">\n<p>\u26f0\ufe0f <strong>Changement d&rsquo;ambiance<\/strong> : vous aimez la montagne ? Et si vous preniez un moment pour descendre dans le Sud-Ouest. En Nouvelle-Aquitaine, <a href=\"https:\/\/www.sixt.fr\/magazine\/week-end\/week-end-nouvelle-aquitaine\/\">nos id\u00e9es pour un week-end entre montagne et oc\u00e9an<\/a> \ud83c\udfc4\u200d\u2642\ufe0f<\/p>\n<\/blockquote>\n\n\n\n<div id=\"7\"><\/div>\n\n\n\n<h2 class=\"wp-block-heading\">7. Thiou savoir sur Annecy \ud83d\udca6<\/h2>\n\n\n\n<figure class=\"wp-block-image size-large is-resized\"><img decoding=\"async\" width=\"1024\" height=\"629\" data-src=\"https:\/\/www.sixt.fr\/magazine\/wp-content\/uploads\/\/sites\/3\/2022\/09\/le_thiou_annecy_SIXT-1024x629.jpg\" alt=\"thiou weekend nice\" class=\"wp-image-19041 lazyload\" data-srcset=\"https:\/\/www.sixt.fr\/magazine\/wp-content\/uploads\/\/sites\/3\/2022\/09\/le_thiou_annecy_SIXT-1024x629.jpg 1024w, https:\/\/www.sixt.fr\/magazine\/wp-content\/uploads\/\/sites\/3\/2022\/09\/le_thiou_annecy_SIXT-300x184.jpg 300w, https:\/\/www.sixt.fr\/magazine\/wp-content\/uploads\/\/sites\/3\/2022\/09\/le_thiou_annecy_SIXT-768x472.jpg 768w, https:\/\/www.sixt.fr\/magazine\/wp-content\/uploads\/\/sites\/3\/2022\/09\/le_thiou_annecy_SIXT.jpg 1140w\" data-sizes=\"(max-width: 1024px) 100vw, 1024px\" src=\"data:image\/svg+xml;base64,PHN2ZyB3aWR0aD0iMSIgaGVpZ2h0PSIxIiB4bWxucz0iaHR0cDovL3d3dy53My5vcmcvMjAwMC9zdmciPjwvc3ZnPg==\" style=\"--smush-placeholder-width: 1024px; --smush-placeholder-aspect-ratio: 1024\/629;\" \/><\/figure>\n\n\n\n<p>Si on qualifie Annecy de Venise des Alpes, c\u2019est bien pour une raison n\u2019est-ce pas ?&nbsp;<\/p>\n\n\n\n<p>Durant votre d\u00e9ambulation dans la vieille ville, vous pourrez admirer les nombreux canaux qui structurent et animent Annecy, en lui apportant un peu de fra\u00eecheur (appr\u00e9ciable l\u2019\u00e9t\u00e9\u2026 pas obligatoirement l\u2019hiver!).<strong> Le cours d\u2019eau que vous pourrez observer dans la vieille ville s&rsquo;intitule le Thiou.<\/strong> C\u2019est lui qui a fa\u00e7onn\u00e9 la vieille ville et lui conf\u00e8re cette ambiance hors du temps.&nbsp;<\/p>\n\n\n\n<p>Consid\u00e9r\u00e9 comme l\u2019une des plus courtes rivi\u00e8res de France (ce n\u2019est pas la taille qui compte, comme nous le savons tous), le Thiou s\u2019observe facilement depuis les nombreux ponts de la ville (comme le pont de la Halle ou le fameux pont des Amours) ou via une agr\u00e9able balade ombrag\u00e9e qui permet de rejoindre Cran-Gevrier depuis la vieille ville.&nbsp;<\/p>\n\n\n\n<div id=\"8\"><\/div>\n\n\n\n<h2 class=\"wp-block-heading\">8. Observer Annecy depuis son ch\u00e2teau \ud83c\udff0<\/h2>\n\n\n\n<figure class=\"wp-block-image size-large is-resized\"><img decoding=\"async\" width=\"1024\" height=\"629\" data-src=\"https:\/\/www.sixt.fr\/magazine\/wp-content\/uploads\/\/sites\/3\/2022\/09\/Visiter-le-chateau-Annecy-SIXT-1024x629.jpg\" alt=\"chateau annecy\" class=\"wp-image-19042 lazyload\" data-srcset=\"https:\/\/www.sixt.fr\/magazine\/wp-content\/uploads\/\/sites\/3\/2022\/09\/Visiter-le-chateau-Annecy-SIXT-1024x629.jpg 1024w, https:\/\/www.sixt.fr\/magazine\/wp-content\/uploads\/\/sites\/3\/2022\/09\/Visiter-le-chateau-Annecy-SIXT-300x184.jpg 300w, https:\/\/www.sixt.fr\/magazine\/wp-content\/uploads\/\/sites\/3\/2022\/09\/Visiter-le-chateau-Annecy-SIXT-768x472.jpg 768w, https:\/\/www.sixt.fr\/magazine\/wp-content\/uploads\/\/sites\/3\/2022\/09\/Visiter-le-chateau-Annecy-SIXT.jpg 1140w\" data-sizes=\"(max-width: 1024px) 100vw, 1024px\" src=\"data:image\/svg+xml;base64,PHN2ZyB3aWR0aD0iMSIgaGVpZ2h0PSIxIiB4bWxucz0iaHR0cDovL3d3dy53My5vcmcvMjAwMC9zdmciPjwvc3ZnPg==\" style=\"--smush-placeholder-width: 1024px; --smush-placeholder-aspect-ratio: 1024\/629;\" \/><\/figure>\n\n\n\n<p>Pour qu\u2019un week-end \u00e0 Annecy soit complet, rien de tel que de prendre un peu de hauteur pour observer toute la ville ! <strong>Pour cela, il vous faudra grimper jusqu\u2019au Ch\u00e2teau d\u2019Annecy, nich\u00e9 sur les hauteurs.&nbsp;<\/strong><\/p>\n\n\n\n<p>Jouez les St\u00e9phane Plaza en parcourant les nombreuses pi\u00e8ces de cette ancienne r\u00e9sidence des comtes de Gen\u00e8ve, le ch\u00e2teau et sa majestueuse Tour de la Reine. Si l&rsquo;orientation plein sud est \u00e0 d\u00e9finir avec les propri\u00e9taires, question surface vous aurez de la place avec ses 125 m\u00e8tres de long !<\/p>\n\n\n\n<blockquote class=\"wp-block-quote is-layout-flow wp-block-quote-is-layout-flow\">\n<p><strong>Envie de grandeur ? <\/strong>D\u00e9couvrez notre <a href=\"https:\/\/www.sixt.fr\/magazine\/voyages\/les-plus-beaux-chateaux-de-france\/\">top des plus beaux ch\u00e2teaux de France \u00e0 visiter<\/a><\/p>\n<\/blockquote>\n\n\n\n<p><strong>Les aficionados de bonnes toiles pourront y d\u00e9couvrir plusieurs expositions permanentes et temporaires<\/strong>. En effet, le Mus\u00e9e Ch\u00e2teau d\u2019Annecy abrite une importante diversit\u00e9&nbsp; d\u2019ouvrages, du cin\u00e9ma d\u2019animation aux beaux-arts en passant par l\u2019arch\u00e9ologie, l\u2019histoire naturelle\u2026 Vous n\u2019aurez plus d\u2019excuses : ici, tout le monde trouvera son compte (\u00e0 d\u00e9faut d\u2019y rencontrer son comte de Gen\u00e8ve, pas vrai ?).&nbsp;<\/p>\n\n\n\n<blockquote class=\"wp-block-quote is-layout-flow wp-block-quote-is-layout-flow\">\n<p>\ud83d\udcf8<strong>Le spot photo de SIXT : <\/strong>Profitez de votre visite du Mus\u00e9e-Ch\u00e2teau d\u2019Annecy pour admirer la vue splendide sur les toits de la vieille ville. <strong>Un panorama tout simplement subjuguant avec en toile de fond l&rsquo;\u00e9tincelant Lac d\u2019Annecy et les montagnes environnantes. <\/strong>Magique !<\/p>\n<\/blockquote>\n\n\n\n<div id=\"9\"><\/div>\n\n\n\n<h2 class=\"wp-block-heading\">9. Fl\u00e2ner dans les jardins et parcs\ud83c\udf43<\/h2>\n\n\n\n<figure class=\"wp-block-image size-large is-resized\"><img decoding=\"async\" width=\"1024\" height=\"629\" data-src=\"https:\/\/www.sixt.fr\/magazine\/wp-content\/uploads\/\/sites\/3\/2022\/09\/jardin-weekend-annecy-SIXT-1024x629.jpg\" alt=\"jardin weekend annecy \" class=\"wp-image-19043 lazyload\" data-srcset=\"https:\/\/www.sixt.fr\/magazine\/wp-content\/uploads\/\/sites\/3\/2022\/09\/jardin-weekend-annecy-SIXT-1024x629.jpg 1024w, https:\/\/www.sixt.fr\/magazine\/wp-content\/uploads\/\/sites\/3\/2022\/09\/jardin-weekend-annecy-SIXT-300x184.jpg 300w, https:\/\/www.sixt.fr\/magazine\/wp-content\/uploads\/\/sites\/3\/2022\/09\/jardin-weekend-annecy-SIXT-768x472.jpg 768w, https:\/\/www.sixt.fr\/magazine\/wp-content\/uploads\/\/sites\/3\/2022\/09\/jardin-weekend-annecy-SIXT.jpg 1140w\" data-sizes=\"(max-width: 1024px) 100vw, 1024px\" src=\"data:image\/svg+xml;base64,PHN2ZyB3aWR0aD0iMSIgaGVpZ2h0PSIxIiB4bWxucz0iaHR0cDovL3d3dy53My5vcmcvMjAwMC9zdmciPjwvc3ZnPg==\" style=\"--smush-placeholder-width: 1024px; --smush-placeholder-aspect-ratio: 1024\/629;\" \/><\/figure>\n\n\n\n<p>Si vous cherchez un peu de nature pendant votre week-end \u00e0 Annecy, vous serez servi ! La ville baigne litt\u00e9ralement dans un d\u00e9cor naturel exceptionnel et les escapades en pleine nature ne manquent pas.<\/p>\n\n\n\n<p>Si vous optez plut\u00f4t pour une d\u00e9couverte des espaces verts \u00e0 pied, vous ne pourrez rater le fameux Jardin de l\u2019Europe. <strong>V\u00e9ritable parc \u00e0 l\u2019anglaise, ce d\u00e9cor fa\u00e7on Chroniques de Bridgerton est situ\u00e9 \u00e0 quelques m\u00e8tres de la vieille ville et en bordure du lac d\u2019Annecy. L<\/strong>es fanas de botaniques pourront, quant \u00e0 eux, y d\u00e9couvrir les nombreux arbres centenaires le temps d\u2019une balade agr\u00e9able ponctu\u00e9e de sculptures et d&rsquo;\u0153uvres d\u2019art en tout genre.&nbsp;<\/p>\n\n\n\n<p>Le Jardin de l\u2019Europe est particuli\u00e8rement pris\u00e9 des locaux qui viennent s&rsquo;y retrouver en nombre en fin de journ\u00e9e pour profiter du calme et de la qui\u00e9tude du lac.&nbsp;<\/p>\n\n\n\n<p><strong>Installez-vous confortablement pour y admirer notamment l\u2019\u00eele des Cygnes.<\/strong> Ces majestueux volatiles sont les symboles de la ville. Ils en ont l\u2019\u00e9l\u00e9gance, c\u2019est certain, m\u00eame si on dit d\u2019eux qu\u2019ils ont un caract\u00e8re de cochon\u2026<\/p>\n\n\n\n<p>Pour que votre week-end \u00e0 Annecy soit encore plus vert, vous pourrez \u00e9galement rejoindre le P\u00e2quier. Ici aussi les locaux s\u2019y pressent les week-ends et profitent de cet immense espace de verdure, en bordure du lac d\u2019Annecy. Parc, que l\u2019on surnomme aussi le Champ de Mars. Modestement, n\u2019est-ce pas ?<\/p>\n\n\n\n<figure class=\"wp-block-image size-large is-resized\"><img decoding=\"async\" width=\"1024\" height=\"629\" data-src=\"https:\/\/www.sixt.fr\/magazine\/wp-content\/uploads\/\/sites\/3\/2022\/09\/conseil-week-end-annecy-1024x629.jpg\" alt=\"conseil week-end Annecy\" class=\"wp-image-19045 lazyload\" data-srcset=\"https:\/\/www.sixt.fr\/magazine\/wp-content\/uploads\/\/sites\/3\/2022\/09\/conseil-week-end-annecy-1024x629.jpg 1024w, https:\/\/www.sixt.fr\/magazine\/wp-content\/uploads\/\/sites\/3\/2022\/09\/conseil-week-end-annecy-300x184.jpg 300w, https:\/\/www.sixt.fr\/magazine\/wp-content\/uploads\/\/sites\/3\/2022\/09\/conseil-week-end-annecy-768x472.jpg 768w, https:\/\/www.sixt.fr\/magazine\/wp-content\/uploads\/\/sites\/3\/2022\/09\/conseil-week-end-annecy.jpg 1140w\" data-sizes=\"(max-width: 1024px) 100vw, 1024px\" src=\"data:image\/svg+xml;base64,PHN2ZyB3aWR0aD0iMSIgaGVpZ2h0PSIxIiB4bWxucz0iaHR0cDovL3d3dy53My5vcmcvMjAwMC9zdmciPjwvc3ZnPg==\" style=\"--smush-placeholder-width: 1024px; --smush-placeholder-aspect-ratio: 1024\/629;\" \/><\/figure>\n\n\n\n<h2 class=\"wp-block-heading\">VOUS AVEZ DES QUESTIONS SUR VOTRE S\u00c9JOUR, SIXT A LES R\u00c9PONSES (DU MOINS, ON ESP\u00c8RE) :<\/h2>\n\n\n\n<h3 class=\"wp-block-heading\">Que faire \u00e0 Annecy quand il pleut ?<\/h3>\n\n\n\n<p>De la pluie ? Jamais ! Mais si cela vous arrive pendant votre week-end \u00e0 Annecy, pas d&rsquo;inqui\u00e9tude. Entre ses monuments historiques comme son ch\u00e2teau, le palais de l\u2019\u00eele et son mus\u00e9e du film d\u2019animation, vous trouverez toujours une activit\u00e9 \u00e0 tester \u00e0 l&rsquo;abri de la pluie.&nbsp;<\/p>\n\n\n\n<p>Et si le mauvais temps joue les prolongations, choisissez un restaurant dans le centre ou au bord du lac et mettez-vous \u00e0 table. Le s\u00e9jour se passe, aussi, autour de l\u2019assiette !&nbsp;<\/p>\n\n\n\n<h3 class=\"wp-block-heading\">Quel village visiter autour du lac d&rsquo;Annecy ?<\/h3>\n\n\n\n<p>Autour du lac, de nombreux villages pittoresques de Haute-Savoie vous attendent. Menthon-Saint-Bernard, Talloires et Yvoire sont probablement les plus charmants villages \u00e0 visiter. La location d\u2019une voiture est une obligation\u2026 parole de SIXT \ud83d\ude4a !&nbsp;<\/p>\n\n\n\n<h3 class=\"wp-block-heading\">Que visiter \u00e0 Annecy et ses environs ?<\/h3>\n\n\n\n<p>Si vous pouvez prolonger un peu votre week-end, Annecy offre une situation privil\u00e9gi\u00e9e pour la randonn\u00e9e en montagne. Situ\u00e9 non loin du c\u00e9l\u00e8bre Mont Blanc (ce n\u2019est pas pour rien, d\u2019ailleurs, que son a\u00e9roport s\u2019appelle l\u2019<a href=\"https:\/\/www.annecy-airport.com\/\" target=\"_blank\" rel=\"noreferrer noopener nofollow\">A\u00e9roport Annecy Haute-Savoie Mont-Blanc<\/a>), vous pouvez toujours vous pr\u00e9voir une escapade (c\u2019est un euph\u00e9misme\u2026) jusqu\u2019au point culminant des Alpes. 4 800 m\u00e8tres d\u2019altitude\u2026 On vous laisse nous raconter l\u2019ascension ?<\/p>\n\n\n\n<h3 class=\"wp-block-heading\">Que visiter \u00e0 Annecy ?<\/h3>\n\n\n\n<p>Sa vieille ville est un incontournable \u00e0 visiter lors de vos courtes vacances \u00e0 Annecy. Ses jolies maisons historiques, ses canaux et ses ruelles m\u00e9di\u00e9vales en font un vrai d\u00e9cor de carte postale. Ce n\u2019est pas pour rien qu&rsquo;on la surnomme en France, la Venise des Alpes !&nbsp;<\/p>\n\n\n\n<blockquote class=\"wp-block-quote is-layout-flow wp-block-quote-is-layout-flow\">\n<p>\ud83c\udf84 En hiver, ne manquez pas le March\u00e9 de No\u00ebl d&rsquo;Annecy et le Village des Alpes. Ils comptent parmi <a href=\"https:\/\/www.sixt.fr\/magazine\/guides-et-conseils\/les-plus-beaux-marches-de-noel-en-france\/\">les plus beaux march\u00e9s de No\u00ebl en France<\/a> !<\/p>\n<\/blockquote>\n\n\n\n<h3 class=\"wp-block-heading\">Combien de temps pour visiter Annecy ?<\/h3>\n\n\n\n<p>Un week-end \u00e0 Annecy permet de d\u00e9couvrir la ville dans sa globalit\u00e9. \u00c9videmment, plus c\u2019est long, plus c\u2019est bon. Contrairement \u00e0 ce qu\u2019on a \u00e9crit pr\u00e9c\u00e9demment sur le Thiou, cette maxime ne s\u2019applique pas pour les voyages.<\/p>\n\n\n\n<h3 class=\"wp-block-heading\">O\u00f9 partir pour 2 jours depuis Annecy ?<\/h3>\n\n\n\n<p>Depuis Annecy, c&rsquo;est toute la Haute-Savoie qui vous ouvre les bras ! Des plus belles montagnes des Alpes en passant par les stations de ski mythiques, les villes iconiques comme Chamonix ou Saint-Gervais pour ses thermes\u2026 Les offres seront tr\u00e8s nombreuses pour votre voyage !<\/p>\n\n\n\n<h3 class=\"wp-block-heading\">Pssst.. d&rsquo;autres id\u00e9es de week-end en France et ailleurs :<\/h3>\n\n\n\n<ul class=\"wp-block-list\">\n<li><a href=\"https:\/\/www.sixt.fr\/magazine\/guides-et-conseils\/week-end-a-lille\/\">Week-end \u00e0 Lille<\/a><\/li>\n\n\n\n<li><a href=\"https:\/\/www.sixt.fr\/magazine\/guides-et-conseils\/week-end-a-rome\/\">Week-end \u00e0 Rome<\/a><\/li>\n\n\n\n<li><a href=\"https:\/\/www.sixt.fr\/magazine\/week-end\/week-end-a-barcelone\/\">2 jours \u00e0 Barcelone&nbsp;<\/a><\/li>\n\n\n\n<li><a href=\"https:\/\/www.sixt.fr\/magazine\/voyages\/road-trip-en-normandie\/\">Week-end en Normandie<\/a><\/li>\n\n\n\n<li><a href=\"https:\/\/www.sixt.fr\/magazine\/guides-et-conseils\/week-end-a-brest\/\">Week end \u00e0 Brest <\/a><\/li>\n\n\n\n<li><a href=\"https:\/\/www.sixt.fr\/magazine\/guides-et-conseils\/week-end-lot-et-garonne\/\">Week-end en Lot-et-Garonne<\/a><\/li>\n\n\n\n<li><a href=\"https:\/\/www.sixt.fr\/magazine\/guides-et-conseils\/week-end-a-lyon\/\">Week-end \u00e0 Lyon <\/a><\/li>\n\n\n\n<li><a href=\"https:\/\/www.sixt.fr\/magazine\/week-end\/week-end-cote-dazur\/\">Week-end C\u00f4te d&rsquo;Azur<\/a><\/li>\n\n\n\n<li><a href=\"https:\/\/www.sixt.fr\/magazine\/week-end\/week-end-auvergne\/\">Week-end en Auvergne<\/a> <\/li>\n<\/ul>\n<!-- AddThis Advanced Settings generic via filter on the_content --><!-- AddThis Share Buttons generic via filter on the_content -->","protected":false},"excerpt":{"rendered":"<p>Petit-d\u00e9jeuner avec vue sur le lac Le lac d\u2019Annecy, un terrain de jeu incontournable Exploration du Vieil Annecy Une session Spa dans un h\u00f4tel d\u2019Annecy D\u00e9guster Annecy \u00e0 table Explorer les p\u00e9pites de Rh\u00f4nes-Alpes Thiou savoir sur Annecy Observer Annecy depuis son ch\u00e2teau Fl\u00e2ner dans les jardins et parcs Adieu Annecy !*&nbsp; Ici, on a&#8230;<!-- AddThis Advanced Settings generic via filter on get_the_excerpt --><!-- AddThis Share Buttons generic via filter on get_the_excerpt --><\/p>\n","protected":false},"author":92,"featured_media":19032,"comment_status":"closed","ping_status":"open","sticky":false,"template":"","format":"standard","meta":{"_genesis_hide_title":false,"_genesis_hide_breadcrumbs":false,"_genesis_hide_singular_image":false,"_genesis_hide_footer_widgets":false,"_genesis_custom_body_class":"","_genesis_custom_post_class":"","_genesis_layout":"","ngg_post_thumbnail":0,"footnotes":""},"categories":[330],"tags":[123,30,88],"class_list":{"0":"post-19031","1":"post","2":"type-post","3":"status-publish","4":"format-standard","5":"has-post-thumbnail","7":"category-week-end","8":"tag-alpes","9":"tag-france","10":"tag-week-end","11":"entry"},"yoast_head":"<!-- This site is optimized with the Yoast SEO plugin v27.1.1 - https:\/\/yoast.com\/product\/yoast-seo-wordpress\/ -->\n<title>Week-end \u00e0 Annecy, la Venise des Alpes en amoureux - SIXT<\/title>\n<meta name=\"description\" content=\"Vous pr\u00e9voyez un week-end \u00e0 Annecy ? SIXT a list\u00e9 9 activit\u00e9s et spots incontournables \u00e0 faire pendant votre s\u00e9jour en Haute-Savoie !\" \/>\n<meta name=\"robots\" content=\"index, follow, max-snippet:-1, max-image-preview:large, max-video-preview:-1\" \/>\n<link rel=\"canonical\" href=\"https:\/\/www.sixt.fr\/magazine\/week-end\/week-end-annecy\/\" \/>\n<meta property=\"og:locale\" content=\"fr_FR\" \/>\n<meta property=\"og:type\" content=\"article\" \/>\n<meta property=\"og:title\" content=\"Week-end \u00e0 Annecy, la Venise des Alpes en amoureux - SIXT\" \/>\n<meta property=\"og:description\" content=\"Vous pr\u00e9voyez un week-end \u00e0 Annecy ? SIXT a list\u00e9 9 activit\u00e9s et spots incontournables \u00e0 faire pendant votre s\u00e9jour en Haute-Savoie !\" \/>\n<meta property=\"og:url\" content=\"https:\/\/www.sixt.fr\/magazine\/week-end\/week-end-annecy\/\" \/>\n<meta property=\"og:site_name\" content=\"Sixt Magazine\" \/>\n<meta property=\"article:published_time\" content=\"2022-09-12T15:12:35+00:00\" \/>\n<meta property=\"article:modified_time\" content=\"2025-09-15T08:42:56+00:00\" \/>\n<meta property=\"og:image\" content=\"https:\/\/www.sixt.fr\/magazine\/wp-content\/uploads\/\/sites\/3\/2022\/09\/Week-end-annecy-SIXT.jpg\" \/>\n\t<meta property=\"og:image:width\" content=\"1140\" \/>\n\t<meta property=\"og:image:height\" content=\"700\" \/>\n\t<meta property=\"og:image:type\" content=\"image\/jpeg\" \/>\n<meta name=\"twitter:card\" content=\"summary_large_image\" \/>\n<meta name=\"twitter:label1\" content=\"\u00c9crit par\" \/>\n\t<meta name=\"twitter:data1\" content=\"\" \/>\n\t<meta name=\"twitter:label2\" content=\"Dur\u00e9e de lecture estim\u00e9e\" \/>\n\t<meta name=\"twitter:data2\" content=\"15 minutes\" \/>\n<!-- \/ Yoast SEO plugin. -->","yoast_head_json":{"title":"Week-end \u00e0 Annecy, la Venise des Alpes en amoureux - SIXT","description":"Vous pr\u00e9voyez un week-end \u00e0 Annecy ? SIXT a list\u00e9 9 activit\u00e9s et spots incontournables \u00e0 faire pendant votre s\u00e9jour en Haute-Savoie !","robots":{"index":"index","follow":"follow","max-snippet":"max-snippet:-1","max-image-preview":"max-image-preview:large","max-video-preview":"max-video-preview:-1"},"canonical":"https:\/\/www.sixt.fr\/magazine\/week-end\/week-end-annecy\/","og_locale":"fr_FR","og_type":"article","og_title":"Week-end \u00e0 Annecy, la Venise des Alpes en amoureux - SIXT","og_description":"Vous pr\u00e9voyez un week-end \u00e0 Annecy ? SIXT a list\u00e9 9 activit\u00e9s et spots incontournables \u00e0 faire pendant votre s\u00e9jour en Haute-Savoie !","og_url":"https:\/\/www.sixt.fr\/magazine\/week-end\/week-end-annecy\/","og_site_name":"Sixt Magazine","article_published_time":"2022-09-12T15:12:35+00:00","article_modified_time":"2025-09-15T08:42:56+00:00","og_image":[{"width":1140,"height":700,"url":"https:\/\/www.sixt.fr\/magazine\/wp-content\/uploads\/\/sites\/3\/2022\/09\/Week-end-annecy-SIXT.jpg","type":"image\/jpeg"}],"twitter_card":"summary_large_image","twitter_misc":{"\u00c9crit par":"","Dur\u00e9e de lecture estim\u00e9e":"15 minutes"},"schema":{"@context":"https:\/\/schema.org","@graph":[{"@type":"Article","@id":"https:\/\/www.sixt.fr\/magazine\/week-end\/week-end-annecy\/#article","isPartOf":{"@id":"https:\/\/www.sixt.fr\/magazine\/week-end\/week-end-annecy\/"},"author":{"name":"","@id":""},"headline":"Un week-end \u00e0 Annecy entre lac, ville et montagnes \ud83c\udfde","datePublished":"2022-09-12T15:12:35+00:00","dateModified":"2025-09-15T08:42:56+00:00","mainEntityOfPage":{"@id":"https:\/\/www.sixt.fr\/magazine\/week-end\/week-end-annecy\/"},"wordCount":3364,"image":{"@id":"https:\/\/www.sixt.fr\/magazine\/week-end\/week-end-annecy\/#primaryimage"},"thumbnailUrl":"https:\/\/www.sixt.fr\/magazine\/wp-content\/uploads\/\/sites\/3\/2022\/09\/Week-end-annecy-SIXT.jpg","keywords":["Alpes","France","week-end"],"articleSection":["Week-end"],"inLanguage":"fr-FR"},{"@type":"WebPage","@id":"https:\/\/www.sixt.fr\/magazine\/week-end\/week-end-annecy\/","url":"https:\/\/www.sixt.fr\/magazine\/week-end\/week-end-annecy\/","name":"Week-end \u00e0 Annecy, la Venise des Alpes en amoureux - SIXT","isPartOf":{"@id":"https:\/\/www.sixt.fr\/magazine\/#website"},"primaryImageOfPage":{"@id":"https:\/\/www.sixt.fr\/magazine\/week-end\/week-end-annecy\/#primaryimage"},"image":{"@id":"https:\/\/www.sixt.fr\/magazine\/week-end\/week-end-annecy\/#primaryimage"},"thumbnailUrl":"https:\/\/www.sixt.fr\/magazine\/wp-content\/uploads\/\/sites\/3\/2022\/09\/Week-end-annecy-SIXT.jpg","datePublished":"2022-09-12T15:12:35+00:00","dateModified":"2025-09-15T08:42:56+00:00","author":{"@id":""},"description":"Vous pr\u00e9voyez un week-end \u00e0 Annecy ? SIXT a list\u00e9 9 activit\u00e9s et spots incontournables \u00e0 faire pendant votre s\u00e9jour en Haute-Savoie !","inLanguage":"fr-FR","potentialAction":[{"@type":"ReadAction","target":["https:\/\/www.sixt.fr\/magazine\/week-end\/week-end-annecy\/"]}]},{"@type":"ImageObject","inLanguage":"fr-FR","@id":"https:\/\/www.sixt.fr\/magazine\/week-end\/week-end-annecy\/#primaryimage","url":"https:\/\/www.sixt.fr\/magazine\/wp-content\/uploads\/\/sites\/3\/2022\/09\/Week-end-annecy-SIXT.jpg","contentUrl":"https:\/\/www.sixt.fr\/magazine\/wp-content\/uploads\/\/sites\/3\/2022\/09\/Week-end-annecy-SIXT.jpg","width":1140,"height":700,"caption":"week end annecy"},{"@type":"WebSite","@id":"https:\/\/www.sixt.fr\/magazine\/#website","url":"https:\/\/www.sixt.fr\/magazine\/","name":"SIXT Magazine","description":"Nos conseils voyages et actualit\u00e9s","potentialAction":[{"@type":"SearchAction","target":{"@type":"EntryPoint","urlTemplate":"https:\/\/www.sixt.fr\/magazine\/?s={search_term_string}"},"query-input":{"@type":"PropertyValueSpecification","valueRequired":true,"valueName":"search_term_string"}}],"inLanguage":"fr-FR"},{"@type":"Person","@id":"","url":"https:\/\/www.sixt.fr\/magazine\/author\/"}]}},"_links":{"self":[{"href":"https:\/\/www.sixt.fr\/magazine\/wp-json\/wp\/v2\/posts\/19031","targetHints":{"allow":["GET"]}}],"collection":[{"href":"https:\/\/www.sixt.fr\/magazine\/wp-json\/wp\/v2\/posts"}],"about":[{"href":"https:\/\/www.sixt.fr\/magazine\/wp-json\/wp\/v2\/types\/post"}],"author":[{"embeddable":true,"href":"https:\/\/www.sixt.fr\/magazine\/wp-json\/wp\/v2\/users\/92"}],"replies":[{"embeddable":true,"href":"https:\/\/www.sixt.fr\/magazine\/wp-json\/wp\/v2\/comments?post=19031"}],"version-history":[{"count":0,"href":"https:\/\/www.sixt.fr\/magazine\/wp-json\/wp\/v2\/posts\/19031\/revisions"}],"wp:featuredmedia":[{"embeddable":true,"href":"https:\/\/www.sixt.fr\/magazine\/wp-json\/wp\/v2\/media\/19032"}],"wp:attachment":[{"href":"https:\/\/www.sixt.fr\/magazine\/wp-json\/wp\/v2\/media?parent=19031"}],"wp:term":[{"taxonomy":"category","embeddable":true,"href":"https:\/\/www.sixt.fr\/magazine\/wp-json\/wp\/v2\/categories?post=19031"},{"taxonomy":"post_tag","embeddable":true,"href":"https:\/\/www.sixt.fr\/magazine\/wp-json\/wp\/v2\/tags?post=19031"}],"curies":[{"name":"wp","href":"https:\/\/api.w.org\/{rel}","templated":true}]}}