{"id":14827,"date":"2023-03-19T10:55:00","date_gmt":"2023-03-19T10:55:00","guid":{"rendered":"https:\/\/fr.sx-magazine-wp.sixt.io\/magazine\/?p=14827"},"modified":"2024-01-12T10:57:16","modified_gmt":"2024-01-12T10:57:16","slug":"visiter-le-cantal-guide","status":"publish","type":"post","link":"https:\/\/www.sixt.fr\/magazine\/voyages\/visiter-le-cantal-guide\/","title":{"rendered":"Visiter le Cantal : notre top 10 des incontournables ! \ud83e\uddc0"},"content":{"rendered":"\n<figure class=\"wp-block-image size-large is-resized\"><img decoding=\"async\" width=\"1024\" height=\"575\" data-src=\"https:\/\/www.sixt.fr\/magazine\/wp-content\/uploads\/\/sites\/3\/2020\/11\/visiter-le-cantal-photo-mathieu-daix-1024x575.jpg\" alt=\"La montagne et ses 10 incontournables \u00e0 visiter dans le Cantal - SIXT\" class=\"wp-image-15019 lazyload\" style=\"--smush-placeholder-width: 1024px; --smush-placeholder-aspect-ratio: 1024\/575;width:1140px\" title=\"Prendre de la hauteur avant de visiter le Cantal\" data-srcset=\"https:\/\/www.sixt.fr\/magazine\/wp-content\/uploads\/\/sites\/3\/2020\/11\/visiter-le-cantal-photo-mathieu-daix-1024x575.jpg 1024w, https:\/\/www.sixt.fr\/magazine\/wp-content\/uploads\/\/sites\/3\/2020\/11\/visiter-le-cantal-photo-mathieu-daix-300x169.jpg 300w, https:\/\/www.sixt.fr\/magazine\/wp-content\/uploads\/\/sites\/3\/2020\/11\/visiter-le-cantal-photo-mathieu-daix-768x431.jpg 768w, https:\/\/www.sixt.fr\/magazine\/wp-content\/uploads\/\/sites\/3\/2020\/11\/visiter-le-cantal-photo-mathieu-daix-750x420.jpg 750w, https:\/\/www.sixt.fr\/magazine\/wp-content\/uploads\/\/sites\/3\/2020\/11\/visiter-le-cantal-photo-mathieu-daix.jpg 1200w\" data-sizes=\"(max-width: 1024px) 100vw, 1024px\" src=\"data:image\/svg+xml;base64,PHN2ZyB3aWR0aD0iMSIgaGVpZ2h0PSIxIiB4bWxucz0iaHR0cDovL3d3dy53My5vcmcvMjAwMC9zdmciPjwvc3ZnPg==\" \/><figcaption class=\"wp-element-caption\"><strong>Au c\u0153ur de l&rsquo;Auvergne, partez visiter le Cantal avec notre top 10.<\/strong><\/figcaption><\/figure>\n\n\n\n<p>Cantal, Salers, Saint-Nectaire, Fourme d\u2019Ambert\u2026 Suivez cette douce effluve de fromage AOP, elle vous m\u00e8ne tout droit au c\u0153ur d\u2019un tr\u00e9sor d\u2019Auvergne : <strong>bienvenue dans le Cantal<\/strong> ! Si le d\u00e9partement hume les bons produits du terroir, ses paysages, quant \u00e0 eux, r\u00e9galent vos yeux. Nich\u00e9 dans le parc naturel r\u00e9gional des volcans d\u2019Auvergne, le Cantal offre une multitude de paysages exceptionnels entre plaines et montagnes. Envie de partir explorer les merveilles du Cantal ? Suivez le guide ! SIXT vous a concoct\u00e9 son top 10 des lieux incontournables \u00e0 visiter dans la r\u00e9gion. \ud83d\ude0d<\/p>\n\n\n\n<h2 class=\"wp-block-heading\">Au sommaire pour partir visiter le Cantal \ud83d\udc47\ud83c\udffb<\/h2>\n\n\n\n<ul><li><a href=\"#1\">Le ch\u00e2teau de Val : un lieu royal dans le Cantal \ud83c\udff0<\/a><\/li>\n<li><a href=\"#2\">Salers : ici, on en fait tout un fromage \ud83e\uddc0<\/a><\/li>\n<li><a href=\"#3\">Le lac Saint-\u00c9tienne-Cantal\u00e8s : c\u2019est l\u2019heure de faire un plouf \ud83d\udca7<\/a><\/li>\n<li><a href=\"#4\">Aurillac : capitale du Cantal \ud83d\udccd<\/a><\/li>\n<li><a href=\"#5\">Les Gorges du Pas de C\u00e8re : une randonn\u00e9e au fil de l\u2019eau \ud83e\udd7e<\/a><\/li>\n<li><a href=\"#6\">La station du Lioran : tout schuss ! \u26f7<\/a><\/li>\n<li><a href=\"#7\">Le puy Mary : une immersion au coeur des volcans \ud83c\udf0b<\/a><\/li>\n<li><a href=\"#8\">Le Viaduc de Garabit : la tour Eiffel du Cantal \ud83c\udf09<\/a><\/li>\n<li><a href=\"#9\">Le village de Saint-Flour : la cit\u00e9 perch\u00e9e \ud83c\udf92<\/a><\/li>\n<li><a href=\"#10\">Les thermes Chaudes-Aigues : une parenth\u00e8se caliente \ud83d\udec1<\/a><\/li>\n<\/ul>\n\n\n\n<iframe data-src=\"https:\/\/www.google.com\/maps\/embed?pb=!1m76!1m12!1m3!1d360173.0753080083!2d2.408581709018883!3d45.14959129344487!2m3!1f0!2f0!3f0!3m2!1i1024!2i768!4f13.1!4m61!3e0!4m5!1s0x47f78791f89bc75b%3A0x112812595b28b21e!2sCh%C3%A2teau%20de%20Val%2C%20Les%20Fontilles%2C%2015270%20Lanobre!3m2!1d45.4426917!2d2.5052167!4m5!1s0x47f7f7bc5cb384e3%3A0x4093cafcbeac4e0!2sSalers!3m2!1d45.137854!2d2.4938089999999997!4m5!1s0x12ad4c4a22b10327%3A0x588b02fab0c6fbd9!2sLac%20de%20Saint-%C3%89tienne-Cantal%C3%A8s!3m2!1d44.9279077!2d2.2421183!4m5!1s0x12ad559709215ef7%3A0xc8481f48393ea55e!2sAurillac!3m2!1d44.930952999999995!2d2.444997!4m5!1s0x47f7e351c4cd64a9%3A0x97db06c03b343154!2sGorges%20Du%20Pas%20De%20Cere%2C%20La%20Roucolle%2C%20Thi%C3%A9zac!3m2!1d45.003868399999995!2d2.6549291999999998!4m5!1s0x47f7e64d0bb4d9ab%3A0xd86b54b1c2edc19f!2zTGUgTGlvcmFuLCBQbGFjZSBkdSBUw6lsw6lwaMOpcmlxdWUsIExhdmVpc3Npw6hyZQ!3m2!1d45.0827278!2d2.7503595!4m5!1s0x47f7e5835a9ebafd%3A0xd0be4dddf4b68a84!2sPuy%20Mary%2C%20Le%20Claux!3m2!1d45.109435!2d2.6761719999999998!4m5!1s0x47f62a21cec39609%3A0xc14aa72dd2c2c6e0!2sViaduc%20de%20Garabit%2C%20Ruynes-en-Margeride!3m2!1d44.9754748!2d3.1771306!4m5!1s0x47f7d360808d15cb%3A0x9d09348cac18f391!2sSaint-Flour!3m2!1d45.033026!2d3.094862!4m5!1s0x12b2d0da4feb71ed%3A0x4093cafcbeacf60!2sChaudes-Aigues!3m2!1d44.855129!2d3.003932!5e0!3m2!1sfr!2sfr!4v1678875077671!5m2!1sfr!2sfr\" width=\"1540\" height=\"500\" frameborder=\"0\" scrolling=\"auto\"  src=\"data:image\/svg+xml;base64,PHN2ZyB3aWR0aD0iMSIgaGVpZ2h0PSIxIiB4bWxucz0iaHR0cDovL3d3dy53My5vcmcvMjAwMC9zdmciPjwvc3ZnPg==\" class=\"lazyload\" data-load-mode=\"1\"><\/iframe>&nbsp;\n\n\n\n<h2 class=\"wp-block-heading\">Trouver son destrier pour visiter le Cantal<\/h2>\n\n\n\n<p>Pour sillonner tranquillement les routes du Cantal entre montagnes et plaines, quoi de mieux qu\u2019une voiture de location ? Gr\u00e2ce \u00e0 ses agences partout en France, notamment en Auvergne, SIXT vous permet de r\u00e9server et r\u00e9cup\u00e9rer votre voiture rapidement et facilement !<\/p>\n\n\n\n<figure class=\"wp-block-image size-large is-resized\"><a href=\"https:\/\/www.sixt.fr\/location-voiture\/france\/\" target=\"_blank\" rel=\"noreferrer noopener\"><img decoding=\"async\" width=\"1024\" height=\"367\" data-src=\"https:\/\/www.sixt.fr\/magazine\/wp-content\/uploads\/\/sites\/3\/2020\/11\/banniere-visiter-cantal-SIXT-1024x367.png\" alt=\"Louer une voiture pour sillonner les routes volcaniques du Cantal - SIXT\" class=\"wp-image-20573 lazyload\" style=\"--smush-placeholder-width: 1024px; --smush-placeholder-aspect-ratio: 1024\/367;width:1140px\" data-srcset=\"https:\/\/www.sixt.fr\/magazine\/wp-content\/uploads\/\/sites\/3\/2020\/11\/banniere-visiter-cantal-SIXT-1024x367.png 1024w, https:\/\/www.sixt.fr\/magazine\/wp-content\/uploads\/\/sites\/3\/2020\/11\/banniere-visiter-cantal-SIXT-300x108.png 300w, https:\/\/www.sixt.fr\/magazine\/wp-content\/uploads\/\/sites\/3\/2020\/11\/banniere-visiter-cantal-SIXT-768x276.png 768w, https:\/\/www.sixt.fr\/magazine\/wp-content\/uploads\/\/sites\/3\/2020\/11\/banniere-visiter-cantal-SIXT.png 1140w\" data-sizes=\"(max-width: 1024px) 100vw, 1024px\" src=\"data:image\/svg+xml;base64,PHN2ZyB3aWR0aD0iMSIgaGVpZ2h0PSIxIiB4bWxucz0iaHR0cDovL3d3dy53My5vcmcvMjAwMC9zdmciPjwvc3ZnPg==\" \/><\/a><figcaption class=\"wp-element-caption\"><strong>Partez \u00e0 la d\u00e9couverte des routes du Cantal avec les voitures de location SIXT.<\/strong><\/figcaption><\/figure>\n\n\n\n<div id=\"1\"><\/div>\n\n\n\n<h2 class=\"wp-block-heading\">Le ch\u00e2teau de Val : un lieu royal dans le Cantal \ud83c\udff0<\/h2>\n\n\n\n<figure class=\"wp-block-image size-large is-resized\"><img decoding=\"async\" width=\"1024\" height=\"629\" data-src=\"https:\/\/www.sixt.fr\/magazine\/wp-content\/uploads\/\/sites\/3\/2020\/03\/chateau-de-val-cantal-SIXT-1024x629.jpg\" alt=\"Visiter le Cantal va vous emmener au paradis - SIXT\" class=\"wp-image-20575 lazyload\" style=\"--smush-placeholder-width: 1024px; --smush-placeholder-aspect-ratio: 1024\/629;width:1140px\" title=\"Un ch\u00e2teau nich\u00e9 sur une \u00eele dans le Cantal\" data-srcset=\"https:\/\/www.sixt.fr\/magazine\/wp-content\/uploads\/\/sites\/3\/2020\/03\/chateau-de-val-cantal-SIXT-1024x629.jpg 1024w, https:\/\/www.sixt.fr\/magazine\/wp-content\/uploads\/\/sites\/3\/2020\/03\/chateau-de-val-cantal-SIXT-300x184.jpg 300w, https:\/\/www.sixt.fr\/magazine\/wp-content\/uploads\/\/sites\/3\/2020\/03\/chateau-de-val-cantal-SIXT-768x472.jpg 768w, https:\/\/www.sixt.fr\/magazine\/wp-content\/uploads\/\/sites\/3\/2020\/03\/chateau-de-val-cantal-SIXT.jpg 1140w\" data-sizes=\"(max-width: 1024px) 100vw, 1024px\" src=\"data:image\/svg+xml;base64,PHN2ZyB3aWR0aD0iMSIgaGVpZ2h0PSIxIiB4bWxucz0iaHR0cDovL3d3dy53My5vcmcvMjAwMC9zdmciPjwvc3ZnPg==\" \/><figcaption class=\"wp-element-caption\"><strong>Un ch\u00e2teau tout droit sorti de l&rsquo;eau dans le Cantal<\/strong>.<\/figcaption><\/figure>\n\n\n\n<p>Les amoureux de patrimoine sont au paradis dans le Cantal ! Ici, les ch\u00e2teaux et b\u00e2timents m\u00e9di\u00e9vaux sont rois et offrent un patrimoine historique riche \u00e0 visiter. Notre pr\u00e9f\u00e9r\u00e9 ? Il s\u2019agit sans conteste de l\u2019impressionnant ch\u00e2teau de Val, datant du XIV\u00e8me si\u00e8cle. Situ\u00e9 sur un promontoire rocheux dans la ville de Lanobre, il semble tout droit sorti de l\u2019eau du lac de Bort. Il s\u2019agit de<em> the place to be<\/em> dans le Cantal pour les photographes amateurs !<\/p>\n\n\n\n<h3 class=\"wp-block-heading\">Un parc de perdu, un lac de retrouv\u00e9 \ud83d\udca6<\/h3>\n\n\n\n<p>Si le ch\u00e2teau de Val eut un jour poss\u00e9d\u00e9 un parc, cette \u00e9poque appartient d\u00e9finitivement au pass\u00e9. Depuis la construction du barrage de Bort, ses jardins ont disparu pour <a href=\"https:\/\/www.sixt.fr\/magazine\/week-end\/week-end-annecy\/\">laisser place \u00e0 un grand lac<\/a> artificiel. Pensez donc \u00e0 troquer les chaussures de rando pour les palmes\u2026<\/p>\n\n\n\n<blockquote class=\"wp-block-quote is-layout-flow wp-block-quote-is-layout-flow\">\n<p><strong>\ud83e\udd2b Pssst<\/strong> : envie de d\u00e9couvrir les joyaux d\u2019Auvergne ? Installez-vous confortablement dans votre voiture de location SIXT, direction <a href=\"https:\/\/www.sixt.fr\/magazine\/voyages\/road-trip-auvergne\/\">un road trip sur les routes d\u2019Auvergne<\/a> !<\/p>\n<\/blockquote>\n\n\n\n<p style=\"text-align: center\"><a class=\"button\" href=\"https:\/\/www.sixt.fr\/location-voiture\/france\/\" target=\"_blank\" rel=\"noopener\">R\u00e9servez votre voiture de location en Auvergne ! \ud83d\ude97<\/a><\/p>\n\n\n\n<div id=\"2\"><\/div>\n\n\n\n<h2 class=\"wp-block-heading\">Le village de Salers : ici, on en fait tout un fromage \ud83e\uddc0<\/h2>\n\n\n<div class=\"wp-block-image\">\n<figure class=\"aligncenter size-large is-resized\"><img decoding=\"async\" width=\"1024\" height=\"629\" data-src=\"https:\/\/www.sixt.fr\/magazine\/wp-content\/uploads\/\/sites\/3\/2022\/11\/week-end-auvergne-salers-SIXT-1024x629.jpg\" alt=\"D\u00e9couvrez les saveurs de l'Auvergne \u00e0 Salers - SIXT\" class=\"wp-image-20038 lazyload\" style=\"--smush-placeholder-width: 1024px; --smush-placeholder-aspect-ratio: 1024\/629;width:1140px\" title=\"Le village de Salers \u00e0 d\u00e9couvrir dans le Cantal\" data-srcset=\"https:\/\/www.sixt.fr\/magazine\/wp-content\/uploads\/\/sites\/3\/2022\/11\/week-end-auvergne-salers-SIXT-1024x629.jpg 1024w, https:\/\/www.sixt.fr\/magazine\/wp-content\/uploads\/\/sites\/3\/2022\/11\/week-end-auvergne-salers-SIXT-300x184.jpg 300w, https:\/\/www.sixt.fr\/magazine\/wp-content\/uploads\/\/sites\/3\/2022\/11\/week-end-auvergne-salers-SIXT-768x472.jpg 768w, https:\/\/www.sixt.fr\/magazine\/wp-content\/uploads\/\/sites\/3\/2022\/11\/week-end-auvergne-salers-SIXT.jpg 1140w\" data-sizes=\"(max-width: 1024px) 100vw, 1024px\" src=\"data:image\/svg+xml;base64,PHN2ZyB3aWR0aD0iMSIgaGVpZ2h0PSIxIiB4bWxucz0iaHR0cDovL3d3dy53My5vcmcvMjAwMC9zdmciPjwvc3ZnPg==\" \/><figcaption class=\"wp-element-caption\"><strong>Durant votre week-end en Auvergne, arr\u00eatez-vous en voiture \u00e0 Salers.<\/strong><\/figcaption><\/figure><\/div>\n\n\n<p>Le village de Salers, vous connaissez ? Cette petite commune situ\u00e9e sur le massif ouest du Cantal est connue partout dans l\u2019hexagone pour la confection d\u2019une merveille de gastronomie fran\u00e7aise : on veut bien s\u00fbr parler du fromage ! Le Salers AOP est un produit de la r\u00e9gion, fabriqu\u00e9 gr\u00e2ce au lait des vaches de la race Salers. Ne manquez pas de le d\u00e9guster dans la <a href=\"https:\/\/www.salers-tourisme.fr\/cave-de-salers\" target=\"_blank\" rel=\"noreferrer noopener\">cave de Salers<\/a> !<\/p>\n\n\n\n<p>Sa propre race de vache, son propre fromage\u2026 Mais que faut-il de plus \u00e0 Salers ?<\/p>\n\n\n\n<h3 class=\"wp-block-heading\">Salers, l\u2019un des Plus Beaux Villages de France \u2764\ufe0f<\/h3>\n\n\n\n<p>S\u2019il ravit les papilles des voyageurs, le village de Salers enchante aussi leurs pupilles. Perch\u00e9 \u00e0 900 m\u00e8tres d\u2019altitude, sa beaut\u00e9 est renversante puisqu\u2019il fait partie des Plus Beaux Villages de France. Entre influences m\u00e9di\u00e9vales et Renaissance, Salers vous berce dans son ambiance pittoresque de village typique du Cantal. Et puisque nous sommes ici en plein c\u0153ur du parc naturel r\u00e9gional des volcans d\u2019Auvergne, les maisons sont bien s\u00fbr construites en pierres volcaniques. Un lieu\u2026 tout feu tout flamme.<\/p>\n\n\n\n<div id=\"3\"><\/div>\n\n\n\n<h2 class=\"wp-block-heading\">Le lac Saint-\u00c9tienne-Cantal\u00e8s : c\u2019est l\u2019heure de faire un plouf \ud83d\udca7<\/h2>\n\n\n\n<figure class=\"wp-block-image size-large is-resized\"><img decoding=\"async\" width=\"1024\" height=\"683\" data-src=\"https:\/\/www.sixt.fr\/magazine\/wp-content\/uploads\/\/sites\/3\/2020\/11\/visiter-le-cantal-lac-saint-etienne-cantales-photo-mat-reding-1024x683.jpg\" alt=\"Le Lac Saint-Etienne-Cantal\u00e8s, une beaut\u00e9 ressour\u00e7ante dans le Cantal - SIXT\" class=\"wp-image-15013 lazyload\" style=\"--smush-placeholder-width: 1024px; --smush-placeholder-aspect-ratio: 1024\/683;width:1140px;height:560px\" title=\"Petite balade en bateau dans le Cantal\" data-srcset=\"https:\/\/www.sixt.fr\/magazine\/wp-content\/uploads\/\/sites\/3\/2020\/11\/visiter-le-cantal-lac-saint-etienne-cantales-photo-mat-reding-1024x683.jpg 1024w, https:\/\/www.sixt.fr\/magazine\/wp-content\/uploads\/\/sites\/3\/2020\/11\/visiter-le-cantal-lac-saint-etienne-cantales-photo-mat-reding-300x200.jpg 300w, https:\/\/www.sixt.fr\/magazine\/wp-content\/uploads\/\/sites\/3\/2020\/11\/visiter-le-cantal-lac-saint-etienne-cantales-photo-mat-reding-768x512.jpg 768w, https:\/\/www.sixt.fr\/magazine\/wp-content\/uploads\/\/sites\/3\/2020\/11\/visiter-le-cantal-lac-saint-etienne-cantales-photo-mat-reding.jpg 1200w\" data-sizes=\"(max-width: 1024px) 100vw, 1024px\" src=\"data:image\/svg+xml;base64,PHN2ZyB3aWR0aD0iMSIgaGVpZ2h0PSIxIiB4bWxucz0iaHR0cDovL3d3dy53My5vcmcvMjAwMC9zdmciPjwvc3ZnPg==\" \/><figcaption class=\"wp-element-caption\"><strong>Activit\u00e9s nautiques \u00e0 d\u00e9couvrir pendant votre balade dans le Cantal<\/strong><\/figcaption><\/figure>\n\n\n\n<p>Si vous avez pris votre maillot de bain, c\u2019est le moment de l\u2019enfiler ! Entre bronzette, plage et activit\u00e9s nautiques, le lac Saint-\u00c9tienne-Cantal\u00e8s est le lieu id\u00e9al pour se la couler douce entre deux randonn\u00e9es dans le parc naturel des volcans d\u2019Auvergne. Entre planche \u00e0 voile, catamarans, p\u00e9dalos, cano\u00ebs et voiliers, il y en a pour tous les go\u00fbts et pour toute la tribu !&nbsp;<\/p>\n\n\n\n<blockquote class=\"wp-block-quote is-layout-flow wp-block-quote-is-layout-flow\">\n<p>\ud83c\udfd6\ufe0f <strong>Bon plan SIXT<\/strong> : Ceux qui viennent exclusivement pour faire la cr\u00eape, eux, sont ravis de pouvoir installer leur serviette sur l\u2019une des plages qui bordent le lac Saint-\u00c9tienne-Cantal\u00e8s : Puech des Ouilhes, R\u00e9nac et Espinet.<\/p>\n<\/blockquote>\n\n\n\n<div id=\"4\"><\/div>\n\n\n\n<h2 class=\"wp-block-heading\">Aurillac : capitale du Cantal \ud83d\udccd<\/h2>\n\n\n\n<figure class=\"wp-block-image size-large is-resized\"><img decoding=\"async\" width=\"1024\" height=\"629\" data-src=\"https:\/\/www.sixt.fr\/magazine\/wp-content\/uploads\/\/sites\/3\/2022\/11\/week-end-auvergne-aurillac-SIXT-1024x629.jpg\" alt=\"D\u00e9couvrez le ch\u00e2teau d'Aurillac en Auvergne pendant un week-end en voiture - SIXT\" class=\"wp-image-20036 lazyload\" style=\"--smush-placeholder-width: 1024px; --smush-placeholder-aspect-ratio: 1024\/629;width:1140px\" title=\"Aurillac, incontournable quand on visite le Cantal\" data-srcset=\"https:\/\/www.sixt.fr\/magazine\/wp-content\/uploads\/\/sites\/3\/2022\/11\/week-end-auvergne-aurillac-SIXT-1024x629.jpg 1024w, https:\/\/www.sixt.fr\/magazine\/wp-content\/uploads\/\/sites\/3\/2022\/11\/week-end-auvergne-aurillac-SIXT-300x184.jpg 300w, https:\/\/www.sixt.fr\/magazine\/wp-content\/uploads\/\/sites\/3\/2022\/11\/week-end-auvergne-aurillac-SIXT-768x472.jpg 768w, https:\/\/www.sixt.fr\/magazine\/wp-content\/uploads\/\/sites\/3\/2022\/11\/week-end-auvergne-aurillac-SIXT.jpg 1140w\" data-sizes=\"(max-width: 1024px) 100vw, 1024px\" src=\"data:image\/svg+xml;base64,PHN2ZyB3aWR0aD0iMSIgaGVpZ2h0PSIxIiB4bWxucz0iaHR0cDovL3d3dy53My5vcmcvMjAwMC9zdmciPjwvc3ZnPg==\" \/><figcaption class=\"wp-element-caption\"><strong>Un week-end en Auvergne oblige un passage par Aurillac en voiture.<\/strong><\/figcaption><\/figure>\n\n\n\n<p>Au volant de votre voiture de location SIXT, suivez la route des Cr\u00eates et de la vall\u00e9e de la Jordanne, elles vous conduiront tout droit dans la plus grande ville de la r\u00e9gion Auvergne : Aurillac ! Situ\u00e9e \u00e0 600 m\u00e8tres d\u2019altitude, cette cit\u00e9 historique vous fait prendre de la hauteur au pied des monts du Cantal. Avec un guide ou en solo, partez \u00e0 la d\u00e9couverte de cette ville au patrimoine exceptionnel !<\/p>\n\n\n\n<h3 class=\"wp-block-heading\">Les lieux incontournables \u00e0 visiter \u00e0 Aurillac : \ud83e\udd29<\/h3>\n\n\n\n<ul class=\"wp-block-list\">\n<li><strong>Visiter le mus\u00e9um des Volcans<\/strong> au c\u0153ur du ch\u00e2teau Saint-\u00c9tienne<\/li>\n\n\n\n<li>Contempler la <strong>belle maison consulaire dans la rue Marcenague<\/strong><\/li>\n\n\n\n<li><strong>Arpenter le centre historique d\u2019Aurillac<\/strong> et admirer ses maisons \u00e0 pans de bois<\/li>\n\n\n\n<li><strong>D\u00e9couvrir l\u2019\u00e9glise Saint-G\u00e9raud<\/strong> et <strong>l\u2019\u00e9glise Notre-Dame-Aux-Neiges<\/strong><\/li>\n\n\n\n<li><strong>Faire une d\u00e9gustation des sp\u00e9cialit\u00e9s du Cantal<\/strong> : fromage, charcuterie, verveine, miel\u2026<\/li>\n<\/ul>\n\n\n\n<div id=\"5\"><\/div>\n\n\n\n<h2 class=\"wp-block-heading\">Les Gorges du Pas de C\u00e8re : une randonn\u00e9e au fil de l\u2019eau \u26f0<\/h2>\n\n\n\n<figure class=\"wp-block-image size-large is-resized\"><img decoding=\"async\" width=\"1024\" height=\"629\" data-src=\"https:\/\/www.sixt.fr\/magazine\/wp-content\/uploads\/\/sites\/3\/2020\/03\/vallee-de-cere-SIXT-1024x629.jpg\" alt=\"La Vall\u00e9e de C\u00e8re dans le Cantal, \u00e0 visiter imp\u00e9rativement - SIXT\" class=\"wp-image-20576 lazyload\" style=\"--smush-placeholder-width: 1024px; --smush-placeholder-aspect-ratio: 1024\/629;width:1140px\" title=\"Des paysages propices \u00e0 la randonn\u00e9es dans le Cantal\" data-srcset=\"https:\/\/www.sixt.fr\/magazine\/wp-content\/uploads\/\/sites\/3\/2020\/03\/vallee-de-cere-SIXT-1024x629.jpg 1024w, https:\/\/www.sixt.fr\/magazine\/wp-content\/uploads\/\/sites\/3\/2020\/03\/vallee-de-cere-SIXT-300x184.jpg 300w, https:\/\/www.sixt.fr\/magazine\/wp-content\/uploads\/\/sites\/3\/2020\/03\/vallee-de-cere-SIXT-768x472.jpg 768w, https:\/\/www.sixt.fr\/magazine\/wp-content\/uploads\/\/sites\/3\/2020\/03\/vallee-de-cere-SIXT.jpg 1140w\" data-sizes=\"(max-width: 1024px) 100vw, 1024px\" src=\"data:image\/svg+xml;base64,PHN2ZyB3aWR0aD0iMSIgaGVpZ2h0PSIxIiB4bWxucz0iaHR0cDovL3d3dy53My5vcmcvMjAwMC9zdmciPjwvc3ZnPg==\" \/><figcaption class=\"wp-element-caption\">Une randonn\u00e9e dans la vall\u00e9e de C\u00e8re pour une petite d\u00e9tente entre 2 road trip<\/figcaption><\/figure>\n\n\n\n<p><a href=\"https:\/\/www.sixt.fr\/magazine\/voyages\/road-trip-cantal\/\">Vous partez dans le Cantal<\/a> pendant les vacances d\u2019\u00e9t\u00e9 ? Alors vous ne serez sans doute pas contre une journ\u00e9e rafra\u00eechissante\u2026 Direction le Pas de C\u00e8re ! Dans la vall\u00e9e de la C\u00e8re, partez \u00e0 la rencontre de la faune (parfois timide !) de ce lieu class\u00e9 Espace Naturel Sensible. Allez-vous apercevoir les loutres qui y vivent ?<\/p>\n\n\n\n<h3 class=\"wp-block-heading\">On part en randonn\u00e9e dans le Cantal ! \ud83e\udd7e<\/h3>\n\n\n\n<p>On v\u00e9rifie que vous avez bien pens\u00e9 \u00e0 tout : vos chaussures de randonn\u00e9e, votre bouteille d\u2019eau, un petit encas, et bien s\u00fbr, une bonne dose de courage. Tout est ok ? C\u2019est parti pour l\u2019ascension !<\/p>\n\n\n\n<p>Le d\u00e9part de votre randonn\u00e9e se fait au Pas de C\u00e8re, une plage de rivi\u00e8re. Celle-ci est situ\u00e9e au pied de falaises de\u2026 30 m\u00e8tres de haut ! Au fil de votre mont\u00e9e entre rivi\u00e8re et cascade, ne manquez pas de baisser les yeux pour appr\u00e9cier la vue changeante sur les gorges et la nature qui vous entourent. Un spectacle inoubliable dans le Cantal !<\/p>\n\n\n\n<blockquote class=\"wp-block-quote is-layout-flow wp-block-quote-is-layout-flow\">\n<p>\ud83d\udccc <strong>Info SIXT <\/strong>: Le saviez-vous ? Le Pas de C\u00e8re est en fait un verrou glaciaire naturel form\u00e9 il y a plus de\u2026 20 000 ans ! Ce qui fait de lui l\u2019un des sites g\u00e9ologiques majeurs du Cantal. Impressionnant, non ?<\/p>\n<\/blockquote>\n\n\n\n<div id=\"6\"><\/div>\n\n\n\n<h2 class=\"wp-block-heading\">La station du Lioran : tout schuss ! \u26f7<\/h2>\n\n\n\n<figure class=\"wp-block-image size-large is-resized\"><img decoding=\"async\" width=\"1024\" height=\"683\" data-src=\"https:\/\/www.sixt.fr\/magazine\/wp-content\/uploads\/\/sites\/3\/2020\/11\/station-lioran-cantal-photo-mathieu-daix-1024x683.jpg\" alt=\"Partez \u00e0 l'assaut de la Station du  Lioran dans le Cantal - SIXT\" class=\"wp-image-15017 lazyload\" style=\"--smush-placeholder-width: 1024px; --smush-placeholder-aspect-ratio: 1024\/683;width:1140px\" title=\"Vous prendriez bien un petit bol d'air dans le Cantal ?\" data-srcset=\"https:\/\/www.sixt.fr\/magazine\/wp-content\/uploads\/\/sites\/3\/2020\/11\/station-lioran-cantal-photo-mathieu-daix-1024x683.jpg 1024w, https:\/\/www.sixt.fr\/magazine\/wp-content\/uploads\/\/sites\/3\/2020\/11\/station-lioran-cantal-photo-mathieu-daix-300x200.jpg 300w, https:\/\/www.sixt.fr\/magazine\/wp-content\/uploads\/\/sites\/3\/2020\/11\/station-lioran-cantal-photo-mathieu-daix-768x512.jpg 768w, https:\/\/www.sixt.fr\/magazine\/wp-content\/uploads\/\/sites\/3\/2020\/11\/station-lioran-cantal-photo-mathieu-daix.jpg 1200w\" data-sizes=\"(max-width: 1024px) 100vw, 1024px\" src=\"data:image\/svg+xml;base64,PHN2ZyB3aWR0aD0iMSIgaGVpZ2h0PSIxIiB4bWxucz0iaHR0cDovL3d3dy53My5vcmcvMjAwMC9zdmciPjwvc3ZnPg==\" \/><figcaption class=\"wp-element-caption\"><strong>Les pistes de ski vous attendent dans le cadre exceptionnel du parc naturel des volcans d&rsquo;Auvergne<\/strong><\/figcaption><\/figure>\n\n\n\n<p>C\u2019est le moment o\u00f9 les rois de la glisse montrent leurs talents ! Dans le cadre exceptionnel du parc naturel des volcans d\u2019Auvergne, \u00e0 deux pas du Mary, c\u2019est ici que petits et grands skieurs d\u00e9valent les 40 pistes de la station du Lioran entre feu et glace. Entre 1160 et 1850 m\u00e8tres d\u2019altitude, toute la tribu peut s\u2019adonner \u00e0 son activit\u00e9 enneig\u00e9e pr\u00e9f\u00e9r\u00e9e : raquettes, ski, snowboard, luge et bien d\u2019autres !&nbsp;<\/p>\n\n\n\n<h3 class=\"wp-block-heading\">Et si \u00e0 force de skier, vous avez des jambes de plomb\u2026 \ud83d\udea1<\/h3>\n\n\n\n<p>\u201cLe Plomb du Cantal\u201d \u00e7a vous dit quelque chose ? Loin d\u2019\u00eatre un acier originaire de la r\u00e9gion auvergnate, il s\u2019agit en r\u00e9alit\u00e9 du point culminant du grand volcan cantalien. Du haut de ses 1855 m\u00e8tres d\u2019altitude, c\u2019est le second sommet le plus haut du Massif central apr\u00e8s le puy de Sancy. Et bonne nouvelle pour ceux qui veulent se reposer : il est accessible en t\u00e9l\u00e9ph\u00e9rique !<\/p>\n\n\n\n<blockquote class=\"wp-block-quote is-layout-flow wp-block-quote-is-layout-flow\">\n<p>\ud83c\udfbf <strong>Info SIXT : <\/strong>Envie de skier au sommet ? D\u00e9couvrez notre guide <a href=\"https:\/\/www.sixt.fr\/magazine\/guides-et-conseils\/station-ski-france\/\">des meilleures stations de ski en France<\/a> !&nbsp;<\/p>\n<\/blockquote>\n\n\n\n<div id=\"7\"><\/div>\n\n\n\n<h2 class=\"wp-block-heading\">Le puy Mary : une immersion au c\u0153ur des volcans \ud83c\udf0b<\/h2>\n\n\n\n<figure class=\"wp-block-image size-large is-resized\"><img decoding=\"async\" width=\"1024\" height=\"575\" data-src=\"https:\/\/www.sixt.fr\/magazine\/wp-content\/uploads\/\/sites\/3\/2020\/03\/parc-naturel-volcans-auvergne-puy-mary-1024x575.jpg\" alt=\"Le puy Mary dans le parc naturel des volcans d'Auvergne - SIXT\" class=\"wp-image-13107 lazyload\" style=\"--smush-placeholder-width: 1024px; --smush-placeholder-aspect-ratio: 1024\/575;width:1140px\" title=\"D\u00e9couvrez le volcan le plus connu de France\" data-srcset=\"https:\/\/www.sixt.fr\/magazine\/wp-content\/uploads\/\/sites\/3\/2020\/03\/parc-naturel-volcans-auvergne-puy-mary-1024x575.jpg 1024w, https:\/\/www.sixt.fr\/magazine\/wp-content\/uploads\/\/sites\/3\/2020\/03\/parc-naturel-volcans-auvergne-puy-mary-300x169.jpg 300w, https:\/\/www.sixt.fr\/magazine\/wp-content\/uploads\/\/sites\/3\/2020\/03\/parc-naturel-volcans-auvergne-puy-mary-768x432.jpg 768w, https:\/\/www.sixt.fr\/magazine\/wp-content\/uploads\/\/sites\/3\/2020\/03\/parc-naturel-volcans-auvergne-puy-mary-1536x863.jpg 1536w, https:\/\/www.sixt.fr\/magazine\/wp-content\/uploads\/\/sites\/3\/2020\/03\/parc-naturel-volcans-auvergne-puy-mary-750x420.jpg 750w, https:\/\/www.sixt.fr\/magazine\/wp-content\/uploads\/\/sites\/3\/2020\/03\/parc-naturel-volcans-auvergne-puy-mary.jpg 1920w\" data-sizes=\"(max-width: 1024px) 100vw, 1024px\" src=\"data:image\/svg+xml;base64,PHN2ZyB3aWR0aD0iMSIgaGVpZ2h0PSIxIiB4bWxucz0iaHR0cDovL3d3dy53My5vcmcvMjAwMC9zdmciPjwvc3ZnPg==\" \/><figcaption class=\"wp-element-caption\"><strong>Petite excursion pour grimper les volcans du Cantal<\/strong><\/figcaption><\/figure>\n\n\n\n<p>Vous l\u2019aurez compris, le Cantal est c\u00e9l\u00e8bre en France pour ses volcans ! Alors comment imaginer un voyage dans le d\u00e9partement sans partir \u00e0 leur rencontre ? Le plus connu est le pyramidal puy Mary et ses 1700 m\u00e8tres d\u2019altitude. Facile \u00e0 gravir, n\u2019est-ce pas ?<\/p>\n\n\n\n<h3 class=\"wp-block-heading\">Go pour partir \u00e0 l&rsquo;ascension du volcan dans le Cantal \ud83e\udd7e<\/h3>\n\n\n\n<p>Mais rassurez-vous, l\u2019ascension en vaut le d\u00e9tour ! En haut de l\u2019un des vestiges du plus grand volcan d\u2019Europe, votre r\u00e9compense tant attendue : une vue \u00e0 360 degr\u00e9s sur des paysages grandioses et la cha\u00eene des puys. La Jordanne, l\u2019Impradine, la Santoire, la Marron, la Petite Rhue, le Mar et la Bertrande, ici les 7 vall\u00e9es glaciaires s\u2019offrent \u00e0 vous. Alors, elle n\u2019est pas sympa cette randonn\u00e9e ?<\/p>\n\n\n\n<p>Au fil de votre ascension, observez la faune et la flore environnantes : entre gentiane et Arnica des montagnes, saurez-vous d\u00e9busquer un chamois ? \ud83d\udc40<\/p>\n\n\n\n<p>D\u00e9couvrez ensuite les remparts volcaniques de Saint-Flour, puis admirez la ville haute depuis la ville basse, sur la place de la Libert\u00e9 par exemple. Enfin, ne manquez pas de vous arr\u00eater dans l&rsquo;un des restaurants de la ville, afin de go\u00fbter aux lentilles blondes locales et autres mets r\u00e9gionaux typiques.<\/p>\n\n\n\n<blockquote class=\"wp-block-quote is-layout-flow wp-block-quote-is-layout-flow\">\n<p>Vous aimez la nature ? Faites un d\u00e9tour par les gorges de la Truy\u00e8re et ne manquez pas de contempler l&rsquo;impressionnant viaduc de Garabit, construit par Gustave Eiffel. Illumin\u00e9 la nuit, il offre un paysage aussi beau qu&rsquo;inattendu !<\/p>\n<\/blockquote>\n\n\n\n<div id=\"8\"><\/div>\n\n\n\n<h2 class=\"wp-block-heading\">Le Viaduc de Garabit : la tour Eiffel du Cantal \ud83d\uddfc<\/h2>\n\n\n\n<figure class=\"wp-block-image size-large is-resized\"><img decoding=\"async\" width=\"1024\" height=\"681\" data-src=\"https:\/\/www.sixt.fr\/magazine\/wp-content\/uploads\/\/sites\/3\/2022\/11\/week-end-auvergne-viaduc-garabit-SIXT-1024x681.jpg\" alt=\"Passage en voiture pr\u00e8s du viaduc de Garabit en Auvergne - SIXT\" class=\"wp-image-20031 lazyload\" style=\"--smush-placeholder-width: 1024px; --smush-placeholder-aspect-ratio: 1024\/681;width:1140px\" title=\"Un spot exceptionnel \u00e0 pied ou en voiture\" data-srcset=\"https:\/\/www.sixt.fr\/magazine\/wp-content\/uploads\/\/sites\/3\/2022\/11\/week-end-auvergne-viaduc-garabit-SIXT-1024x681.jpg 1024w, https:\/\/www.sixt.fr\/magazine\/wp-content\/uploads\/\/sites\/3\/2022\/11\/week-end-auvergne-viaduc-garabit-SIXT-300x199.jpg 300w, https:\/\/www.sixt.fr\/magazine\/wp-content\/uploads\/\/sites\/3\/2022\/11\/week-end-auvergne-viaduc-garabit-SIXT-768x511.jpg 768w, https:\/\/www.sixt.fr\/magazine\/wp-content\/uploads\/\/sites\/3\/2022\/11\/week-end-auvergne-viaduc-garabit-SIXT.jpg 1140w\" data-sizes=\"(max-width: 1024px) 100vw, 1024px\" src=\"data:image\/svg+xml;base64,PHN2ZyB3aWR0aD0iMSIgaGVpZ2h0PSIxIiB4bWxucz0iaHR0cDovL3d3dy53My5vcmcvMjAwMC9zdmciPjwvc3ZnPg==\" \/><figcaption class=\"wp-element-caption\"><strong>Le viaduc de Garabit en Auvergne, visible depuis votre voiture.<\/strong><\/figcaption><\/figure>\n\n\n\n<p>Si les communes de Ruynes-en-Margeride et Val d\u2019Arcomie semblent un peu moins sexy que Paris de prime abord, sachez que ces lieux ont n\u00e9anmoins quelque chose en commun : un superbe ouvrage sign\u00e9 Gustave Eiffel !<\/p>\n\n\n\n<blockquote class=\"wp-block-quote is-layout-flow wp-block-quote-is-layout-flow\">\n<p>\ud83d\udccc <strong>Astuce SIXT<\/strong> : promenez-vous du c\u00f4t\u00e9 du Viaduc de Garabit \u00e0 la nuit tomb\u00e9e. Lorsqu\u2019il est illumin\u00e9 le soir, le pont offre un spot photo exceptionnel !<\/p>\n<\/blockquote>\n\n\n\n<p>Afin de traverser les gorges de la Truy\u00e8re, l\u2019ing\u00e9nieur fran\u00e7ais a cr\u00e9\u00e9 le Viaduc de Garabit en 1880. D\u00e9cid\u00e9ment quel g\u00e9nie ! D\u2019une longueur de 556 m\u00e8tres et situ\u00e9 \u00e0 122 m\u00e8tres au-dessus de la rivi\u00e8re, ce projet \u00e9tait d\u00e9j\u00e0 tr\u00e8s ambitieux \u00e0 l\u2019\u00e9poque.<\/p>\n\n\n\n<blockquote class=\"wp-block-quote is-layout-flow wp-block-quote-is-layout-flow\">\n<p><strong>\ud83d\udc40 Pssst<\/strong> : envie d\u2019en savoir plus sur la Tour Eiffel, le chef-d\u2019\u0153uvre parisien de Gustave Eiffel ?D\u00e9couvrez tous <a href=\"https:\/\/www.sixt.fr\/magazine\/guides-et-conseils\/5-infos-insolites-sur-la-tour-eiffel\/\">les secrets de la Dame de fer avec SIXT<\/a> !<\/p>\n<\/blockquote>\n\n\n\n<div id=\"9\"><\/div>\n\n\n\n<h2 class=\"wp-block-heading\">Le village de Saint-Flour : la cit\u00e9 perch\u00e9e \ud83c\udf92<\/h2>\n\n\n\n<figure class=\"wp-block-image size-large is-resized\"><img decoding=\"async\" width=\"1024\" height=\"629\" data-src=\"https:\/\/www.sixt.fr\/magazine\/wp-content\/uploads\/\/sites\/3\/2020\/03\/saint-flour-SIXT-1024x629.jpg\" alt=\"La cit\u00e9 mill\u00e9naire perch\u00e9e \u00e0 visiter dans le Cantal - SIXT\" class=\"wp-image-20578 lazyload\" style=\"--smush-placeholder-width: 1024px; --smush-placeholder-aspect-ratio: 1024\/629;width:1140px\" title=\"Visiter le Cantal en passant par St-Flour\" data-srcset=\"https:\/\/www.sixt.fr\/magazine\/wp-content\/uploads\/\/sites\/3\/2020\/03\/saint-flour-SIXT-1024x629.jpg 1024w, https:\/\/www.sixt.fr\/magazine\/wp-content\/uploads\/\/sites\/3\/2020\/03\/saint-flour-SIXT-300x184.jpg 300w, https:\/\/www.sixt.fr\/magazine\/wp-content\/uploads\/\/sites\/3\/2020\/03\/saint-flour-SIXT-768x472.jpg 768w, https:\/\/www.sixt.fr\/magazine\/wp-content\/uploads\/\/sites\/3\/2020\/03\/saint-flour-SIXT.jpg 1140w\" data-sizes=\"(max-width: 1024px) 100vw, 1024px\" src=\"data:image\/svg+xml;base64,PHN2ZyB3aWR0aD0iMSIgaGVpZ2h0PSIxIiB4bWxucz0iaHR0cDovL3d3dy53My5vcmcvMjAwMC9zdmciPjwvc3ZnPg==\" \/><figcaption class=\"wp-element-caption\">Une s\u00e9lection d&rsquo;incontournables \u00e0 visiter dans le Cantal \u00e0 Saint-Flour<\/figcaption><\/figure>\n\n\n\n<p>Ancienne capitale religieuse de la Haute Auvergne, class\u00e9e Ville d\u2019Art et d\u2019Histoire, le village de Saint-Flour collectionne les titres ! Cette cit\u00e9 mill\u00e9naire perch\u00e9e sur un \u00e9peron rocheux entre la vall\u00e9e de l\u2019Ander et le plateau volcanique de la Plan\u00e8ze attire chaque ann\u00e9e de nombreux voyageurs, en qu\u00eate de sports en pleine nature et de paysages remarquables.<\/p>\n\n\n\n<h3 class=\"wp-block-heading\">Notre s\u00e9lection de lieux \u00e0 visiter \u00e0 Saint-Flour \u2705<\/h3>\n\n\n\n<ul class=\"wp-block-list\">\n<li><strong>D\u00e9couvrir les remparts volcaniques<\/strong> de Saint-Flour<\/li>\n\n\n\n<li><strong>Admirer la cath\u00e9drale Saint-Pierre<\/strong> construite en pierre de lave (et contempler ses superbes vitraux \u00e0 l\u2019int\u00e9rieur)<\/li>\n\n\n\n<li><strong>Visiter le mus\u00e9e de la Haute-Auvergne<\/strong><\/li>\n\n\n\n<li><strong>Se rendre au Viaduc de Garabit<\/strong> \u00e0 proximit\u00e9<\/li>\n\n\n\n<li>Se balader entre la partie haute et la partie basse de la ville<\/li>\n<\/ul>\n\n\n\n<blockquote class=\"wp-block-quote is-layout-flow wp-block-quote-is-layout-flow\">\n<p>\ud83d\udccc <strong>Anecdote SIXT <\/strong>: la l\u00e9gende raconte que Saint Florus aurait pos\u00e9 sa main sur la roche volcanique et celle-ci se serait ouverte devant lui pour le laisser passer, pour entrer au c\u0153ur de la ville. On ne vous conseille pas d\u2019essayer\u2026<\/p>\n<\/blockquote>\n\n\n\n<div id=\"10\"><\/div>\n\n\n\n<h2 class=\"wp-block-heading\">Les thermes Chaudes-Aigues : une parenth\u00e8se <em>caliente \ud83d\udec1<\/em><\/h2>\n\n\n\n<figure class=\"wp-block-image size-large is-resized\"><img decoding=\"async\" width=\"1024\" height=\"629\" data-src=\"https:\/\/www.sixt.fr\/magazine\/wp-content\/uploads\/\/sites\/3\/2020\/03\/thermes-chaudes-aigues-SIXT-1024x629.jpg\" alt=\"Les termes de Chaudes-Aigues pour se d\u00e9tendre dans le Cantal - SIXT\" class=\"wp-image-20579 lazyload\" style=\"--smush-placeholder-width: 1024px; --smush-placeholder-aspect-ratio: 1024\/629;width:1140px\" title=\"Soufflez, respirer. D\u00e9tendez-vous apr\u00e8s avoir conduit dans le Cantal\" data-srcset=\"https:\/\/www.sixt.fr\/magazine\/wp-content\/uploads\/\/sites\/3\/2020\/03\/thermes-chaudes-aigues-SIXT-1024x629.jpg 1024w, https:\/\/www.sixt.fr\/magazine\/wp-content\/uploads\/\/sites\/3\/2020\/03\/thermes-chaudes-aigues-SIXT-300x184.jpg 300w, https:\/\/www.sixt.fr\/magazine\/wp-content\/uploads\/\/sites\/3\/2020\/03\/thermes-chaudes-aigues-SIXT-768x472.jpg 768w, https:\/\/www.sixt.fr\/magazine\/wp-content\/uploads\/\/sites\/3\/2020\/03\/thermes-chaudes-aigues-SIXT.jpg 1140w\" data-sizes=\"(max-width: 1024px) 100vw, 1024px\" src=\"data:image\/svg+xml;base64,PHN2ZyB3aWR0aD0iMSIgaGVpZ2h0PSIxIiB4bWxucz0iaHR0cDovL3d3dy53My5vcmcvMjAwMC9zdmciPjwvc3ZnPg==\" \/><figcaption class=\"wp-element-caption\"><strong>Apr\u00e8s \u00eatre pass\u00e9 pr\u00e8s des volcans, prenez quelques minutes pour les eaux chaudes<\/strong><\/figcaption><\/figure>\n\n\n\n<p>Apr\u00e8s une journ\u00e9e de randonn\u00e9e au c\u0153ur des volcans ou de visites, octroyez-vous une pause d\u00e9tente lors de votre s\u00e9jour dans le Cantal ! L\u2019id\u00e9al ? Vous rendre dans les thermes de Chaudes-Aigues, \u00e0 deux pas de Saint-Flour. Et une chose est s\u00fbre, elles portent bien leur nom : leurs eaux sont les plus chaudes d\u2019Europe ! Dans les thermes datant de 1332, 32 sources d\u2019eau chaude montent jusqu\u2019\u00e0 82 degr\u00e9s\u2026 Eh oui, \u00eatre du c\u00f4t\u00e9 des volcans, \u00e7a ne rigole pas.<\/p>\n\n\n\n<p>Remise en forme ou cure thermale, Chaudes-Aigues est le lieu id\u00e9al pour finir votre s\u00e9jour dans le Cantal sur une bonne note !<\/p>\n\n\n\n<h2 class=\"wp-block-heading\">Vous avez des questions ? SIXT y r\u00e9pond ! \ud83d\ude4b<\/h2>\n\n\n\n<h3 class=\"wp-block-heading\">O\u00f9 est situ\u00e9 le Cantal ? \ud83c\udfaf<\/h3>\n\n\n\n<p>Le Cantal est un d\u00e9partement situ\u00e9 en France, plus pr\u00e9cis\u00e9ment en r\u00e9gion Auvergne.<\/p>\n\n\n\n<h3 class=\"wp-block-heading\">Que faire lors d\u2019un s\u00e9jour dans le Cantal ? \ud83d\ude0a<\/h3>\n\n\n\n<p>Fort de ses nombreux lieux d\u2019int\u00e9r\u00eat et activit\u00e9s, le Cantal est l\u2019endroit parfait pour faire du tourisme ! Que vous souhaitiez rester \u00e0 un endroit pr\u00e9cis ou r\u00e9aliser un circuit, le d\u00e9partement offre une multitude de possibilit\u00e9s.<\/p>\n\n\n\n<h4 class=\"wp-block-heading\">2 semaines pour visiter le Cantal \ud83d\udc47<\/h4>\n\n\n\n<p>Si vous b\u00e9n\u00e9ficiez de vacances de deux semaines, vous avez la possibilit\u00e9 de r\u00e9aliser toutes les activit\u00e9s de notre top, \u00e0 savoir :<\/p>\n\n\n\n<ul class=\"wp-block-list\">\n<li>Le ch\u00e2teau de Val<\/li>\n\n\n\n<li>Le village de Salers<\/li>\n\n\n\n<li>Le lac Saint-\u00c9tienne-Cantal\u00e8s<\/li>\n\n\n\n<li>La ville d\u2019Aurillac<\/li>\n\n\n\n<li>Les Gorges du Pas de C\u00e8re<\/li>\n\n\n\n<li>La station du Lioran<\/li>\n\n\n\n<li>Le puy Mary<\/li>\n\n\n\n<li>Le Viaduc de Garabit<\/li>\n\n\n\n<li>Le village de Saint-Flour<\/li>\n\n\n\n<li>Les thermes Chaudes-Aigues<\/li>\n<\/ul>\n\n\n\n<p>Bien s\u00fbr, vous pourrez adapter vos activit\u00e9s en fonction de la saisonnalit\u00e9. Et si certains lieux ne vous attirent pas particuli\u00e8rement ou si vous n\u2019avez pas assez de temps, on vous laisse votre propre avis pour choisir vos visites pr\u00e9f\u00e9r\u00e9es.<\/p>\n\n\n\n<h2 class=\"wp-block-heading\">Depuis le Cantal, prenez un moment pour d\u00e9couvrir \ud83e\uddc0<\/h2>\n\n\n\n<ul class=\"wp-block-list\">\n<li><a href=\"https:\/\/www.sixt.fr\/magazine\/guides-et-conseils\/week-end-a-lyon\/\">Les 8 incontournables de Lyon \u00e0 d\u00e9couvrir le temps d&rsquo;un week-end<\/a><\/li>\n\n\n\n<li><a href=\"https:\/\/www.sixt.fr\/magazine\/week-end\/week-end-annecy\/\">Un week-end entre lac et montagne \u00e0 Annecy<\/a><\/li>\n<\/ul>\n\n\n\n<h2 class=\"wp-block-heading\">Besoin d\u2019inspiration ? Voici quelques id\u00e9es de villes \u00e0 visiter lors de votre prochain voyage \ud83d\udc47\ud83c\udffb<\/h2>\n\n\n\n<ul class=\"wp-block-list\">\n<li><a href=\"https:\/\/www.sixt.fr\/magazine\/voyages\/visiter-grenoble\/\">10 lieux \u00e0 visiter \u00e0 Grenoble<\/a><\/li>\n\n\n\n<li><a href=\"https:\/\/www.sixt.fr\/magazine\/voyages\/visiter-poitiers\/\">Visiter Poitiers<\/a><\/li>\n\n\n\n<li><a href=\"https:\/\/www.sixt.fr\/magazine\/guides-et-conseils\/visiter-bordeaux\/\">Les incontournables de Bordeaux \u00e0 voir et visiter<\/a><\/li>\n\n\n\n<li><a href=\"https:\/\/www.sixt.fr\/magazine\/guides-et-conseils\/visiter-dijon\/\">Les bons plans \u00e0 voir \u00e0 Dijon&nbsp;<\/a><\/li>\n\n\n\n<li><a href=\"https:\/\/www.sixt.fr\/magazine\/week-end\/week-end-a-rennes\/\">Que visiter \u00e0 Rennes : le guide par SIXT<\/a><\/li>\n\n\n\n<li><a href=\"https:\/\/www.sixt.fr\/magazine\/voyages\/visiter-nice\/\">Visiter Nice : les 15 choses \u00e0 faire absolument<\/a><\/li>\n\n\n\n<li><a href=\"https:\/\/www.sixt.fr\/magazine\/guides-et-conseils\/que-faire-a-marseille\/\">Que faire \u00e0 Marseille : top 10 des lieux \u00e0 visiter<\/a><\/li>\n\n\n\n<li><a href=\"https:\/\/www.sixt.fr\/magazine\/guides-et-conseils\/top-7-lieux-a-visiter-en-isere\/\">7 lieux \u00e0 visiter dans l\u2019Is\u00e8re<\/a><\/li>\n\n\n\n<li><a href=\"https:\/\/www.sixt.fr\/magazine\/voyages\/5-tresors-de-lardeche-a-visiter-en-ete\/\">5 tr\u00e9sors de l\u2019Ard\u00e8che \u00e0 visiter en \u00e9t\u00e9<\/a><\/li>\n\n\n\n<li><a href=\"https:\/\/www.sixt.fr\/magazine\/voyages\/villes-a-visiter-en-france\/\">8 villes \u00e0 visiter en France<\/a><\/li>\n<\/ul>\n\n\n\n<p><em>[Article mis \u00e0 jour le 27 mars 2023]<\/em><\/p>\n<!-- AddThis Advanced Settings generic via filter on the_content --><!-- AddThis Share Buttons generic via filter on the_content -->","protected":false},"excerpt":{"rendered":"<p>Cantal, Salers, Saint-Nectaire, Fourme d\u2019Ambert\u2026 Suivez cette douce effluve de fromage AOP, elle vous m\u00e8ne tout droit au c\u0153ur d\u2019un tr\u00e9sor d\u2019Auvergne : bienvenue dans le Cantal ! Si le d\u00e9partement hume les bons produits du terroir, ses paysages, quant \u00e0 eux, r\u00e9galent vos yeux. Nich\u00e9 dans le parc naturel r\u00e9gional des volcans d\u2019Auvergne, le&#8230;<!-- AddThis Advanced Settings generic via filter on get_the_excerpt --><!-- AddThis Share Buttons generic via filter on get_the_excerpt --><\/p>\n","protected":false},"author":23,"featured_media":15019,"comment_status":"closed","ping_status":"open","sticky":false,"template":"","format":"standard","meta":{"_genesis_hide_title":false,"_genesis_hide_breadcrumbs":false,"_genesis_hide_singular_image":false,"_genesis_hide_footer_widgets":false,"_genesis_custom_body_class":"","_genesis_custom_post_class":"","_genesis_layout":"","ngg_post_thumbnail":0,"footnotes":""},"categories":[3],"tags":[324,280,305],"class_list":{"0":"post-14827","1":"post","2":"type-post","3":"status-publish","4":"format-standard","5":"has-post-thumbnail","7":"category-voyages","8":"tag-auvergne","9":"tag-montagne","10":"tag-nature","11":"entry"},"yoast_head":"<!-- This site is optimized with the Yoast SEO plugin v27.1.1 - https:\/\/yoast.com\/product\/yoast-seo-wordpress\/ -->\n<title>Visiter le Cantal : Top 10 des \u00e9tapes au c\u0153ur des volcans - SIXT<\/title>\n<meta name=\"description\" content=\"Envie de sillonner les routes des volcans d\u2019Auvergne ? D\u00e9couvrez les 10 incontournables lorsque vous partirez visiter le Cantal !\" \/>\n<meta name=\"robots\" content=\"index, follow, max-snippet:-1, max-image-preview:large, max-video-preview:-1\" \/>\n<link rel=\"canonical\" href=\"https:\/\/www.sixt.fr\/magazine\/voyages\/visiter-le-cantal-guide\/\" \/>\n<meta property=\"og:locale\" content=\"fr_FR\" \/>\n<meta property=\"og:type\" content=\"article\" \/>\n<meta property=\"og:title\" content=\"Visiter le Cantal : Top 10 des \u00e9tapes au c\u0153ur des volcans - SIXT\" \/>\n<meta property=\"og:description\" content=\"Envie de sillonner les routes des volcans d\u2019Auvergne ? D\u00e9couvrez les 10 incontournables lorsque vous partirez visiter le Cantal !\" \/>\n<meta property=\"og:url\" content=\"https:\/\/www.sixt.fr\/magazine\/voyages\/visiter-le-cantal-guide\/\" \/>\n<meta property=\"og:site_name\" content=\"Sixt Magazine\" \/>\n<meta property=\"article:published_time\" content=\"2023-03-19T10:55:00+00:00\" \/>\n<meta property=\"article:modified_time\" content=\"2024-01-12T10:57:16+00:00\" \/>\n<meta property=\"og:image\" content=\"https:\/\/www.sixt.fr\/magazine\/wp-content\/uploads\/\/sites\/3\/2020\/11\/visiter-le-cantal-photo-mathieu-daix.jpg\" \/>\n\t<meta property=\"og:image:width\" content=\"1200\" \/>\n\t<meta property=\"og:image:height\" content=\"674\" \/>\n\t<meta property=\"og:image:type\" content=\"image\/jpeg\" \/>\n<meta name=\"author\" content=\"Martin\" \/>\n<meta name=\"twitter:card\" content=\"summary_large_image\" \/>\n<meta name=\"twitter:label1\" content=\"\u00c9crit par\" \/>\n\t<meta name=\"twitter:data1\" content=\"Martin\" \/>\n\t<meta name=\"twitter:label2\" content=\"Dur\u00e9e de lecture estim\u00e9e\" \/>\n\t<meta name=\"twitter:data2\" content=\"14 minutes\" \/>\n<!-- \/ Yoast SEO plugin. -->","yoast_head_json":{"title":"Visiter le Cantal : Top 10 des \u00e9tapes au c\u0153ur des volcans - SIXT","description":"Envie de sillonner les routes des volcans d\u2019Auvergne ? D\u00e9couvrez les 10 incontournables lorsque vous partirez visiter le Cantal !","robots":{"index":"index","follow":"follow","max-snippet":"max-snippet:-1","max-image-preview":"max-image-preview:large","max-video-preview":"max-video-preview:-1"},"canonical":"https:\/\/www.sixt.fr\/magazine\/voyages\/visiter-le-cantal-guide\/","og_locale":"fr_FR","og_type":"article","og_title":"Visiter le Cantal : Top 10 des \u00e9tapes au c\u0153ur des volcans - SIXT","og_description":"Envie de sillonner les routes des volcans d\u2019Auvergne ? D\u00e9couvrez les 10 incontournables lorsque vous partirez visiter le Cantal !","og_url":"https:\/\/www.sixt.fr\/magazine\/voyages\/visiter-le-cantal-guide\/","og_site_name":"Sixt Magazine","article_published_time":"2023-03-19T10:55:00+00:00","article_modified_time":"2024-01-12T10:57:16+00:00","og_image":[{"width":1200,"height":674,"url":"https:\/\/www.sixt.fr\/magazine\/wp-content\/uploads\/\/sites\/3\/2020\/11\/visiter-le-cantal-photo-mathieu-daix.jpg","type":"image\/jpeg"}],"author":"Martin","twitter_card":"summary_large_image","twitter_misc":{"\u00c9crit par":"Martin","Dur\u00e9e de lecture estim\u00e9e":"14 minutes"},"schema":{"@context":"https:\/\/schema.org","@graph":[{"@type":"Article","@id":"https:\/\/www.sixt.fr\/magazine\/voyages\/visiter-le-cantal-guide\/#article","isPartOf":{"@id":"https:\/\/www.sixt.fr\/magazine\/voyages\/visiter-le-cantal-guide\/"},"author":{"name":"Martin","@id":"https:\/\/www.sixt.fr\/magazine\/#\/schema\/person\/7ab7ff1057e6a624cde3e74a9f39ce78"},"headline":"Visiter le Cantal : notre top 10 des incontournables ! \ud83e\uddc0","datePublished":"2023-03-19T10:55:00+00:00","dateModified":"2024-01-12T10:57:16+00:00","mainEntityOfPage":{"@id":"https:\/\/www.sixt.fr\/magazine\/voyages\/visiter-le-cantal-guide\/"},"wordCount":2735,"image":{"@id":"https:\/\/www.sixt.fr\/magazine\/voyages\/visiter-le-cantal-guide\/#primaryimage"},"thumbnailUrl":"https:\/\/www.sixt.fr\/magazine\/wp-content\/uploads\/\/sites\/3\/2020\/11\/visiter-le-cantal-photo-mathieu-daix.jpg","keywords":["Auvergne","Montagne","nature"],"articleSection":["Voyages"],"inLanguage":"fr-FR"},{"@type":"WebPage","@id":"https:\/\/www.sixt.fr\/magazine\/voyages\/visiter-le-cantal-guide\/","url":"https:\/\/www.sixt.fr\/magazine\/voyages\/visiter-le-cantal-guide\/","name":"Visiter le Cantal : Top 10 des \u00e9tapes au c\u0153ur des volcans - SIXT","isPartOf":{"@id":"https:\/\/www.sixt.fr\/magazine\/#website"},"primaryImageOfPage":{"@id":"https:\/\/www.sixt.fr\/magazine\/voyages\/visiter-le-cantal-guide\/#primaryimage"},"image":{"@id":"https:\/\/www.sixt.fr\/magazine\/voyages\/visiter-le-cantal-guide\/#primaryimage"},"thumbnailUrl":"https:\/\/www.sixt.fr\/magazine\/wp-content\/uploads\/\/sites\/3\/2020\/11\/visiter-le-cantal-photo-mathieu-daix.jpg","datePublished":"2023-03-19T10:55:00+00:00","dateModified":"2024-01-12T10:57:16+00:00","author":{"@id":"https:\/\/www.sixt.fr\/magazine\/#\/schema\/person\/7ab7ff1057e6a624cde3e74a9f39ce78"},"description":"Envie de sillonner les routes des volcans d\u2019Auvergne ? D\u00e9couvrez les 10 incontournables lorsque vous partirez visiter le Cantal !","inLanguage":"fr-FR","potentialAction":[{"@type":"ReadAction","target":["https:\/\/www.sixt.fr\/magazine\/voyages\/visiter-le-cantal-guide\/"]}]},{"@type":"ImageObject","inLanguage":"fr-FR","@id":"https:\/\/www.sixt.fr\/magazine\/voyages\/visiter-le-cantal-guide\/#primaryimage","url":"https:\/\/www.sixt.fr\/magazine\/wp-content\/uploads\/\/sites\/3\/2020\/11\/visiter-le-cantal-photo-mathieu-daix.jpg","contentUrl":"https:\/\/www.sixt.fr\/magazine\/wp-content\/uploads\/\/sites\/3\/2020\/11\/visiter-le-cantal-photo-mathieu-daix.jpg","width":1200,"height":674,"caption":"Au c\u0153ur de l'Auvergne, partez visiter le Cantal avec notre top 10."},{"@type":"WebSite","@id":"https:\/\/www.sixt.fr\/magazine\/#website","url":"https:\/\/www.sixt.fr\/magazine\/","name":"SIXT Magazine","description":"Nos conseils voyages et actualit\u00e9s","potentialAction":[{"@type":"SearchAction","target":{"@type":"EntryPoint","urlTemplate":"https:\/\/www.sixt.fr\/magazine\/?s={search_term_string}"},"query-input":{"@type":"PropertyValueSpecification","valueRequired":true,"valueName":"search_term_string"}}],"inLanguage":"fr-FR"},{"@type":"Person","@id":"https:\/\/www.sixt.fr\/magazine\/#\/schema\/person\/7ab7ff1057e6a624cde3e74a9f39ce78","name":"Martin","image":{"@type":"ImageObject","inLanguage":"fr-FR","@id":"https:\/\/www.sixt.fr\/magazine\/#\/schema\/person\/image\/","url":"https:\/\/secure.gravatar.com\/avatar\/64b254e02b1438299783d578213ea1a5e5a318cb8916b0fd778afc99f217d30c?s=96&d=mm&r=g","contentUrl":"https:\/\/secure.gravatar.com\/avatar\/64b254e02b1438299783d578213ea1a5e5a318cb8916b0fd778afc99f217d30c?s=96&d=mm&r=g","caption":"Martin"},"url":"https:\/\/www.sixt.fr\/magazine\/author\/marting\/"}]}},"_links":{"self":[{"href":"https:\/\/www.sixt.fr\/magazine\/wp-json\/wp\/v2\/posts\/14827","targetHints":{"allow":["GET"]}}],"collection":[{"href":"https:\/\/www.sixt.fr\/magazine\/wp-json\/wp\/v2\/posts"}],"about":[{"href":"https:\/\/www.sixt.fr\/magazine\/wp-json\/wp\/v2\/types\/post"}],"author":[{"embeddable":true,"href":"https:\/\/www.sixt.fr\/magazine\/wp-json\/wp\/v2\/users\/23"}],"replies":[{"embeddable":true,"href":"https:\/\/www.sixt.fr\/magazine\/wp-json\/wp\/v2\/comments?post=14827"}],"version-history":[{"count":0,"href":"https:\/\/www.sixt.fr\/magazine\/wp-json\/wp\/v2\/posts\/14827\/revisions"}],"wp:featuredmedia":[{"embeddable":true,"href":"https:\/\/www.sixt.fr\/magazine\/wp-json\/wp\/v2\/media\/15019"}],"wp:attachment":[{"href":"https:\/\/www.sixt.fr\/magazine\/wp-json\/wp\/v2\/media?parent=14827"}],"wp:term":[{"taxonomy":"category","embeddable":true,"href":"https:\/\/www.sixt.fr\/magazine\/wp-json\/wp\/v2\/categories?post=14827"},{"taxonomy":"post_tag","embeddable":true,"href":"https:\/\/www.sixt.fr\/magazine\/wp-json\/wp\/v2\/tags?post=14827"}],"curies":[{"name":"wp","href":"https:\/\/api.w.org\/{rel}","templated":true}]}}