{"id":14541,"date":"2020-09-29T12:49:39","date_gmt":"2020-09-29T12:49:39","guid":{"rendered":"https:\/\/fr.sx-magazine-wp.sixt.io\/magazine\/?p=14541"},"modified":"2024-01-12T10:31:16","modified_gmt":"2024-01-12T10:31:16","slug":"vacances-automne","status":"publish","type":"post","link":"https:\/\/www.sixt.fr\/magazine\/voyages\/vacances-automne\/","title":{"rendered":"Vacances d\u2019automne en France : nos 5 id\u00e9es flamboyantes ! \ud83c\udf41"},"content":{"rendered":"\n<figure class=\"wp-block-image size-large is-resized\"><img decoding=\"async\" width=\"1024\" height=\"629\" data-src=\"https:\/\/www.sixt.fr\/magazine\/wp-content\/uploads\/\/sites\/3\/2023\/10\/vacances-automne-france-SIXT-1024x629.jpg\" alt=\"Go\u00fbtez \u00e0 la douceur de l'automne pendant vos vacances ! - SIXT\" class=\"wp-image-21658 lazyload\" style=\"--smush-placeholder-width: 1024px; --smush-placeholder-aspect-ratio: 1024\/629;width:1140px;height:undefinedpx\" data-srcset=\"https:\/\/www.sixt.fr\/magazine\/wp-content\/uploads\/\/sites\/3\/2023\/10\/vacances-automne-france-SIXT-1024x629.jpg 1024w, https:\/\/www.sixt.fr\/magazine\/wp-content\/uploads\/\/sites\/3\/2023\/10\/vacances-automne-france-SIXT-300x184.jpg 300w, https:\/\/www.sixt.fr\/magazine\/wp-content\/uploads\/\/sites\/3\/2023\/10\/vacances-automne-france-SIXT-768x472.jpg 768w, https:\/\/www.sixt.fr\/magazine\/wp-content\/uploads\/\/sites\/3\/2023\/10\/vacances-automne-france-SIXT.jpg 1140w\" data-sizes=\"(max-width: 1024px) 100vw, 1024px\" src=\"data:image\/svg+xml;base64,PHN2ZyB3aWR0aD0iMSIgaGVpZ2h0PSIxIiB4bWxucz0iaHR0cDovL3d3dy53My5vcmcvMjAwMC9zdmciPjwvc3ZnPg==\" \/><figcaption class=\"wp-element-caption\">Observez les magnifiques couleurs des paysages pendant vos vacances en automne en France !<\/figcaption><\/figure>\n\n\n\n<p>Si vous aussi, vous pensez aux vacances \u00e0 peine la p\u00e9riode de rentr\u00e9e termin\u00e9e, on a ce qu\u2019il vous faut : c\u2019est parti pour des vacances d\u2019automne en France ! Que vous pr\u00e9f\u00e9riez le <em>farniente<\/em> \u00e0 la plage pour profiter de l\u2019\u00e9t\u00e9 indien, un <em>city trip<\/em> dans une grande ville de France ou une escapade dans un \u00e9crin de nature, SIXT vous donne ses meilleures id\u00e9es pour un s\u00e9jour aux couleurs de l&rsquo;automne. Pr\u00eat \u00e0 vivre un voyage tout feu tout flamme ? C\u2019est parti pour des vacances d\u2019automne flamboyantes !<\/p>\n\n\n\n<h2 class=\"wp-block-heading\">Au sommaire de vos vacances d\u2019automne en France \u2b07\ufe0f<\/h2>\n\n\n\n<ol>\n<li><a href=\"#1\">\u00cele de France <\/a><\/li>\n<li><a href=\"#2\">Nouvelle Aquitaine <\/a><\/li>\n<li><a href=\"#3\">La Corse <\/a><\/li>\n<li><a href=\"#4\">Les Alpes <\/a><\/li>\n<li><a href=\"#5\">La Bretagne\n<\/a><\/li>\n<\/ol>\n\n\n\n<h2 class=\"wp-block-heading\">En voiture pour vos vacances d\u2019automne avec SIXT ! \ud83d\ude97<\/h2>\n\n\n\n<p>Partir \u00e0 la conqu\u00eate des plus belles destinations de France pour l\u2019automne, c\u2019est bien. Le faire au volant d\u2019une voiture de location SIXT, c\u2019est mieux ! Et bonne nouvelle : nous avons pens\u00e9 \u00e0 tout en diss\u00e9minant nos agences partout sur le territoire ! Pratique, non ?&nbsp;<\/p>\n\n\n\n<figure class=\"wp-block-image size-large is-resized\"><a href=\"https:\/\/www.sixt.fr\/location-voiture\/france\/\"><img decoding=\"async\" width=\"1024\" height=\"367\" data-src=\"https:\/\/www.sixt.fr\/magazine\/wp-content\/uploads\/\/sites\/3\/2023\/10\/banniere-vacances-automne-SIXT-1-1024x367.png\" alt=\"Louez une voiture SIXT pour vos vacances d'automne - SIXT\" class=\"wp-image-21655 lazyload\" style=\"--smush-placeholder-width: 1024px; --smush-placeholder-aspect-ratio: 1024\/367;width:1140px;height:undefinedpx\" data-srcset=\"https:\/\/www.sixt.fr\/magazine\/wp-content\/uploads\/\/sites\/3\/2023\/10\/banniere-vacances-automne-SIXT-1-1024x367.png 1024w, https:\/\/www.sixt.fr\/magazine\/wp-content\/uploads\/\/sites\/3\/2023\/10\/banniere-vacances-automne-SIXT-1-300x108.png 300w, https:\/\/www.sixt.fr\/magazine\/wp-content\/uploads\/\/sites\/3\/2023\/10\/banniere-vacances-automne-SIXT-1-768x276.png 768w, https:\/\/www.sixt.fr\/magazine\/wp-content\/uploads\/\/sites\/3\/2023\/10\/banniere-vacances-automne-SIXT-1.png 1140w\" data-sizes=\"(max-width: 1024px) 100vw, 1024px\" src=\"data:image\/svg+xml;base64,PHN2ZyB3aWR0aD0iMSIgaGVpZ2h0PSIxIiB4bWxucz0iaHR0cDovL3d3dy53My5vcmcvMjAwMC9zdmciPjwvc3ZnPg==\" \/><\/a><\/figure>\n\n\n\n<p style=\"text-align: center\"><a class=\"button\" href=\"https:\/\/www.sixt.fr\/location-voiture\/france\/\">Louez votre voiture SIXT pour vos vacances d\u2019automne en France ! \n<\/a><\/p>\n\n\n\n<figure class=\"wp-block-image size-large is-resized\"><img decoding=\"async\" width=\"1024\" height=\"629\" data-src=\"https:\/\/www.sixt.fr\/magazine\/wp-content\/uploads\/\/sites\/3\/2023\/10\/paris-automne-SIXT-1024x629.jpg\" alt=\"D\u00e9couvrir les couleurs de Paris lors de vos vacances d'automne - SIXT\" class=\"wp-image-21656 lazyload\" style=\"--smush-placeholder-width: 1024px; --smush-placeholder-aspect-ratio: 1024\/629;width:1140px;height:undefinedpx\" data-srcset=\"https:\/\/www.sixt.fr\/magazine\/wp-content\/uploads\/\/sites\/3\/2023\/10\/paris-automne-SIXT-1024x629.jpg 1024w, https:\/\/www.sixt.fr\/magazine\/wp-content\/uploads\/\/sites\/3\/2023\/10\/paris-automne-SIXT-300x184.jpg 300w, https:\/\/www.sixt.fr\/magazine\/wp-content\/uploads\/\/sites\/3\/2023\/10\/paris-automne-SIXT-768x472.jpg 768w, https:\/\/www.sixt.fr\/magazine\/wp-content\/uploads\/\/sites\/3\/2023\/10\/paris-automne-SIXT.jpg 1140w\" data-sizes=\"(max-width: 1024px) 100vw, 1024px\" src=\"data:image\/svg+xml;base64,PHN2ZyB3aWR0aD0iMSIgaGVpZ2h0PSIxIiB4bWxucz0iaHR0cDovL3d3dy53My5vcmcvMjAwMC9zdmciPjwvc3ZnPg==\" \/><figcaption class=\"wp-element-caption\">Profitez d&rsquo;une escapade parisienne pour admirer les couleurs d&rsquo;automne<\/figcaption><\/figure>\n\n\n\n<div id=\"1\"><\/div>\n\n\n\n<h2 class=\"wp-block-heading\">L\u2019\u00cele de France en automne \ud83d\uddfc<\/h2>\n\n\n\n<p>L\u2019\u00cele de France, c\u2019est un peu la star des vacances scolaires : la capitale, les parcs d\u2019attractions, les nombreux ch\u00e2teaux (dont celui de Versailles !)&#8230; En int\u00e9rieur ou en ext\u00e9rieur, la r\u00e9gion rec\u00e8le d\u2019activit\u00e9s en tout genre pour toute la famille !&nbsp;<\/p>\n\n\n\n<p>\u00c0 Paris, toute la ville se pare d\u2019une aura flamboyante : le mur de feuilles de Montmartre, les all\u00e9es orang\u00e9es du Jardin des Tuileries, ou encore les bords de Seine joliment color\u00e9s du Jardin des Plantes\u2026&nbsp; Profitez-en pour d\u00e9couvrir la capitale sous un autre angle, le temps d\u2019une promenade ou m\u00eame une balade au fil de l\u2019eau !&nbsp;<\/p>\n\n\n\n<p>Puis, direction le paradis des enfants (et un peu moins celui des parents) : on a bien s\u00fbr nomm\u00e9 Disneyland Paris ! Chaque automne, le parc est en f\u00eate lorsque l\u2019automne approche\u2026 Mais aussi (et surtout) Halloween ! Esprits farceurs et m\u00e9chants de contes de f\u00e9es prennent possession du parc pour des vacances de la Toussaint riches en \u00e9motions ! Bouh.&nbsp;<\/p>\n\n\n\n<p>Enfin, ceux qui aiment faire rimer culture et nature se rendent \u00e0 environ une heure de route au sud de Paris pour faire la d\u00e9couverte de Fontainebleau ! Ici se cache la deuxi\u00e8me plus grande for\u00eat domaniale de France\u2026 Mais aussi un gigantesque tapis de feuilles jaunes lorsque l\u2019automne pointe le bout de son nez ! Et si la pluie embl\u00e9matique de cette saison s\u2019invite \u00e9galement \u00e0 la f\u00eate, vous avez la possibilit\u00e9 de visiter le ch\u00e2teau de Fontainebleau\u2026 Ou vous engouffrer dans votre voiture de location SIXT pour partir vers de nouvelles aventures !<\/p>\n\n\n\n<blockquote class=\"wp-block-quote is-layout-flow wp-block-quote-is-layout-flow\">\n<p>\ud83d\udccc Besoin d\u2019inspiration pour vos prochaines vacances d&rsquo;automne ? D\u00e9couvrez par exemple toutes nos id\u00e9es de <a href=\"https:\/\/www.sixt.fr\/magazine\/week-end\/week-end-en-france\/\">week-end en France<\/a> !<\/p>\n<\/blockquote>\n\n\n\n<figure class=\"wp-block-image size-large is-resized\"><img decoding=\"async\" width=\"1024\" height=\"485\" data-src=\"https:\/\/www.sixt.fr\/magazine\/wp-content\/uploads\/\/sites\/3\/2022\/02\/quai-bordeaux-1024x485.jpg\" alt=\"Les quais de Bordeaux sont \u00e0 voir pendant des vacances en automne - SIXT\" class=\"wp-image-17453 lazyload\" style=\"--smush-placeholder-width: 1024px; --smush-placeholder-aspect-ratio: 1024\/485;width:1140px;height:undefinedpx\" data-srcset=\"https:\/\/www.sixt.fr\/magazine\/wp-content\/uploads\/\/sites\/3\/2022\/02\/quai-bordeaux-1024x485.jpg 1024w, https:\/\/www.sixt.fr\/magazine\/wp-content\/uploads\/\/sites\/3\/2022\/02\/quai-bordeaux-300x142.jpg 300w, https:\/\/www.sixt.fr\/magazine\/wp-content\/uploads\/\/sites\/3\/2022\/02\/quai-bordeaux-768x364.jpg 768w, https:\/\/www.sixt.fr\/magazine\/wp-content\/uploads\/\/sites\/3\/2022\/02\/quai-bordeaux.jpg 1140w\" data-sizes=\"(max-width: 1024px) 100vw, 1024px\" src=\"data:image\/svg+xml;base64,PHN2ZyB3aWR0aD0iMSIgaGVpZ2h0PSIxIiB4bWxucz0iaHR0cDovL3d3dy53My5vcmcvMjAwMC9zdmciPjwvc3ZnPg==\" \/><figcaption class=\"wp-element-caption\">Baladez-vous le long des quais de Bordeaux lors de vos vacances en automne<\/figcaption><\/figure>\n\n\n\n<h2 class=\"wp-block-heading\">La Nouvelle Aquitaine en automne \ud83c\udf77<\/h2>\n\n\n\n<p>Entre vignobles de prestige, petits villages de caract\u00e8res et plages \u00e0 perte de vue, la Nouvelle Aquitaine se visite en toute saison\u2026 mais poss\u00e8de un charme tout particulier en automne !&nbsp;<\/p>\n\n\n\n<p>Tout d\u2019abord, direction celle que l\u2019on surnomme la Belle Endormie : bienvenue \u00e0 Bordeaux ! Ici, impossible de piquer du nez tant il y a de tr\u00e9sors \u00e0 d\u00e9couvrir lors de votre s\u00e9jour. D\u00e9couvrir les secrets des d\u00e9licieux c\u00e9pages de la r\u00e9gion \u00e0 la Cit\u00e9 du Vin, admirer les reflets de la Bourse sur le Miroir d\u2019eau, se promener sur les quais de la Garonne\u2026 Ces derniers sont d\u2019autant plus beaux \u00e0 admirer en automne ! Les arbres de la place des Quinconces et ceux qui longent le cours d\u2019eau parent leurs feuillages de nuances orang\u00e9es. En bref : le lieu id\u00e9al pour une balade bucolique bien emmitoufl\u00e9 dans son manteau !<\/p>\n\n\n\n<p>Pr\u00e8s de Bordeaux, les vignobles changent \u00e9galement de couleurs pour offrir un spectacle magique ! Au volant de votre voiture de location, sillonnez les routes des vignes aux feuilles orang\u00e9es, et prenez le temps de vous arr\u00eater au d\u00e9tour de petits villages pittoresques. Peut-\u00eatre aurez-vous aussi l\u2019occasion de voir les vendanges caract\u00e9ristiques de cette saison ?<\/p>\n\n\n\n<blockquote class=\"wp-block-quote is-layout-flow wp-block-quote-is-layout-flow\">\n<p><strong>\ud83d\udccc Le conseil SIXT<\/strong> : Cet article a ouvert votre app\u00e9tit de vous balader dans le Sud-Ouest ? <a href=\"https:\/\/www.sixt.fr\/magazine\/guides-et-conseils\/randonnee-autour-de-toulouse\/\">D\u00e9couvrez ici<\/a> le top des randonn\u00e9es \u00e0 faire \u00e0 moins de 2h de Toulouse !<\/p>\n<\/blockquote>\n\n\n\n<figure class=\"wp-block-image size-large is-resized\"><img decoding=\"async\" width=\"1024\" height=\"629\" data-src=\"https:\/\/www.sixt.fr\/magazine\/wp-content\/uploads\/\/sites\/3\/2023\/10\/corse-automne-SIXT-1024x629.jpg\" alt=\"L'\u00eele de beaut\u00e9 est encore plus belle lors de vacances en automne ! - SIXT\" class=\"wp-image-21659 lazyload\" style=\"--smush-placeholder-width: 1024px; --smush-placeholder-aspect-ratio: 1024\/629;width:1140px;height:undefinedpx\" data-srcset=\"https:\/\/www.sixt.fr\/magazine\/wp-content\/uploads\/\/sites\/3\/2023\/10\/corse-automne-SIXT-1024x629.jpg 1024w, https:\/\/www.sixt.fr\/magazine\/wp-content\/uploads\/\/sites\/3\/2023\/10\/corse-automne-SIXT-300x184.jpg 300w, https:\/\/www.sixt.fr\/magazine\/wp-content\/uploads\/\/sites\/3\/2023\/10\/corse-automne-SIXT-768x472.jpg 768w, https:\/\/www.sixt.fr\/magazine\/wp-content\/uploads\/\/sites\/3\/2023\/10\/corse-automne-SIXT.jpg 1140w\" data-sizes=\"(max-width: 1024px) 100vw, 1024px\" src=\"data:image\/svg+xml;base64,PHN2ZyB3aWR0aD0iMSIgaGVpZ2h0PSIxIiB4bWxucz0iaHR0cDovL3d3dy53My5vcmcvMjAwMC9zdmciPjwvc3ZnPg==\" \/><figcaption class=\"wp-element-caption\">L&rsquo;\u00eele de beaut\u00e9 est encore plus belle lors de vacances en automne ! <\/figcaption><\/figure>\n\n\n\n<div id=\"2\"><\/div>\n\n\n\n<h2 class=\"wp-block-heading\">La Corse \u26f5\ufe0f<\/h2>\n\n\n\n<p>Si la Corse est surnomm\u00e9e l\u2019\u00cele de Beaut\u00e9, il y a une bonne raison \u00e0 cela : entre plages paradisiaques et montagnes, la r\u00e9gion est un v\u00e9ritable bijou \u00e0 d\u00e9couvrir sans mod\u00e9ration pendant vos vacances de la Toussaint !&nbsp;<\/p>\n\n\n\n<p>Si cet \u00e9t\u00e9, vous avez fait partie de la team sans cong\u00e9, vous allez \u00eatre ravis ! Avec une eau \u00e0 20 degr\u00e9s en octobre, il est encore possible de se baigner sur les plages de Corse en automne. \u00c0 moins que vous ne pr\u00e9f\u00e9riez partir \u00e0 la d\u00e9couverte des paysages marins de Corse \u00e0 bord d\u2019un bateau ? Ici, embarquez pour une navigation du c\u00f4t\u00e9 des calanques de Piana, ou encore du Golfe de Porto.&nbsp;<\/p>\n\n\n\n<p>Vous \u00eates plut\u00f4t du genre \u00e0 avoir les pieds sur terre ? Alors c\u2019est assur\u00e9ment une rando qu\u2019il vous faut ! Et \u00e7a tombe bien, car en Corse, la montagne est reine ! Avec des temp\u00e9ratures plus cl\u00e9mentes qu\u2019en \u00e9t\u00e9, c\u2019est un plaisir de s\u2019\u00e9lancer sur les sentiers. Appareil photo autour du cou, ne manquez pas de capturer les vall\u00e9es rougeoyantes autour de vous au fil de votre marche.&nbsp;<\/p>\n\n\n\n<blockquote class=\"wp-block-quote is-layout-flow wp-block-quote-is-layout-flow\">\n<p><strong>\ud83d\udccc Le conseil SIXT<\/strong> : Tr\u00e8s pris\u00e9e, la Corse est un lieu de vill\u00e9giature tr\u00e8s pris\u00e9 pour bon nombre de voyageurs ! S\u2019y rendre pour les vacances d\u2019automne permet de mieux profiter de l\u2019\u00eele, sans \u00eatre g\u00ean\u00e9 par les nombreux touristes estivaux ! <a href=\"https:\/\/www.sixt.fr\/magazine\/voyages\/road-trip-en-corse-du-sud\/\">D\u00e9couvrez notre road trip en Corse du Sud d\u2019une semaine !<\/a><\/p>\n<\/blockquote>\n\n\n\n<figure class=\"wp-block-image size-large is-resized\"><img decoding=\"async\" width=\"1024\" height=\"629\" data-src=\"https:\/\/www.sixt.fr\/magazine\/wp-content\/uploads\/\/sites\/3\/2023\/10\/alpes-automne-SIXT-1024x629.jpg\" alt=\"D\u00e9couvrir la magie des Alpes lors de vacances en automne - SIXT\" class=\"wp-image-21657 lazyload\" style=\"--smush-placeholder-width: 1024px; --smush-placeholder-aspect-ratio: 1024\/629;width:1140px;height:undefinedpx\" data-srcset=\"https:\/\/www.sixt.fr\/magazine\/wp-content\/uploads\/\/sites\/3\/2023\/10\/alpes-automne-SIXT-1024x629.jpg 1024w, https:\/\/www.sixt.fr\/magazine\/wp-content\/uploads\/\/sites\/3\/2023\/10\/alpes-automne-SIXT-300x184.jpg 300w, https:\/\/www.sixt.fr\/magazine\/wp-content\/uploads\/\/sites\/3\/2023\/10\/alpes-automne-SIXT-768x472.jpg 768w, https:\/\/www.sixt.fr\/magazine\/wp-content\/uploads\/\/sites\/3\/2023\/10\/alpes-automne-SIXT.jpg 1140w\" data-sizes=\"(max-width: 1024px) 100vw, 1024px\" src=\"data:image\/svg+xml;base64,PHN2ZyB3aWR0aD0iMSIgaGVpZ2h0PSIxIiB4bWxucz0iaHR0cDovL3d3dy53My5vcmcvMjAwMC9zdmciPjwvc3ZnPg==\" \/><figcaption class=\"wp-element-caption\">D\u00e9couvrez la magie des Alpes lors des vacances d&rsquo;automne <\/figcaption><\/figure>\n\n\n\n<div id=\"3\"><\/div>\n\n\n\n<h2 class=\"wp-block-heading\">Les Alpes en automne \ud83c\udfd4\ufe0f<\/h2>\n\n\n\n<p>Ceux qui aiment conjuguer sport et nature mettent cap sur les Alpes pour une session randonn\u00e9e en haute montagne ! Si les stations de cette destination sont tr\u00e8s pris\u00e9es pour les sports d\u2019hiver (notamment le ski !) c\u2019est aussi le cadre id\u00e9al pour s\u2019adonner \u00e0 une belle randonn\u00e9e au c\u0153ur de panoramas exceptionnels.&nbsp;<\/p>\n\n\n\n<p>Dans le parc national du Mercantour, de superbes paysages sauvages contrast\u00e9s vous attendent en automne ! Ce qu\u2019on pr\u00e9f\u00e8re admirer ? Le m\u00e9l\u00e8ze, une esp\u00e8ce de pin particuli\u00e8re qui se pare de ses habits d\u2019ambre \u00e0 l\u2019arriv\u00e9e de l\u2019automne, avant de perdre ses aiguilles durant la saison.&nbsp;<\/p>\n\n\n\n<p>Les Alpes sont \u00e9galement caract\u00e9ris\u00e9es par de nombreux lacs nich\u00e9s entre les montagnes : le lac L\u00e9man, le lac d\u2019Annecy, ou encore le lac du Bourget pour ne citer qu\u2019eux ! Lors de votre randonn\u00e9e, prenez le temps d\u2019appr\u00e9cier l\u2019image des montagnes et de la v\u00e9g\u00e9tation orang\u00e9e se refl\u00e9ter dans l\u2019eau\u2026 Et oui, c\u2019est aussi \u00e7a les vacances : ne pas se presser et se la couler douce !&nbsp;<\/p>\n\n\n\n<blockquote class=\"wp-block-quote is-layout-flow wp-block-quote-is-layout-flow\">\n<p><strong>\ud83d\udccc<\/strong> Envie de sillonner les Alpes au volant de votre voiture de location SIXT ? C\u2019est parti pour un <a href=\"https:\/\/www.sixt.fr\/magazine\/voyages\/road-trip-alpes\/\">road trip dans les Alpes fran\u00e7aises<\/a> !<\/p>\n<\/blockquote>\n\n\n\n<figure class=\"wp-block-image size-large is-resized\"><img decoding=\"async\" width=\"1024\" height=\"683\" data-src=\"https:\/\/www.sixt.fr\/magazine\/wp-content\/uploads\/\/sites\/3\/2020\/10\/plus-beaux-villages-de-bretagne-ploumanach-luca-bravo-1024x683.jpg\" alt=\"Rochers de granit rose de Ploumana'ch, \u00e0 voir pendant vos vacances d'automne - SIXT\" class=\"wp-image-14874 lazyload\" style=\"--smush-placeholder-width: 1024px; --smush-placeholder-aspect-ratio: 1024\/683;width:1140px;height:undefinedpx\" data-srcset=\"https:\/\/www.sixt.fr\/magazine\/wp-content\/uploads\/\/sites\/3\/2020\/10\/plus-beaux-villages-de-bretagne-ploumanach-luca-bravo-1024x683.jpg 1024w, https:\/\/www.sixt.fr\/magazine\/wp-content\/uploads\/\/sites\/3\/2020\/10\/plus-beaux-villages-de-bretagne-ploumanach-luca-bravo-300x200.jpg 300w, https:\/\/www.sixt.fr\/magazine\/wp-content\/uploads\/\/sites\/3\/2020\/10\/plus-beaux-villages-de-bretagne-ploumanach-luca-bravo-768x512.jpg 768w, https:\/\/www.sixt.fr\/magazine\/wp-content\/uploads\/\/sites\/3\/2020\/10\/plus-beaux-villages-de-bretagne-ploumanach-luca-bravo.jpg 1200w\" data-sizes=\"(max-width: 1024px) 100vw, 1024px\" src=\"data:image\/svg+xml;base64,PHN2ZyB3aWR0aD0iMSIgaGVpZ2h0PSIxIiB4bWxucz0iaHR0cDovL3d3dy53My5vcmcvMjAwMC9zdmciPjwvc3ZnPg==\" \/><figcaption class=\"wp-element-caption\">Rochers de granit rose de Ploumana&rsquo;ch, un endroit \u00e0 contempler pendant vos vacances d&rsquo;automne<\/figcaption><\/figure>\n\n\n\n<div id=\"4\"><\/div>\n\n\n\n<h2 class=\"wp-block-heading\">La Bretagne \ud83c\udf0a<\/h2>\n\n\n\n<p>En Bretagne, il existe des s\u00e9jours pour chaque envie ! Balades iod\u00e9es sur les plages, visites des petits villages typiquement bretons et visites de monuments historiques, tous les go\u00fbts sont dans la nature.&nbsp;<\/p>\n\n\n\n<p>Pour profiter des paysages marins de Bretagne lors de vos vacances d\u2019automne, pourquoi ne pas vadrouiller d\u2019\u00eele en \u00eele sous le soleil de l\u2019\u00e9t\u00e9 indien ? Belle-\u00cele, Ouessant, Groix ou encore Batz, ces destinations 100% bretonnes vous offrent une vue \u00e0 couper le souffle sur l\u2019oc\u00e9an\u2026 Et rec\u00e8lent de sp\u00e9cialit\u00e9s de fruits de mer \u00e0 d\u00e9guster !&nbsp;<\/p>\n\n\n\n<p>Si pour vous les vacances d\u2019automne font rimer d\u00e9compression et relaxation, en avant (Guingamp !) pour une cure thermale <em>made in<\/em> Bretagne ! Imaginez-vous : la pluie battante \u00e0 l\u2019ext\u00e9rieur tandis que vous profitez d\u2019une petite tisane en peignoir entre deux soins au spa\u2026 Elle est pas belle la vie ?&nbsp;<\/p>\n\n\n\n<blockquote class=\"wp-block-quote is-layout-flow wp-block-quote-is-layout-flow\">\n<p>&nbsp;<strong>\ud83d\udccc <\/strong>Suivez cette douce odeur de kouign-amann, elle vous emm\u00e8ne tout droit pour un <a href=\"https:\/\/www.sixt.fr\/magazine\/voyages\/road-trip-bretagne\/\">road trip en Bretagne<\/a> avec SIXT !<\/p>\n<\/blockquote>\n\n\n\n<h2 class=\"wp-block-heading\">Les questions fr\u00e9quentes sur les vacances d\u2019automne en France \u2b07\ufe0f<\/h2>\n\n\n\n<h3 class=\"wp-block-heading\">Pourquoi partir en vacances en automne en France ? \ud83d\udc40<\/h3>\n\n\n\n<p>Avec ses paysages vari\u00e9s, la France est assur\u00e9ment l\u2019une des destinations les plus riches pour partir \u00e0 l\u2019aventure lors des vacances d\u2019automne ! Petits villages de caract\u00e8re, grandes plages \u00e0 perte de vue, ou m\u00eame grands sommets de montagne, le pays se pare d&rsquo;une beaut\u00e9 orang\u00e9e \u00e9poustouflante !&nbsp;<\/p>\n\n\n\n<h3 class=\"wp-block-heading\">O\u00f9 partir en vacances en automne en France ? \ud83e\udd13<\/h3>\n\n\n\n<p>Envie de vacances ou d\u2019un court s\u00e9jour en automne en France ? SIXT vous donne ses meilleures inspirations de destinations \u00e0 d\u00e9couvrir :&nbsp;<\/p>\n\n\n\n<p><h4>L\u2019\u00cele de France<\/h4><\/p>\n\n\n\n<ul class=\"wp-block-list\">\n<li>La ville de Paris<\/li>\n\n\n\n<li>Disneyland Paris<\/li>\n\n\n\n<li>Le ch\u00e2teau de Versaille&nbsp;<\/li>\n\n\n\n<li>Le ch\u00e2teau de Fontainebleau<\/li>\n<\/ul>\n\n\n\n<p><h4>La Nouvelle Aquitaine<\/h4><\/p>\n\n\n\n<ul class=\"wp-block-list\">\n<li>La ville de Bordeaux<\/li>\n\n\n\n<li>Les plages de la c\u00f4te atlantique<\/li>\n\n\n\n<li>Le village de La Roque-Gageac<\/li>\n\n\n\n<li>Le village de Collonges-la-Rouge<\/li>\n<\/ul>\n\n\n\n<p><h4>La Corse<\/h4><\/p>\n\n\n\n<ul class=\"wp-block-list\">\n<li>La montagne de Monte Cinto<\/li>\n\n\n\n<li>La plage de Santa Giulia&nbsp;<\/li>\n\n\n\n<li>Le village de Corte<\/li>\n\n\n\n<li>La ville d\u2019Ajaccio<\/li>\n<\/ul>\n\n\n\n<p><h4>Les Alpes<\/h4><\/p>\n\n\n\n<ul class=\"wp-block-list\">\n<li>Le parc national du Mercantour<\/li>\n\n\n\n<li>Le ch\u00e2teau de Neuschwanstein<\/li>\n\n\n\n<li>Le Mont Blanc<\/li>\n\n\n\n<li>Les Gorges du Verdon<\/li>\n<\/ul>\n\n\n\n<p><h4>La Bretagne<\/h4><\/p>\n\n\n\n<ul class=\"wp-block-list\">\n<li>La C\u00f4te de Granit Rose<\/li>\n\n\n\n<li>Belle-\u00cele-En-Mer<\/li>\n\n\n\n<li>Le Fort la Latte<\/li>\n\n\n\n<li>La ville de Rennes<\/li>\n<\/ul>\n\n\n\n<h3 class=\"wp-block-heading\">Comment fonctionne l\u2019organisation des dates de vacances scolaires en France ? \ud83d\uddd3<\/h3>\n\n\n\n<p>Vous pr\u00e9voyez de partir en vacances d\u2019automne en famille ? Bien s\u00fbr, les dates de votre s\u00e9jour devront concorder avec les dates de vacances de vos enfants ! En France, chaque zone correspond \u00e0 des dates de vacances diff\u00e9rentes. On vous \u00e9claire sur celles-ci :&nbsp;<\/p>\n\n\n\n<ul class=\"wp-block-list\">\n<li>Zone A : acad\u00e9mies de Caen, Clermont-Ferrand, Grenoble, Lyon, Montpellier, Nancy-Metz, Nantes, Rennes et Toulouse<\/li>\n\n\n\n<li>Zone B : acad\u00e9mies d\u2019Aix-Marseille, Amiens, Besan\u00e7on, Dijon, Lille, Limoges, Nice, Orl\u00e9ans-Tours, Poitiers, Reims, Rouen et Strasbourg<\/li>\n\n\n\n<li>Zone C : acad\u00e9mies de Bordeaux, Cr\u00e9teil, Paris et Versailles<\/li>\n<\/ul>\n\n\n\n<p>Chaque ann\u00e9e, les dates varient autour du jour de la Toussaint. Il ne vous reste plus qu\u2019\u00e0 le noter dans votre calendrier !&nbsp;<\/p>\n\n\n\n<h3 class=\"wp-block-heading\">O\u00f9 dormir lors de vacances d\u2019automne en France ? \ud83d\udecc<\/h3>\n\n\n\n<p>Qui dit s\u00e9jour pour les vacances de la Toussaint, dit\u2026 h\u00e9bergement \u00e0 trouver ! Et rassurez-vous : ce n\u2019est pas parce que vous partez sur les dates des vacances scolaires que vous devez dormir dans une ambiance de colonie de vacances ! Que vous soyez plut\u00f4t h\u00f4tel ou maison d\u2019h\u00f4tes de charme, vous avez l\u2019embarras du choix en termes de logements en France.&nbsp;<\/p>\n\n\n\n<p>Pour des vacances en amoureux, l\u2019automne est la p\u00e9riode id\u00e9ale pour profiter d\u2019un s\u00e9jour dans un h\u00f4tel de charme, ou m\u00eame un petit cottage douillet ! Les familles, quant \u00e0 elles, pr\u00e9f\u00e9reront partir dans une grande maison en location afin de b\u00e9n\u00e9ficier d\u2019un grand espace pour toute la tribu.<\/p>\n\n\n\n<h3 class=\"wp-block-heading\">Quand r\u00e9server son h\u00e9bergement pour partir en vacances en automne en France ? \ud83d\udcc6<\/h3>\n\n\n\n<p>M\u00eame si les vacances d\u2019automne ont un peu moins la cote que les vacances d\u2019\u00e9t\u00e9, il n\u2019est pas rare de voir son h\u00e9bergement favori rapidement afficher complet (surtout lors des vacances de la Toussaint). L\u2019id\u00e9e est donc d\u2019anticiper la r\u00e9servation de votre h\u00f4tel ! En plus, cela offre diff\u00e9rents avantages : la possibilit\u00e9 d\u2019obtenir des prix parfois plus avantageux, ou encore de choisir la vue depuis sa chambre ! Le r\u00eave, non ?&nbsp;<\/p>\n\n\n\n<h3 class=\"wp-block-heading\">Quand partir en vacances d\u2019automne en France ? \ud83c\udf42<\/h3>\n\n\n\n<p>La p\u00e9riode de l\u2019automne s\u2019\u00e9tend g\u00e9n\u00e9ralement de fin septembre \u00e0 fin d\u00e9cembre. Si vous avez des enfants et souhaitez partir en famille, l\u2019id\u00e9al est de partir au moment des vacances de la Toussaint qui s\u2019organisent autour de cette date. Si vous n\u2019\u00eates pas contraints par les vacances scolaires, vous aurez alors la possibilit\u00e9 de r\u00e9server votre s\u00e9jour en dehors de celles-ci ! Sachez qu\u2019en octobre et en novembre, vous aurez la possibilit\u00e9 de profiter encore d\u2019une temp\u00e9rature particuli\u00e8rement cl\u00e9mente lors de l\u2019\u00e9t\u00e9 indien. En d\u00e9cembre, vous pourrez sans doute profiter de la f\u00e9erie de No\u00ebl qui commence \u00e0 s\u2019installer au c\u0153ur de bon nombre de destinations !&nbsp;<\/p>\n\n\n\n<h3 class=\"wp-block-heading\">Comment occuper ses enfants pendant les vacances d\u2019automne ? \ud83d\udc76\ud83c\udffb<\/h3>\n\n\n\n<p>Les vacances de la Toussaint approchent \u00e0 grands pas, et vous ne savez pas encore comment occuper les enfants ? Pour \u00e9viter la soupe \u00e0 la grimace \u00e0 l\u2019arri\u00e8re de votre voiture de location SIXT, on vous donne nos meilleurs conseils pour des vacances d\u2019automne avec les enfants :&nbsp;<\/p>\n\n\n\n<ul class=\"wp-block-list\">\n<li>Pr\u00e9parer une longue liste de films \u00e0 t\u00e9l\u00e9charger pour les longs trajets en voiture<\/li>\n\n\n\n<li>D\u00e9nicher un h\u00e9bergement avec un club pour enfants pour qu\u2019ils se fassent des amis<\/li>\n\n\n\n<li>Leur offrir une colonie de vacances pour profiter de vacances d\u2019automne en amoureux (et oui, c\u2019est important aussi de se retrouver !)<\/li>\n\n\n\n<li>Pr\u00e9voir des activit\u00e9s de saison pendant votre s\u00e9jour : ramasser les feuilles pour cr\u00e9er un herbier d\u2019automne, trouver les plus gros marrons et ch\u00e2taignes lors d\u2019une balade\u2026<\/li>\n<\/ul>\n\n\n\n<h2 class=\"wp-block-heading\">Envie d\u2019autres inspirations ? D\u00e9couvrez toutes nos id\u00e9es en France \ud83d\udc47\ud83c\udffb<\/h2>\n\n\n\n<ul class=\"wp-block-list\">\n<li><a href=\"https:\/\/www.sixt.fr\/magazine\/week-end\/week-end-bien-etre\/\">Top 3 des destinations pour un week-end bien-\u00eatre<\/a><\/li>\n\n\n\n<li><a href=\"https:\/\/www.sixt.fr\/magazine\/voyages\/parcs-nationaux-france\/\">Le guide SIXT des meilleurs parcs nationaux en France \ud83c\udf3e<\/a><\/li>\n\n\n\n<li><a href=\"https:\/\/www.sixt.fr\/magazine\/week-end\/week-end-centre-val-de-loire\/\">Centre-Val de Loire : un week-end hors du temps ! \u23f0<\/a><\/li>\n\n\n\n<li><a href=\"https:\/\/www.sixt.fr\/magazine\/week-end\/week-end-sud-de-la-france\/\">Week-end dans le sud de la France : 10 villes qui sentent bon l\u2019\u00e9t\u00e9 \u2600\ufe0f<\/a><\/li>\n\n\n\n<li><a href=\"https:\/\/www.sixt.fr\/magazine\/week-end\/week-end-paca\/\">Week-end insolite en PACA : 3 mini road trips pour profiter du Sud de la France ! \u2600\ufe0f<\/a><\/li>\n\n\n\n<li><a href=\"https:\/\/www.sixt.fr\/magazine\/week-end\/week-end-auvergne\/\">Week-end en Auvergne : un s\u00e9jour explosif en 10 \u00e9tapes \ud83c\udf0b<\/a><\/li>\n\n\n\n<li><a href=\"https:\/\/www.sixt.fr\/magazine\/voyages\/road-trip-cantal\/\">Road Trip Cantal : un itin\u00e9raire savoureux en 9 \u00e9tapes \ud83e\uddc0<\/a><\/li>\n\n\n\n<li><a href=\"https:\/\/www.sixt.fr\/magazine\/voyages\/paris-fashion-week\/\">Rendez-vous \u00e0 la glamour Paris Fashion Week \ud83d\udc60 \ud83d\udca5<\/a><\/li>\n\n\n\n<li><a href=\"https:\/\/www.sixt.fr\/magazine\/guides-et-conseils\/week-end-pays-basque\/\">Week-end dans le Pays basque<\/a> \ud83d\ude0d<\/li>\n<\/ul>\n<!-- AddThis Advanced Settings generic via filter on the_content --><!-- AddThis Share Buttons generic via filter on the_content -->","protected":false},"excerpt":{"rendered":"<p>Si vous aussi, vous pensez aux vacances \u00e0 peine la p\u00e9riode de rentr\u00e9e termin\u00e9e, on a ce qu\u2019il vous faut : c\u2019est parti pour des vacances d\u2019automne en France ! Que vous pr\u00e9f\u00e9riez le farniente \u00e0 la plage pour profiter de l\u2019\u00e9t\u00e9 indien, un city trip dans une grande ville de France ou une escapade&#8230;<!-- AddThis Advanced Settings generic via filter on get_the_excerpt --><!-- AddThis Share Buttons generic via filter on get_the_excerpt --><\/p>\n","protected":false},"author":92,"featured_media":21658,"comment_status":"closed","ping_status":"open","sticky":false,"template":"","format":"standard","meta":{"_genesis_hide_title":false,"_genesis_hide_breadcrumbs":false,"_genesis_hide_singular_image":false,"_genesis_hide_footer_widgets":false,"_genesis_custom_body_class":"","_genesis_custom_post_class":"","_genesis_layout":"","ngg_post_thumbnail":0,"footnotes":""},"categories":[3],"tags":[320,30],"class_list":{"0":"post-14541","1":"post","2":"type-post","3":"status-publish","4":"format-standard","5":"has-post-thumbnail","7":"category-voyages","8":"tag-automne","9":"tag-france","10":"entry"},"yoast_head":"<!-- This site is optimized with the Yoast SEO plugin v27.1.1 - https:\/\/yoast.com\/product\/yoast-seo-wordpress\/ -->\n<title>O\u00f9 partir en automne en France : top 5 des id\u00e9es de vacances !<\/title>\n<meta name=\"description\" content=\"Vous ne savez pas o\u00f9 partir pour les vacances d&#039;automne en France ? D\u00e9couvrez toutes nos meilleures inspirations !\" \/>\n<meta name=\"robots\" content=\"index, follow, max-snippet:-1, max-image-preview:large, max-video-preview:-1\" \/>\n<link rel=\"canonical\" href=\"https:\/\/www.sixt.fr\/magazine\/voyages\/vacances-automne\/\" \/>\n<meta property=\"og:locale\" content=\"fr_FR\" \/>\n<meta property=\"og:type\" content=\"article\" \/>\n<meta property=\"og:title\" content=\"O\u00f9 partir en automne en France : top 5 des id\u00e9es de vacances !\" \/>\n<meta property=\"og:description\" content=\"Vous ne savez pas o\u00f9 partir pour les vacances d&#039;automne en France ? D\u00e9couvrez toutes nos meilleures inspirations !\" \/>\n<meta property=\"og:url\" content=\"https:\/\/www.sixt.fr\/magazine\/voyages\/vacances-automne\/\" \/>\n<meta property=\"og:site_name\" content=\"Sixt Magazine\" \/>\n<meta property=\"article:published_time\" content=\"2020-09-29T12:49:39+00:00\" \/>\n<meta property=\"article:modified_time\" content=\"2024-01-12T10:31:16+00:00\" \/>\n<meta property=\"og:image\" content=\"https:\/\/www.sixt.fr\/magazine\/wp-content\/uploads\/\/sites\/3\/2023\/10\/vacances-automne-france-SIXT.jpg\" \/>\n\t<meta property=\"og:image:width\" content=\"1140\" \/>\n\t<meta property=\"og:image:height\" content=\"700\" \/>\n\t<meta property=\"og:image:type\" content=\"image\/jpeg\" \/>\n<meta name=\"twitter:card\" content=\"summary_large_image\" \/>\n<meta name=\"twitter:label1\" content=\"\u00c9crit par\" \/>\n\t<meta name=\"twitter:data1\" content=\"\" \/>\n\t<meta name=\"twitter:label2\" content=\"Dur\u00e9e de lecture estim\u00e9e\" \/>\n\t<meta name=\"twitter:data2\" content=\"12 minutes\" \/>\n<!-- \/ Yoast SEO plugin. -->","yoast_head_json":{"title":"O\u00f9 partir en automne en France : top 5 des id\u00e9es de vacances !","description":"Vous ne savez pas o\u00f9 partir pour les vacances d'automne en France ? D\u00e9couvrez toutes nos meilleures inspirations !","robots":{"index":"index","follow":"follow","max-snippet":"max-snippet:-1","max-image-preview":"max-image-preview:large","max-video-preview":"max-video-preview:-1"},"canonical":"https:\/\/www.sixt.fr\/magazine\/voyages\/vacances-automne\/","og_locale":"fr_FR","og_type":"article","og_title":"O\u00f9 partir en automne en France : top 5 des id\u00e9es de vacances !","og_description":"Vous ne savez pas o\u00f9 partir pour les vacances d'automne en France ? D\u00e9couvrez toutes nos meilleures inspirations !","og_url":"https:\/\/www.sixt.fr\/magazine\/voyages\/vacances-automne\/","og_site_name":"Sixt Magazine","article_published_time":"2020-09-29T12:49:39+00:00","article_modified_time":"2024-01-12T10:31:16+00:00","og_image":[{"width":1140,"height":700,"url":"https:\/\/www.sixt.fr\/magazine\/wp-content\/uploads\/\/sites\/3\/2023\/10\/vacances-automne-france-SIXT.jpg","type":"image\/jpeg"}],"twitter_card":"summary_large_image","twitter_misc":{"\u00c9crit par":"","Dur\u00e9e de lecture estim\u00e9e":"12 minutes"},"schema":{"@context":"https:\/\/schema.org","@graph":[{"@type":"Article","@id":"https:\/\/www.sixt.fr\/magazine\/voyages\/vacances-automne\/#article","isPartOf":{"@id":"https:\/\/www.sixt.fr\/magazine\/voyages\/vacances-automne\/"},"author":{"name":"","@id":""},"headline":"Vacances d\u2019automne en France : nos 5 id\u00e9es flamboyantes ! \ud83c\udf41","datePublished":"2020-09-29T12:49:39+00:00","dateModified":"2024-01-12T10:31:16+00:00","mainEntityOfPage":{"@id":"https:\/\/www.sixt.fr\/magazine\/voyages\/vacances-automne\/"},"wordCount":2419,"image":{"@id":"https:\/\/www.sixt.fr\/magazine\/voyages\/vacances-automne\/#primaryimage"},"thumbnailUrl":"https:\/\/www.sixt.fr\/magazine\/wp-content\/uploads\/\/sites\/3\/2023\/10\/vacances-automne-france-SIXT.jpg","keywords":["automne","France"],"articleSection":["Voyages"],"inLanguage":"fr-FR"},{"@type":"WebPage","@id":"https:\/\/www.sixt.fr\/magazine\/voyages\/vacances-automne\/","url":"https:\/\/www.sixt.fr\/magazine\/voyages\/vacances-automne\/","name":"O\u00f9 partir en automne en France : top 5 des id\u00e9es de vacances !","isPartOf":{"@id":"https:\/\/www.sixt.fr\/magazine\/#website"},"primaryImageOfPage":{"@id":"https:\/\/www.sixt.fr\/magazine\/voyages\/vacances-automne\/#primaryimage"},"image":{"@id":"https:\/\/www.sixt.fr\/magazine\/voyages\/vacances-automne\/#primaryimage"},"thumbnailUrl":"https:\/\/www.sixt.fr\/magazine\/wp-content\/uploads\/\/sites\/3\/2023\/10\/vacances-automne-france-SIXT.jpg","datePublished":"2020-09-29T12:49:39+00:00","dateModified":"2024-01-12T10:31:16+00:00","author":{"@id":""},"description":"Vous ne savez pas o\u00f9 partir pour les vacances d'automne en France ? D\u00e9couvrez toutes nos meilleures inspirations !","inLanguage":"fr-FR","potentialAction":[{"@type":"ReadAction","target":["https:\/\/www.sixt.fr\/magazine\/voyages\/vacances-automne\/"]}]},{"@type":"ImageObject","inLanguage":"fr-FR","@id":"https:\/\/www.sixt.fr\/magazine\/voyages\/vacances-automne\/#primaryimage","url":"https:\/\/www.sixt.fr\/magazine\/wp-content\/uploads\/\/sites\/3\/2023\/10\/vacances-automne-france-SIXT.jpg","contentUrl":"https:\/\/www.sixt.fr\/magazine\/wp-content\/uploads\/\/sites\/3\/2023\/10\/vacances-automne-france-SIXT.jpg","width":1140,"height":700,"caption":"Observez les magnifiques couleurs des paysages pendant vos vacances en automne en France !"},{"@type":"WebSite","@id":"https:\/\/www.sixt.fr\/magazine\/#website","url":"https:\/\/www.sixt.fr\/magazine\/","name":"SIXT Magazine","description":"Nos conseils voyages et actualit\u00e9s","potentialAction":[{"@type":"SearchAction","target":{"@type":"EntryPoint","urlTemplate":"https:\/\/www.sixt.fr\/magazine\/?s={search_term_string}"},"query-input":{"@type":"PropertyValueSpecification","valueRequired":true,"valueName":"search_term_string"}}],"inLanguage":"fr-FR"},{"@type":"Person","@id":"","url":"https:\/\/www.sixt.fr\/magazine\/author\/"}]}},"_links":{"self":[{"href":"https:\/\/www.sixt.fr\/magazine\/wp-json\/wp\/v2\/posts\/14541","targetHints":{"allow":["GET"]}}],"collection":[{"href":"https:\/\/www.sixt.fr\/magazine\/wp-json\/wp\/v2\/posts"}],"about":[{"href":"https:\/\/www.sixt.fr\/magazine\/wp-json\/wp\/v2\/types\/post"}],"author":[{"embeddable":true,"href":"https:\/\/www.sixt.fr\/magazine\/wp-json\/wp\/v2\/users\/92"}],"replies":[{"embeddable":true,"href":"https:\/\/www.sixt.fr\/magazine\/wp-json\/wp\/v2\/comments?post=14541"}],"version-history":[{"count":0,"href":"https:\/\/www.sixt.fr\/magazine\/wp-json\/wp\/v2\/posts\/14541\/revisions"}],"wp:featuredmedia":[{"embeddable":true,"href":"https:\/\/www.sixt.fr\/magazine\/wp-json\/wp\/v2\/media\/21658"}],"wp:attachment":[{"href":"https:\/\/www.sixt.fr\/magazine\/wp-json\/wp\/v2\/media?parent=14541"}],"wp:term":[{"taxonomy":"category","embeddable":true,"href":"https:\/\/www.sixt.fr\/magazine\/wp-json\/wp\/v2\/categories?post=14541"},{"taxonomy":"post_tag","embeddable":true,"href":"https:\/\/www.sixt.fr\/magazine\/wp-json\/wp\/v2\/tags?post=14541"}],"curies":[{"name":"wp","href":"https:\/\/api.w.org\/{rel}","templated":true}]}}