{"id":13677,"date":"2020-03-05T11:55:00","date_gmt":"2020-03-05T11:55:00","guid":{"rendered":"https:\/\/fr.sx-magazine-wp.sixt.io\/magazine\/?p=13677"},"modified":"2025-09-29T09:22:22","modified_gmt":"2025-09-29T09:22:22","slug":"les-plus-beaux-villages-de-france","status":"publish","type":"post","link":"https:\/\/www.sixt.fr\/magazine\/voyages\/les-plus-beaux-villages-de-france\/","title":{"rendered":"Notre carte des plus beaux villages de France"},"content":{"rendered":"\n<a id=\"hautdepage\"><\/a>\n\n\n\n<p>Vous souhaitez d\u00e9couvrir de nouvelles contr\u00e9es tout en explorant les plus beaux villages de France ? Mis en lumi\u00e8re par l&rsquo;association \u00e9ponyme et son label, les jolis bourgs qui pars\u00e8ment notre pays sont en effet nombreux. Lesquels choisir ? <strong>Pour vous faciliter la t\u00e2che, Sixt a s\u00e9lectionn\u00e9 15 villages de caract\u00e8re<\/strong> diss\u00e9min\u00e9s aux quatre coins de la France qui vous \u00e9blouiront par leur patrimoine et leur localisation exceptionnels.<\/p>\n\n\n\n<iframe data-src=\"https:\/\/www.google.com\/maps\/d\/u\/0\/embed?mid=1CTxP00KO4S--yvzr5bEwZ3-dH5yYV3cy\" width=\"1540\" height=\"500\" frameborder=\"0\" scrolling=\"auto\"  src=\"data:image\/svg+xml;base64,PHN2ZyB3aWR0aD0iMSIgaGVpZ2h0PSIxIiB4bWxucz0iaHR0cDovL3d3dy53My5vcmcvMjAwMC9zdmciPjwvc3ZnPg==\" class=\"lazyload\" data-load-mode=\"1\"><\/iframe> &nbsp;\n\n\n\n<h2 class=\"wp-block-heading\">Top 15 des plus beaux villages de France<\/h2>\n\n\n\n<ol class=\"wp-block-list\">\n<li><a href=\"#1\">Gordes<\/a><\/li>\n\n\n\n<li><a href=\"#2\">Gerberoy<\/a><\/li>\n\n\n\n<li><a href=\"#3\">Saint-Bertrand-De-Commignes<\/a><\/li>\n\n\n\n<li><a href=\"#4\">Saint-Guilhem-Le-D\u00e9sert<\/a><\/li>\n\n\n\n<li><a href=\"#5\">Saint-Suliac<\/a><\/li>\n\n\n\n<li><a href=\"#6\">Najac<\/a><\/li>\n\n\n\n<li><a href=\"#7\">Moustiers-Sainte-Marie<\/a><\/li>\n\n\n\n<li><a href=\"#8\">La Roque Gajeac<\/a><\/li>\n\n\n\n<li><a href=\"#9\">Yvoire<\/a><\/li>\n\n\n\n<li><a href=\"#10\">Piriac-sur-Mer<\/a><\/li>\n\n\n\n<li><a href=\"#11\">V\u00e9zelay<\/a><\/li>\n\n\n\n<li><a href=\"#12\">Angles-sur-l&rsquo;Anglin<\/a><\/li>\n\n\n\n<li><a href=\"#13\">Saint-Jean-Pied-De-Port<\/a><\/li>\n\n\n\n<li><a href=\"#14\">Kaysersberg<\/a><\/li>\n\n\n\n<li><a href=\"#15\">Audreselles<\/a><\/li>\n<\/ol>\n\n\n\n<div id=\"1\"><\/div>\n\n\n\n<h3 class=\"wp-block-heading\">1. Gordes<\/h3>\n\n\n<div class=\"wp-block-image\">\n<figure class=\"aligncenter size-full\"><img decoding=\"async\" width=\"1200\" height=\"900\" data-src=\"https:\/\/www.sixt.fr\/magazine\/wp-content\/uploads\/\/sites\/3\/2020\/05\/gordes-ricardo-frantz.jpg\" alt=\"monts du Vaucluse\" class=\"wp-image-13708 lazyload\" data-srcset=\"https:\/\/www.sixt.fr\/magazine\/wp-content\/uploads\/\/sites\/3\/2020\/05\/gordes-ricardo-frantz.jpg 1200w, https:\/\/www.sixt.fr\/magazine\/wp-content\/uploads\/\/sites\/3\/2020\/05\/gordes-ricardo-frantz-300x225.jpg 300w, https:\/\/www.sixt.fr\/magazine\/wp-content\/uploads\/\/sites\/3\/2020\/05\/gordes-ricardo-frantz-1024x768.jpg 1024w, https:\/\/www.sixt.fr\/magazine\/wp-content\/uploads\/\/sites\/3\/2020\/05\/gordes-ricardo-frantz-768x576.jpg 768w\" data-sizes=\"(max-width: 1200px) 100vw, 1200px\" src=\"data:image\/svg+xml;base64,PHN2ZyB3aWR0aD0iMSIgaGVpZ2h0PSIxIiB4bWxucz0iaHR0cDovL3d3dy53My5vcmcvMjAwMC9zdmciPjwvc3ZnPg==\" style=\"--smush-placeholder-width: 1200px; --smush-placeholder-aspect-ratio: 1200\/900;\" \/><figcaption class=\"wp-element-caption\">Ce village perch\u00e9 sur les monts du Vaucluse est entour\u00e9 de cypr\u00e8s et de vignes, lui donnant un charme fou<\/figcaption><\/figure><\/div>\n\n\n<p>Du haut de son piton rocheux nich\u00e9 dans le parc du Lub\u00e9ron, Gordes sent bon la Provence. Situ\u00e9 sur les monts de Vaucluse, \u00e0 l&rsquo;est d&rsquo;Avignon, <strong>ce village bord\u00e9 de cypr\u00e8s et de vignes doit sa popularit\u00e9 \u00e0 sa situation haut perch\u00e9e, ses maisons de pierre blonde et bien s\u00fbr sa d\u00e9licieuse atmosph\u00e8re proven\u00e7ale<\/strong>. Son ch\u00e2teau m\u00e9di\u00e9val, la magnifique abbaye cistercienne de S\u00e9nanque et les ruelles pentues ajoutent la touche finale \u00e0 cette bourgade de caract\u00e8re courtis\u00e9e au XIXe si\u00e8cle par de nombreux intellectuels et artistes.<\/p>\n\n\n\n<blockquote class=\"wp-block-quote is-layout-flow wp-block-quote-is-layout-flow\">\n<p><strong>ACC\u00c8S<\/strong> : Gordes se situe \u00e0 40 km d&rsquo;Avignon, 95 km de Marseille et 700 km de Paris.<\/p>\n<\/blockquote>\n\n\n\n<p class=\"has-text-align-center\"><a class=\"button\" href=\"https:\/\/www.sixt.fr\/location-voiture\/france\/avignon\/\">Location de voiture \u00e0 Avignon<\/a><\/p>\n\n\n\n<div id=\"2\"><\/div>\n\n\n\n<h3 class=\"wp-block-heading\">2. Gerberoy<\/h3>\n\n\n\n<p>\u00c0 1h30 de Paris, dans l&rsquo;Oise, faites une pause bucolique \u00e0 Gerberoy, minuscule village aux tons pastel r\u00e9put\u00e9 pour ses roses, ses adorables rues pav\u00e9es et ses maisons \u00e0 colombages color\u00e9es. Fa\u00e7onn\u00e9e par la main du peintre impressionniste Le Sidaner, Gerberoy ravira les amoureux de plantes&#8230; et les amoureux tout court : <strong>glycines, roses tr\u00e9mi\u00e8res et autres hortensias font le charme de cette bourgade dont les maisons semblent tout droit sorties d&rsquo;un conte de Perrault<\/strong>. N&rsquo;oubliez pas de visiter les jardins en terrasse \u00e0 l&rsquo;italienne, qui ont pouss\u00e9 sur les ruines d&rsquo;un ancien ch\u00e2teau.<\/p>\n\n\n\n<blockquote class=\"wp-block-quote is-layout-flow wp-block-quote-is-layout-flow\">\n<p><strong>ACC\u00c8S<\/strong> : Gerberoy se situe \u00e0 130 km de Paris, 68 km d&rsquo;Amiens et 150 km du Havre. Il est facilement accessible via l&rsquo;autoroute A16 depuis Paris.<\/p>\n<\/blockquote>\n\n\n\n<p class=\"has-text-align-center\"><a class=\"button\" href=\"https:\/\/www.sixt.fr\/location-voiture\/france\/amiens\/\">Location de voiture \u00e0 Amiens<\/a><\/p>\n\n\n\n<div id=\"3\"><\/div>\n\n\n\n<h3 class=\"wp-block-heading\">3. Saint-Bertrand-de-Comminges<\/h3>\n\n\n\n<figure class=\"wp-block-image size-full\"><img decoding=\"async\" width=\"1200\" height=\"900\" data-src=\"https:\/\/www.sixt.fr\/magazine\/wp-content\/uploads\/\/sites\/3\/2020\/05\/saint-bertrand-de-comminges-daniel-photographie.jpg\" alt=\"basilique Saint-Just-de-Valcabr\u00e8re\" class=\"wp-image-13704 lazyload\" data-srcset=\"https:\/\/www.sixt.fr\/magazine\/wp-content\/uploads\/\/sites\/3\/2020\/05\/saint-bertrand-de-comminges-daniel-photographie.jpg 1200w, https:\/\/www.sixt.fr\/magazine\/wp-content\/uploads\/\/sites\/3\/2020\/05\/saint-bertrand-de-comminges-daniel-photographie-300x225.jpg 300w, https:\/\/www.sixt.fr\/magazine\/wp-content\/uploads\/\/sites\/3\/2020\/05\/saint-bertrand-de-comminges-daniel-photographie-1024x768.jpg 1024w, https:\/\/www.sixt.fr\/magazine\/wp-content\/uploads\/\/sites\/3\/2020\/05\/saint-bertrand-de-comminges-daniel-photographie-768x576.jpg 768w\" data-sizes=\"(max-width: 1200px) 100vw, 1200px\" src=\"data:image\/svg+xml;base64,PHN2ZyB3aWR0aD0iMSIgaGVpZ2h0PSIxIiB4bWxucz0iaHR0cDovL3d3dy53My5vcmcvMjAwMC9zdmciPjwvc3ZnPg==\" style=\"--smush-placeholder-width: 1200px; --smush-placeholder-aspect-ratio: 1200\/900;\" \/><figcaption class=\"wp-element-caption\">La basilique Saint-Just-de-Valcabr\u00e8re, avec, en arri\u00e8re plan, la cath\u00e9drale de Saint-Bertrand<\/figcaption><\/figure>\n\n\n\n<p>C&rsquo;est un lieu gorg\u00e9 d&rsquo;histoire qui vous attend \u00e0 Saint-Bertrand-de-Comminges, bourgade coinc\u00e9e entre les Pyr\u00e9n\u00e9es et la Garonne, \u00e0 l&rsquo;est de Tarbes. Ancienne cit\u00e9 romaine dont les vestiges se visitent encore, <strong>Saint-Bertrand s&rsquo;\u00e9tale entre une ville basse et une ville haute coiff\u00e9e d&rsquo;une somptueuse cath\u00e9drale, aujourd&rsquo;hui class\u00e9e au patrimoine de l&rsquo;Unesco<\/strong>. Saint-Bertrand fut un important lieu de p\u00e8lerinage au Moyen \u00c2ge, et les remparts et maisons \u00e0 colombages qui garnissent la vieille ville confirment ses influences m\u00e9di\u00e9vales. N&rsquo;oubliez pas de visiter l&rsquo;ancien couvent des Oliv\u00e9tains ni la basilique Saint-Just-de-Valcabr\u00e8re, \u00e0 l&rsquo;\u00e9cart de la ville, aux d\u00e9licieux airs toscans.<\/p>\n\n\n\n<blockquote class=\"wp-block-quote is-layout-flow wp-block-quote-is-layout-flow\">\n<p><strong>ACC\u00c8S <\/strong>: Saint-Bertrand-de-Comminges se situe \u00e0 64 km de Tarbes, 110 km de Toulouse et 800 km de Paris. Si vous avez pr\u00e9vu d&rsquo;arriver en avion, SIXT vous propose son service de <a href=\"https:\/\/www.sixt.fr\/location-voiture\/france\/tarbes\/tarbes-lourdes-aeroport\/\" target=\"_blank\" rel=\"noreferrer noopener\">location de voiture \u00e0 l&rsquo;a\u00e9roport de Tarbes<\/a> \ud83d\udc4c<\/p>\n<\/blockquote>\n\n\n\n<p class=\"has-text-align-center\"><a class=\"button\" href=\"https:\/\/www.sixt.fr\/location-voiture\/france\/tarbes\/\">Location de voiture \u00e0 Tarbes<\/a><\/p>\n\n\n\n<div id=\"4\"><\/div>\n\n\n\n<h3 class=\"wp-block-heading\">4. Saint-Guilhem-le-D\u00e9sert<\/h3>\n\n\n\n<div align=\"center\"> <iframe title=\"Saint-Guilhem-Le-Desert - R\u00e9gion Occitanie - St\u00e9phane Bern - Le Village Pr\u00e9f\u00e9r\u00e9 des Fran\u00e7ais\" width=\"800\" height=\"450\" data-src=\"https:\/\/www.youtube.com\/embed\/B4YR9H9WqOE?feature=oembed\" frameborder=\"0\" allow=\"accelerometer; autoplay; clipboard-write; encrypted-media; gyroscope; picture-in-picture; web-share\" referrerpolicy=\"strict-origin-when-cross-origin\" allowfullscreen src=\"data:image\/svg+xml;base64,PHN2ZyB3aWR0aD0iMSIgaGVpZ2h0PSIxIiB4bWxucz0iaHR0cDovL3d3dy53My5vcmcvMjAwMC9zdmciPjwvc3ZnPg==\" class=\"lazyload\" data-load-mode=\"1\"><\/iframe> <\/div>&nbsp;\n\n\n\n<p>On dirait le Sud ! Saint-Guilhem-le-D\u00e9sert sent bon la garrigue et les oliviers, ce village \u00e9tant nich\u00e9 dans un paysage de montagne aride typique du Languedoc, au bout des gorges de l&rsquo;H\u00e9rault, pr\u00e8s de <a href=\"https:\/\/www.sixt.fr\/magazine\/guides-et-conseils\/que-faire-a-montpellier\/\">Montpellier<\/a>. Travers\u00e9 par un ruisseau et par les si\u00e8cles, <strong>Saint-Guilhem se distingue par ses maisons de pierre blonde aux accents m\u00e9di\u00e9vaux, son abbaye class\u00e9e au patrimoine mondial de l&rsquo;Unesco et sa placette gorg\u00e9e de soleil<\/strong> qu&rsquo;ombre un platane centenaire. Asseyez-vous, sirotez une limonade et \u00e9coutez le chant des cigales.<\/p>\n\n\n\n<blockquote class=\"wp-block-quote is-layout-flow wp-block-quote-is-layout-flow\">\n<p><strong>ACC\u00c8S<\/strong> : Saint-Guilhem-le-D\u00e9sert se situe \u00e0 45 km de Montpellier, 350 km de Lyon et 730 km de Paris.<\/p>\n<\/blockquote>\n\n\n\n<p class=\"has-text-align-center\"><a class=\"button\" href=\"https:\/\/www.sixt.fr\/location-voiture\/france\/montpellier\/\">Location de voiture \u00e0 Montpellier<\/a><\/p>\n\n\n\n<div id=\"5\"><\/div>\n\n\n\n<h3 class=\"wp-block-heading\">5. Saint-Suliac<\/h3>\n\n\n\n<div align=\"center\"> <iframe title=\"Saint-Suliac - R\u00e9gion Bretagne - St\u00e9phane Bern - Le Village Pr\u00e9f\u00e9r\u00e9 des Fran\u00e7ais\" width=\"800\" height=\"450\" data-src=\"https:\/\/www.youtube.com\/embed\/wqxB_kFtZL4?feature=oembed\" frameborder=\"0\" allow=\"accelerometer; autoplay; clipboard-write; encrypted-media; gyroscope; picture-in-picture; web-share\" referrerpolicy=\"strict-origin-when-cross-origin\" allowfullscreen src=\"data:image\/svg+xml;base64,PHN2ZyB3aWR0aD0iMSIgaGVpZ2h0PSIxIiB4bWxucz0iaHR0cDovL3d3dy53My5vcmcvMjAwMC9zdmciPjwvc3ZnPg==\" class=\"lazyload\" data-load-mode=\"1\"><\/iframe> <\/div>&nbsp;\n\n\n\n<p>Prenez un bol d&rsquo;air frais en d\u00e9ambulant dans les petites rues de Saint-Suliac, un village de p\u00eacheurs breton authentique cr\u00e9\u00e9 par un moine au VIe si\u00e8cle, sur les bords de la Rance, un fleuve qui se jette dans la Manche. Non loin de la tr\u00e8s pris\u00e9e <a href=\"https:\/\/www.sixt.fr\/magazine\/guides-et-conseils\/que-faire-a-saint-malo\/\">Saint-Malo<\/a>, <strong>Saint-Suliac vous s\u00e9duira par son calme, ses belles maisons de granit qui sentent bon la Bretagne (certaines sont m\u00eame orn\u00e9es de filets de p\u00eacheurs) et son microclimat oc\u00e9anique<\/strong>. Baladez-vous sur son port typique puis grimpez au sommet du mont Goreau, d&rsquo;o\u00f9 vous pourrez admirer l&rsquo;estuaire et le village au coucher du soleil.<\/p>\n\n\n\n<blockquote class=\"wp-block-quote is-layout-flow wp-block-quote-is-layout-flow\">\n<p><strong>ACC\u00c8S <\/strong>: Saint-Suliac se situe \u00e0 12 km de Saint-Malo, 60 km de Rennes et 400 km de Paris.<\/p>\n<\/blockquote>\n\n\n\n<p class=\"has-text-align-center\"><a class=\"button\" href=\"https:\/\/www.sixt.fr\/location-voiture\/france\/saint-malo\/\">Location de voiture \u00e0 Saint-Malo<\/a><\/p>\n\n\n\n<div id=\"6\"><\/div>\n\n\n\n<h3 class=\"wp-block-heading\">6. Najac<\/h3>\n\n\n<div class=\"wp-block-image\">\n<figure class=\"aligncenter size-full\"><img decoding=\"async\" width=\"800\" height=\"1200\" data-src=\"https:\/\/www.sixt.fr\/magazine\/wp-content\/uploads\/\/sites\/3\/2020\/05\/najac-jannes-jacobs.jpg\" alt=\"Najac\" class=\"wp-image-13706 lazyload\" data-srcset=\"https:\/\/www.sixt.fr\/magazine\/wp-content\/uploads\/\/sites\/3\/2020\/05\/najac-jannes-jacobs.jpg 800w, https:\/\/www.sixt.fr\/magazine\/wp-content\/uploads\/\/sites\/3\/2020\/05\/najac-jannes-jacobs-200x300.jpg 200w, https:\/\/www.sixt.fr\/magazine\/wp-content\/uploads\/\/sites\/3\/2020\/05\/najac-jannes-jacobs-683x1024.jpg 683w, https:\/\/www.sixt.fr\/magazine\/wp-content\/uploads\/\/sites\/3\/2020\/05\/najac-jannes-jacobs-768x1152.jpg 768w\" data-sizes=\"(max-width: 800px) 100vw, 800px\" src=\"data:image\/svg+xml;base64,PHN2ZyB3aWR0aD0iMSIgaGVpZ2h0PSIxIiB4bWxucz0iaHR0cDovL3d3dy53My5vcmcvMjAwMC9zdmciPjwvc3ZnPg==\" style=\"--smush-placeholder-width: 800px; --smush-placeholder-aspect-ratio: 800\/1200;\" \/><figcaption class=\"wp-element-caption\">Najac s&rsquo;\u00e9tire sur une ar\u00eate rocheuse et est domin\u00e9 par un superbe donjon m\u00e9di\u00e9val<\/figcaption><\/figure><\/div>\n\n\n<p>Ce village m\u00e9di\u00e9val nich\u00e9 dans la vall\u00e9e de l&rsquo;Aveyron vous surprendra de par sa configuration, tout en longueur. Domin\u00e9 par le donjon de son ch\u00e2teau fort construit au XIIIe si\u00e8cle, qui <strong>culmine \u00e0 200 m\u00e8tres au-dessus des gorges de l&rsquo;Aveyron, Najac a \u00e9t\u00e9 construit sur une ar\u00eate rocheuse<\/strong>. Le village est typique de la r\u00e9gion, avec ses maisons de pierre mang\u00e9es par le lierre (certaines datent du XIVe si\u00e8cle), ses balcons de fer forg\u00e9 et ses toitures pentues. La brume du matin et l&rsquo;\u00e9paisse for\u00eat dans laquelle il baigne perp\u00e9tuellement donnent des airs de paradis perdu \u00e0 ce joli village occitan.<\/p>\n\n\n\n<blockquote class=\"wp-block-quote is-layout-flow wp-block-quote-is-layout-flow\">\n<p><strong>ACC\u00c8S<\/strong> : Najac est situ\u00e9 \u00e0 160 km de Brive, 110 km de Toulouse et 600 km de Paris.<\/p>\n<\/blockquote>\n\n\n\n<p class=\"has-text-align-center\"><a class=\"button\" href=\"https:\/\/www.sixt.fr\/location-voiture\/france\/toulouse\/\">Location de voiture \u00e0 Toulouse<\/a><\/p>\n\n\n\n<div id=\"7\"><\/div>\n\n\n\n<h3 class=\"wp-block-heading\">7. Moustiers-Sainte-Marie<\/h3>\n\n\n<div class=\"wp-block-image\">\n<figure class=\"aligncenter size-full\"><img decoding=\"async\" width=\"1200\" height=\"900\" data-src=\"https:\/\/www.sixt.fr\/magazine\/wp-content\/uploads\/\/sites\/3\/2020\/05\/moustiers-sainte-marie-simone-olckers.jpg\" alt=\"Moustiers\" class=\"wp-image-13709 lazyload\" data-srcset=\"https:\/\/www.sixt.fr\/magazine\/wp-content\/uploads\/\/sites\/3\/2020\/05\/moustiers-sainte-marie-simone-olckers.jpg 1200w, https:\/\/www.sixt.fr\/magazine\/wp-content\/uploads\/\/sites\/3\/2020\/05\/moustiers-sainte-marie-simone-olckers-300x225.jpg 300w, https:\/\/www.sixt.fr\/magazine\/wp-content\/uploads\/\/sites\/3\/2020\/05\/moustiers-sainte-marie-simone-olckers-1024x768.jpg 1024w, https:\/\/www.sixt.fr\/magazine\/wp-content\/uploads\/\/sites\/3\/2020\/05\/moustiers-sainte-marie-simone-olckers-768x576.jpg 768w\" data-sizes=\"(max-width: 1200px) 100vw, 1200px\" src=\"data:image\/svg+xml;base64,PHN2ZyB3aWR0aD0iMSIgaGVpZ2h0PSIxIiB4bWxucz0iaHR0cDovL3d3dy53My5vcmcvMjAwMC9zdmciPjwvc3ZnPg==\" style=\"--smush-placeholder-width: 1200px; --smush-placeholder-aspect-ratio: 1200\/900;\" \/><figcaption class=\"wp-element-caption\">Moustiers se situe \u00e0 deux pas du magnifique lac de Sainte-Croix<\/figcaption><\/figure><\/div>\n\n\n<p>A deux pas des gorges du Verdon, <strong>le village de Moustiers-Sainte-Marie est blotti entre deux falaises arides typiques des Alpes-de-Haute-Provence<\/strong>. Les maisons ocre ourl\u00e9es de volets proven\u00e7aux, l&rsquo;\u00e9glise romane et son vertigineux clocher lombard et le torrent qui la traverse lui donnent des airs de cr\u00e8che. R\u00e9put\u00e9 pour sa tradition fa\u00efenci\u00e8re, Moustiers se visite aussi bien pour son riche patrimoine (chapelle Notre-Dame de Beauvoir, remparts, aqueduc) que sa situation g\u00e9ographique exceptionnelle, tout pr\u00e8s des eaux turquoise du lac de Sainte-Croix.<\/p>\n\n\n\n<blockquote class=\"wp-block-quote is-layout-flow wp-block-quote-is-layout-flow\">\n<p><strong>ACC\u00c8S<\/strong> : Moustiers se situe \u00e0 130 km de Marseille, 145 km de Nice et 800 km de Paris.<\/p>\n<\/blockquote>\n\n\n\n<p class=\"has-text-align-center\"><a class=\"button\" href=\"https:\/\/www.sixt.fr\/location-voiture\/france\/marseille\/\">Location de voiture \u00e0 Marseille<\/a><\/p>\n\n\n\n<div id=\"8\"><\/div>\n\n\n\n<h3 class=\"wp-block-heading\">8. La Roque-Gageac<\/h3>\n\n\n<div class=\"wp-block-image\">\n<figure class=\"aligncenter size-full\"><img decoding=\"async\" width=\"800\" height=\"1116\" data-src=\"https:\/\/www.sixt.fr\/magazine\/wp-content\/uploads\/\/sites\/3\/2020\/05\/la-roque-gageac-annie-spratt.jpg\" alt=\"La Roque-Gageac\" class=\"wp-image-13702 lazyload\" data-srcset=\"https:\/\/www.sixt.fr\/magazine\/wp-content\/uploads\/\/sites\/3\/2020\/05\/la-roque-gageac-annie-spratt.jpg 800w, https:\/\/www.sixt.fr\/magazine\/wp-content\/uploads\/\/sites\/3\/2020\/05\/la-roque-gageac-annie-spratt-215x300.jpg 215w, https:\/\/www.sixt.fr\/magazine\/wp-content\/uploads\/\/sites\/3\/2020\/05\/la-roque-gageac-annie-spratt-734x1024.jpg 734w, https:\/\/www.sixt.fr\/magazine\/wp-content\/uploads\/\/sites\/3\/2020\/05\/la-roque-gageac-annie-spratt-768x1071.jpg 768w\" data-sizes=\"(max-width: 800px) 100vw, 800px\" src=\"data:image\/svg+xml;base64,PHN2ZyB3aWR0aD0iMSIgaGVpZ2h0PSIxIiB4bWxucz0iaHR0cDovL3d3dy53My5vcmcvMjAwMC9zdmciPjwvc3ZnPg==\" style=\"--smush-placeholder-width: 800px; --smush-placeholder-aspect-ratio: 800\/1116;\" \/><figcaption class=\"wp-element-caption\">Entre falaise et Dordogne, La Roque-Gageac dispose d&rsquo;un emplacement exceptionnel<\/figcaption><\/figure><\/div>\n\n\n<p>La Roque-Gageac ne vous laissera certainement pas de marbre : ce village p\u00e9rigourdin situ\u00e9 non loin de Sarlat <strong>\u00e9poustoufle de par sa situation g\u00e9ographique incongrue, entre les eaux tranquilles de la Dordogne et une falaise de calcaire abrupte<\/strong>. Les adorables maisons anciennes aux toits de lauze s&rsquo;alignent \u00e0 la queu-leu-leu face \u00e0 la rivi\u00e8re. Si vous levez les yeux, vous apercevrez les restes d&rsquo;un fort troglodyte qui a pouss\u00e9 sur la falaise. Cette derni\u00e8re, orient\u00e9e sud, a d&rsquo;ailleurs dot\u00e9 La Roque d&rsquo;un microclimat unique qui a permis de faire pousser un jardin exotique. L&rsquo;imposant manoir de Tarde, qui date de la Renaissance, compl\u00e8te ce tableau \u00e9tonnant \u00e0 la crois\u00e9e des \u00e9poques et des styles.<\/p>\n\n\n\n<blockquote class=\"wp-block-quote is-layout-flow wp-block-quote-is-layout-flow\">\n<p><strong>ACC\u00c8S<\/strong> : La Roque-Gageac se situe \u00e0 10 km de Sarlat, 200 km de Bordeaux et 550 km de Paris.<\/p>\n<\/blockquote>\n\n\n\n<p class=\"has-text-align-center\"><a class=\"button\" href=\"https:\/\/www.sixt.fr\/location-voiture\/france\/bordeaux\/\">Location de voiture \u00e0 Bordeaux<\/a><\/p>\n\n\n\n<div id=\"9\"><\/div>\n\n\n\n<h3 class=\"wp-block-heading\">9. Yvoire<\/h3>\n\n\n\n<figure class=\"wp-block-image size-full\"><img decoding=\"async\" width=\"1200\" height=\"800\" data-src=\"https:\/\/www.sixt.fr\/magazine\/wp-content\/uploads\/\/sites\/3\/2020\/05\/yvoire-ulvi-novruzov.jpg\" alt=\"Yvoire\" class=\"wp-image-13715 lazyload\" data-srcset=\"https:\/\/www.sixt.fr\/magazine\/wp-content\/uploads\/\/sites\/3\/2020\/05\/yvoire-ulvi-novruzov.jpg 1200w, https:\/\/www.sixt.fr\/magazine\/wp-content\/uploads\/\/sites\/3\/2020\/05\/yvoire-ulvi-novruzov-300x200.jpg 300w, https:\/\/www.sixt.fr\/magazine\/wp-content\/uploads\/\/sites\/3\/2020\/05\/yvoire-ulvi-novruzov-1024x683.jpg 1024w, https:\/\/www.sixt.fr\/magazine\/wp-content\/uploads\/\/sites\/3\/2020\/05\/yvoire-ulvi-novruzov-768x512.jpg 768w\" data-sizes=\"(max-width: 1200px) 100vw, 1200px\" src=\"data:image\/svg+xml;base64,PHN2ZyB3aWR0aD0iMSIgaGVpZ2h0PSIxIiB4bWxucz0iaHR0cDovL3d3dy53My5vcmcvMjAwMC9zdmciPjwvc3ZnPg==\" style=\"--smush-placeholder-width: 1200px; --smush-placeholder-aspect-ratio: 1200\/800;\" \/><figcaption class=\"wp-element-caption\">Aux bords du lac L\u00e9man, Yvoire abrite un bourg fortifi\u00e9 plein de charme<\/figcaption><\/figure>\n\n\n\n<p>Yvoire, en Haute-Savoie, c&rsquo;est avant tout un savoureux m\u00e9lange des genres : l&rsquo;infini bleut\u00e9 du lac L\u00e9man qui se m\u00eale \u00e0 des fortifications m\u00e9di\u00e9vales impeccablement pr\u00e9serv\u00e9es, les g\u00e9raniums et autres hortensias qui \u00e9gaient des pierres vieilles de plusieurs si\u00e8cles. <strong>Ce village savoyard se distingue par son bourg fortifi\u00e9 mais surtout le donjon carr\u00e9 de son ch\u00e2teau, \u00e9difi\u00e9 au XIVe si\u00e8cle, qui baigne dans les eaux limpides du lac franco-suisse. <\/strong>Ne repartez pas sans avoir go\u00fbt\u00e9 aux sp\u00e9cialit\u00e9s de poisson que servent les restaurants, ni sans avoir hum\u00e9 les plantes du Jardin des cinq sens, devant le ch\u00e2teau m\u00e9di\u00e9val.<\/p>\n\n\n\n<blockquote class=\"wp-block-quote is-layout-flow wp-block-quote-is-layout-flow\">\n<p><strong>ACC\u00c8S<\/strong> : Yvoire se situe \u00e0 27 km de Gen\u00e8ve, 190 km de Lyon et 580 km de Paris.<\/p>\n<\/blockquote>\n\n\n\n<p class=\"has-text-align-center\"><a class=\"button\" href=\"https:\/\/www.sixt.fr\/location-voiture\/suisse\/geneve\/\">Location de voiture \u00e0 Gen\u00e8ve<\/a><\/p>\n\n\n\n<div id=\"10\"><\/div>\n\n\n\n<h3 class=\"wp-block-heading\">10. Piriac-sur-Mer<\/h3>\n\n\n\n<p>En Loire-Atlantique, tout pr\u00e8s de la presqu&rsquo;\u00eele gu\u00e9randaise, Piriac est un village de p\u00eacheurs qui oscille entre parfum de Bretagne et atmosph\u00e8re romantique. Son port, berc\u00e9 par les cliquetis des mats, ses maisons de granit, coiff\u00e9es de volets bleus ou rouges, et, l&rsquo;\u00e9t\u00e9, les hortensias et les roses tr\u00e9mi\u00e8res qui bordent les ruelles, plongent le visiteur dans une d\u00e9licieuse parenth\u00e8se bucolique et marine. <strong>Ce n&rsquo;est pas pour rien que plusieurs grands \u00e9crivains, comme Zola ou Daudet, y s\u00e9journ\u00e8rent <\/strong>pour trouver l&rsquo;inspiration. Le littoral, qui s&rsquo;\u00e9tire sur pr\u00e8s de 9 km, alterne entre longues \u00e9tendues de sable, gravier et falaises, jusqu&rsquo;\u00e0 la pointe du Castelli. <\/p>\n\n\n\n<blockquote class=\"wp-block-quote is-layout-flow wp-block-quote-is-layout-flow\">\n<p><strong>ACC\u00c8S<\/strong> : Piriac-sur-Mer se situe \u00e0 465 km de Paris, 95 km de Nantes et 230 km de La Rochelle.<\/p>\n<\/blockquote>\n\n\n\n<p class=\"has-text-align-center\"><a class=\"button\" href=\"https:\/\/www.sixt.fr\/location-voiture\/france\/nantes\/\">Location de voiture \u00e0 Nantes<\/a><\/p>\n\n\n\n<div id=\"11\"><\/div>\n\n\n\n<h3 class=\"wp-block-heading\">11. V\u00e9zelay<\/h3>\n\n\n\n<p>Perch\u00e9 sur une colline dite \u00ab\u00a0\u00e9ternelle\u00a0\u00bb, aux portes du Morvan, <strong>V\u00e9zelay est un village de Bourgogne appr\u00e9ci\u00e9 autant pour la beaut\u00e9 de ses pierres que l&rsquo;aura spirituelle qu&rsquo;il d\u00e9gage<\/strong>. C&rsquo;est en effet la basilique Sainte-Marie Madeleine qu&rsquo;il abrite, class\u00e9e au patrimoine mondial de l&rsquo;Unesco, qui a rendu V\u00e9zelay si c\u00e9l\u00e8bre. Quasiment d\u00e9truit apr\u00e8s la guerre de Cent Ans, l&rsquo;\u00e9difice religieux, point de d\u00e9part des chemins de Saint-Jacques-de-Compostelle, sera sauv\u00e9 par l&rsquo;\u00e9crivain Prosper M\u00e9rim\u00e9e. Aujourd&rsquo;hui, ses maisons Renaissance et les fortifications m\u00e9di\u00e9vales ajoutent de la magie \u00e0 ce lieu plein de mysticisme.<\/p>\n\n\n\n<blockquote class=\"wp-block-quote is-layout-flow wp-block-quote-is-layout-flow\">\n<p><strong>ACC\u00c8S<\/strong> : V\u00e9zelay se situe \u00e0 50 km d&rsquo;Auxerre et 220 km de Paris.<\/p>\n<\/blockquote>\n\n\n\n<div id=\"12\"><\/div>\n\n\n\n<p class=\"has-text-align-center\"><a class=\"button\" href=\"https:\/\/www.sixt.fr\/location-voiture\/france\/auxerre\/\">Location de voiture \u00e0 Auxerre<\/a><\/p>\n\n\n\n<h3 class=\"wp-block-heading\">12. Angles-sur-l&rsquo;Anglin<\/h3>\n\n\n\n<div align=\"center\"> <iframe title=\"Angles-sur-l&#039;Anglin - R\u00e9gion Nouvelle-Aquitaine - St\u00e9phane Bern - Le Village Pr\u00e9f\u00e9r\u00e9 des Fran\u00e7ais\" width=\"800\" height=\"450\" data-src=\"https:\/\/www.youtube.com\/embed\/XCFYvtWdeII?feature=oembed\" frameborder=\"0\" allow=\"accelerometer; autoplay; clipboard-write; encrypted-media; gyroscope; picture-in-picture; web-share\" referrerpolicy=\"strict-origin-when-cross-origin\" allowfullscreen src=\"data:image\/svg+xml;base64,PHN2ZyB3aWR0aD0iMSIgaGVpZ2h0PSIxIiB4bWxucz0iaHR0cDovL3d3dy53My5vcmcvMjAwMC9zdmciPjwvc3ZnPg==\" class=\"lazyload\" data-load-mode=\"1\"><\/iframe> <\/div>&nbsp;\n\n\n\n<p>C&rsquo;est un paysage de carte postale qui vous attend \u00e0 Angles-sur-l&rsquo;Anglin : saule pleureur baignant dans la rivi\u00e8re, restes d&rsquo;un moulin \u00e0 eau, vestiges d&rsquo;un ch\u00e2teau m\u00e9di\u00e9val perch\u00e9 sur un vertigineux \u00e9peron rocheux, maisons de pierre ornant des ruelles sinueuses&#8230; <strong>Ce village de la Vienne situ\u00e9 \u00e0 moins d&rsquo;une heure de Poitiers vous fera remonter le temps \u00e0 travers ses monuments pleins de charme.<\/strong> Au Moyen \u00c2ge tout d&rsquo;abord, gr\u00e2ce aux ruines du ch\u00e2teau datant du XI-XVe si\u00e8cle qui coiffe ce village haut perch\u00e9, mais aussi gr\u00e2ce aux sculptures du Pal\u00e9olithique sup\u00e9rieur cach\u00e9es dans le Roc-aux-sorciers. Enfin, sachez qu&rsquo;Angles est r\u00e9put\u00e9 pour son artisanat d&rsquo;art et notamment sa broderie.<\/p>\n\n\n\n<blockquote class=\"wp-block-quote is-layout-flow wp-block-quote-is-layout-flow\">\n<p><strong>ACC\u00c8S<\/strong> : Angles-sur-l&rsquo;Anglin se situe \u00e0 48 km de Poitiers, 280 km de Nantes et 340 km de Paris.<\/p>\n<\/blockquote>\n\n\n\n<p class=\"has-text-align-center\"><a class=\"button\" href=\"https:\/\/www.sixt.fr\/location-voiture\/france\/poitiers\/\">Location de voiture \u00e0 Poitiers<\/a><\/p>\n\n\n\n<div id=\"13\"><\/div>\n\n\n\n<h3 class=\"wp-block-heading\">13. Saint-Jean-Pied-de-Port<\/h3>\n\n\n<div class=\"wp-block-image\">\n<figure class=\"aligncenter size-full\"><img decoding=\"async\" width=\"1707\" height=\"2560\" data-src=\"https:\/\/www.sixt.fr\/magazine\/wp-content\/uploads\/\/sites\/3\/2020\/05\/saint-jean-pied-de-port-kamil-szumotalski-scaled.jpg\" alt=\"Saint-Jean-pied-de-port\" class=\"wp-image-13703 lazyload\" data-srcset=\"https:\/\/www.sixt.fr\/magazine\/wp-content\/uploads\/\/sites\/3\/2020\/05\/saint-jean-pied-de-port-kamil-szumotalski-scaled.jpg 1707w, https:\/\/www.sixt.fr\/magazine\/wp-content\/uploads\/\/sites\/3\/2020\/05\/saint-jean-pied-de-port-kamil-szumotalski-200x300.jpg 200w, https:\/\/www.sixt.fr\/magazine\/wp-content\/uploads\/\/sites\/3\/2020\/05\/saint-jean-pied-de-port-kamil-szumotalski-683x1024.jpg 683w, https:\/\/www.sixt.fr\/magazine\/wp-content\/uploads\/\/sites\/3\/2020\/05\/saint-jean-pied-de-port-kamil-szumotalski-768x1152.jpg 768w, https:\/\/www.sixt.fr\/magazine\/wp-content\/uploads\/\/sites\/3\/2020\/05\/saint-jean-pied-de-port-kamil-szumotalski-1024x1536.jpg 1024w, https:\/\/www.sixt.fr\/magazine\/wp-content\/uploads\/\/sites\/3\/2020\/05\/saint-jean-pied-de-port-kamil-szumotalski-1365x2048.jpg 1365w\" data-sizes=\"(max-width: 1707px) 100vw, 1707px\" src=\"data:image\/svg+xml;base64,PHN2ZyB3aWR0aD0iMSIgaGVpZ2h0PSIxIiB4bWxucz0iaHR0cDovL3d3dy53My5vcmcvMjAwMC9zdmciPjwvc3ZnPg==\" style=\"--smush-placeholder-width: 1707px; --smush-placeholder-aspect-ratio: 1707\/2560;\" \/><figcaption class=\"wp-element-caption\">Saint-Jean-pied-de-port sent bon le Pays Basque !<\/figcaption><\/figure><\/div>\n\n\n<p>Des maisons \u00e0 colombages rouges basques, des murs de gr\u00e8s rose, un pont romain, des fortifications : bienvenue \u00e0 Saint-Jean-Pied-de-Port, tout pr\u00e8s de la fronti\u00e8re espagnole. Ce village fortifi\u00e9, remani\u00e9 par Vauban au XVIIe si\u00e8cle, <strong>m\u00e9lange les architectures, \u00e0 deux pas de la Nive et au pied du col de Ronceveaux<\/strong>. Autrefois le lieu d&rsquo;\u00e2pres batailles, Saint-Jean-Pied-de-Port est aujourd&rsquo;hui une \u00e9tape du p\u00e8lerinage de Saint-Jacques-de-Compostelle. Ses vieilles maisons basques baignant dans la rivi\u00e8re lui donneraient presque des airs romantiques.<\/p>\n\n\n\n<blockquote class=\"wp-block-quote is-layout-flow wp-block-quote-is-layout-flow\">\n<p><strong>ACC\u00c8S<\/strong> : Saint-Jean-Pied-de-Port se situe \u00e0 8 km de la fronti\u00e8re espagnole, 55 km de Biarritz, 230 km de <a href=\"https:\/\/www.sixt.fr\/magazine\/guides-et-conseils\/visiter-bordeaux\/\">Bordeaux<\/a> et 800 km de Paris.<\/p>\n<\/blockquote>\n\n\n\n<div id=\"14\"><\/div>\n\n\n\n<h3 class=\"wp-block-heading\">14. Kaysersberg<\/h3>\n\n\n<div class=\"wp-block-image\">\n<figure class=\"aligncenter size-full\"><img decoding=\"async\" width=\"1200\" height=\"900\" data-src=\"https:\/\/www.sixt.fr\/magazine\/wp-content\/uploads\/\/sites\/3\/2020\/05\/kaysersberg-aswathy.jpg\" alt=\"village typique de l'Alsace\" class=\"wp-image-13710 lazyload\" data-srcset=\"https:\/\/www.sixt.fr\/magazine\/wp-content\/uploads\/\/sites\/3\/2020\/05\/kaysersberg-aswathy.jpg 1200w, https:\/\/www.sixt.fr\/magazine\/wp-content\/uploads\/\/sites\/3\/2020\/05\/kaysersberg-aswathy-300x225.jpg 300w, https:\/\/www.sixt.fr\/magazine\/wp-content\/uploads\/\/sites\/3\/2020\/05\/kaysersberg-aswathy-1024x768.jpg 1024w, https:\/\/www.sixt.fr\/magazine\/wp-content\/uploads\/\/sites\/3\/2020\/05\/kaysersberg-aswathy-768x576.jpg 768w\" data-sizes=\"(max-width: 1200px) 100vw, 1200px\" src=\"data:image\/svg+xml;base64,PHN2ZyB3aWR0aD0iMSIgaGVpZ2h0PSIxIiB4bWxucz0iaHR0cDovL3d3dy53My5vcmcvMjAwMC9zdmciPjwvc3ZnPg==\" style=\"--smush-placeholder-width: 1200px; --smush-placeholder-aspect-ratio: 1200\/900;\" \/><figcaption class=\"wp-element-caption\">Bienvenue dans ce village typique de l&rsquo;Alsace !<\/figcaption><\/figure><\/div>\n\n\n<p><strong>Au coeur de la route des vins d&rsquo;Alsace, le village de Kaysersberg, nich\u00e9 dans la vall\u00e9e \u00e9ponyme, vous s\u00e9duira par son charme pittoresque.<\/strong> Ses ruelles pav\u00e9es abritent des maisons cossues \u00e0 colombage typiques de la r\u00e9gion et des b\u00e2timents m\u00e9di\u00e9vaux comme la mairie ou l&rsquo;\u00e9glise romane et son d\u00f4me de jade. Pour prendre de la hauteur, grimpez jusqu&rsquo;au donjon du ch\u00e2teau imp\u00e9rial, qui offre un panorama exceptionnel sur les courbes du vignobles alsacien. \u00c0 No\u00ebl, le village se pare de mille feux pour accueillir un march\u00e9 de No\u00ebl, l&rsquo;un des plus beaux de France.<\/p>\n\n\n\n<blockquote class=\"wp-block-quote is-layout-flow wp-block-quote-is-layout-flow\">\n<p><strong>ACC\u00c8S<\/strong> : Kaysersberg se situe \u00e0 12 km de Colmar, 80 km de Strasbourg et 470 km de Paris.<\/p>\n<\/blockquote>\n\n\n\n<p class=\"has-text-align-center\"><a class=\"button\" href=\"https:\/\/www.sixt.fr\/location-voiture\/france\/colmar\/\">Location de voiture \u00e0 Colmar<\/a><\/p>\n\n\n\n<div id=\"15\"><\/div>\n\n\n\n<h3 class=\"wp-block-heading\">15. Audresselles<\/h3>\n\n\n\n<div align=\"center\"> <iframe title=\"Pourquoi Audresselles est l&#039;un des plus beaux villages du Nord Pas-de-Calais ?\" width=\"800\" height=\"450\" data-src=\"https:\/\/www.youtube.com\/embed\/mISNRf3PWPU?feature=oembed\" frameborder=\"0\" allow=\"accelerometer; autoplay; clipboard-write; encrypted-media; gyroscope; picture-in-picture; web-share\" referrerpolicy=\"strict-origin-when-cross-origin\" allowfullscreen src=\"data:image\/svg+xml;base64,PHN2ZyB3aWR0aD0iMSIgaGVpZ2h0PSIxIiB4bWxucz0iaHR0cDovL3d3dy53My5vcmcvMjAwMC9zdmciPjwvc3ZnPg==\" class=\"lazyload\" data-load-mode=\"1\"><\/iframe> <\/div>&nbsp;\n\n\n\n<p>Le chant des mouettes, les plages rocheuses qui toisent l&rsquo;Angleterre au loin, les maisons de p\u00eacheurs aux volets azur : Audresselles est un paradis pour les amoureux de la mer. Ce petit village de la c\u00f4te d&rsquo;Opale, pos\u00e9 sur les bords de la Manche, est en effet l&rsquo;un des plus populaires du littoral du Pas-de-Calais. <strong>Il attire par ses coquettes maisons blanches et bleues mais surtout par l&rsquo;acc\u00e8s \u00e0 deux plages et au cap Gris-Nez<\/strong>. La roche de gr\u00e8s, tout le long de la c\u00f4te, a model\u00e9 le paysage et donne tout son caract\u00e8re \u00e0 ce bout de France qui sent bon les embruns.<\/p>\n\n\n\n<blockquote class=\"wp-block-quote is-layout-flow wp-block-quote-is-layout-flow\">\n<p><strong>ACC\u00c8S<\/strong> : Audresselles se situe \u00e0 14 km de Boulogne-sur-Mer, 130 de Lille et 300 km de Paris. On l&rsquo;atteint facilement via l&rsquo;autoroute A16.<\/p>\n<\/blockquote>\n\n\n\n<h5>Auteur : <a href=\"https:\/\/memoirepleine.com\/a-propos\/\" target=\"_blank\" rel=\"nofollow noopener noreferrer\">Elodie Souslikoff<\/a><\/h5>\n\n\n\n<hr>\n\n\n\n<h3 class=\"wp-block-heading\">Visitez les plus beaux village de France avec une location de voiture Sixt<\/h3>\n\n\n\n<p>Nos agences de location de voitures en France vous permettent de disposer d&rsquo;un v\u00e9hicule quasi neuf afin de d\u00e9couvrir les lieux les plus recul\u00e9s de l&rsquo;Hexagone. Vous trouverez nos agences dans la plupart des a\u00e9roports, gares et centre-villes des grandes agglom\u00e9rations et lieux touristiques.<\/p>\n\n\n\n<p style=\"text-align: center\"><a class=\"button\" href=\"https:\/\/www.sixt.fr\/location-voiture\/france\/\">Location de voiture en France<\/a><\/p>\n\n\n\n<iframe data-src=\"https:\/\/www.google.com\/maps\/embed?pb=!1m16!1m12!1m3!1d5550975.557302376!2d-0.08473169482061679!3d47.208025520592315!2m3!1f0!2f0!3f0!3m2!1i1024!2i768!4f13.1!2m1!1ssixt%20france!5e0!3m2!1sfr!2sde!4v1589195565519!5m2!1sfr!2sde\" width=\"1540\" height=\"500\" frameborder=\"0\" scrolling=\"auto\"  src=\"data:image\/svg+xml;base64,PHN2ZyB3aWR0aD0iMSIgaGVpZ2h0PSIxIiB4bWxucz0iaHR0cDovL3d3dy53My5vcmcvMjAwMC9zdmciPjwvc3ZnPg==\" class=\"lazyload\" data-load-mode=\"1\"><\/iframe> &nbsp;\n<!-- AddThis Advanced Settings generic via filter on the_content --><!-- AddThis Share Buttons generic via filter on the_content -->","protected":false},"excerpt":{"rendered":"<p>Vous souhaitez d\u00e9couvrir de nouvelles contr\u00e9es tout en explorant les plus beaux villages de France ? Mis en lumi\u00e8re par l&rsquo;association \u00e9ponyme et son label, les jolis bourgs qui pars\u00e8ment notre pays sont en effet nombreux. Lesquels choisir ? Pour vous faciliter la t\u00e2che, Sixt a s\u00e9lectionn\u00e9 15 villages de caract\u00e8re diss\u00e9min\u00e9s aux quatre coins&#8230;<!-- AddThis Advanced Settings generic via filter on get_the_excerpt --><!-- AddThis Share Buttons generic via filter on get_the_excerpt --><\/p>\n","protected":false},"author":53,"featured_media":13708,"comment_status":"closed","ping_status":"open","sticky":false,"template":"","format":"standard","meta":{"_genesis_hide_title":false,"_genesis_hide_breadcrumbs":false,"_genesis_hide_singular_image":false,"_genesis_hide_footer_widgets":false,"_genesis_custom_body_class":"","_genesis_custom_post_class":"","_genesis_layout":"","ngg_post_thumbnail":0,"footnotes":""},"categories":[3],"tags":[30,318],"class_list":{"0":"post-13677","1":"post","2":"type-post","3":"status-publish","4":"format-standard","5":"has-post-thumbnail","7":"category-voyages","8":"tag-france","9":"tag-patrimoine","10":"entry"},"yoast_head":"<!-- This site is optimized with the Yoast SEO plugin v27.1.1 - https:\/\/yoast.com\/product\/yoast-seo-wordpress\/ -->\n<title>Top 15 des plus beaux villages de France | Sixt Magazine<\/title>\n<meta name=\"description\" content=\"D\u00e9couvrez les plus beaux villages de France \u00e0 travers notre carte interactive qui vous fera voyager dans les plus beaux coins de France.\" \/>\n<meta name=\"robots\" content=\"index, follow, max-snippet:-1, max-image-preview:large, max-video-preview:-1\" \/>\n<link rel=\"canonical\" href=\"https:\/\/www.sixt.fr\/magazine\/voyages\/les-plus-beaux-villages-de-france\/\" \/>\n<meta property=\"og:locale\" content=\"fr_FR\" \/>\n<meta property=\"og:type\" content=\"article\" \/>\n<meta property=\"og:title\" content=\"Top 15 des plus beaux villages de France | Sixt Magazine\" \/>\n<meta property=\"og:description\" content=\"D\u00e9couvrez les plus beaux villages de France \u00e0 travers notre carte interactive qui vous fera voyager dans les plus beaux coins de France.\" \/>\n<meta property=\"og:url\" content=\"https:\/\/www.sixt.fr\/magazine\/voyages\/les-plus-beaux-villages-de-france\/\" \/>\n<meta property=\"og:site_name\" content=\"Sixt Magazine\" \/>\n<meta property=\"article:published_time\" content=\"2020-03-05T11:55:00+00:00\" \/>\n<meta property=\"article:modified_time\" content=\"2025-09-29T09:22:22+00:00\" \/>\n<meta property=\"og:image\" content=\"https:\/\/www.sixt.fr\/magazine\/wp-content\/uploads\/\/sites\/3\/2020\/05\/gordes-ricardo-frantz.jpg\" \/>\n\t<meta property=\"og:image:width\" content=\"1200\" \/>\n\t<meta property=\"og:image:height\" content=\"900\" \/>\n\t<meta property=\"og:image:type\" content=\"image\/jpeg\" \/>\n<meta name=\"twitter:card\" content=\"summary_large_image\" \/>\n<meta name=\"twitter:label1\" content=\"\u00c9crit par\" \/>\n\t<meta name=\"twitter:data1\" content=\"\" \/>\n\t<meta name=\"twitter:label2\" content=\"Dur\u00e9e de lecture estim\u00e9e\" \/>\n\t<meta name=\"twitter:data2\" content=\"11 minutes\" \/>\n<!-- \/ Yoast SEO plugin. -->","yoast_head_json":{"title":"Top 15 des plus beaux villages de France | Sixt Magazine","description":"D\u00e9couvrez les plus beaux villages de France \u00e0 travers notre carte interactive qui vous fera voyager dans les plus beaux coins de France.","robots":{"index":"index","follow":"follow","max-snippet":"max-snippet:-1","max-image-preview":"max-image-preview:large","max-video-preview":"max-video-preview:-1"},"canonical":"https:\/\/www.sixt.fr\/magazine\/voyages\/les-plus-beaux-villages-de-france\/","og_locale":"fr_FR","og_type":"article","og_title":"Top 15 des plus beaux villages de France | Sixt Magazine","og_description":"D\u00e9couvrez les plus beaux villages de France \u00e0 travers notre carte interactive qui vous fera voyager dans les plus beaux coins de France.","og_url":"https:\/\/www.sixt.fr\/magazine\/voyages\/les-plus-beaux-villages-de-france\/","og_site_name":"Sixt Magazine","article_published_time":"2020-03-05T11:55:00+00:00","article_modified_time":"2025-09-29T09:22:22+00:00","og_image":[{"width":1200,"height":900,"url":"https:\/\/www.sixt.fr\/magazine\/wp-content\/uploads\/\/sites\/3\/2020\/05\/gordes-ricardo-frantz.jpg","type":"image\/jpeg"}],"twitter_card":"summary_large_image","twitter_misc":{"\u00c9crit par":"","Dur\u00e9e de lecture estim\u00e9e":"11 minutes"},"schema":{"@context":"https:\/\/schema.org","@graph":[{"@type":"Article","@id":"https:\/\/www.sixt.fr\/magazine\/voyages\/les-plus-beaux-villages-de-france\/#article","isPartOf":{"@id":"https:\/\/www.sixt.fr\/magazine\/voyages\/les-plus-beaux-villages-de-france\/"},"author":{"name":"","@id":""},"headline":"Notre carte des plus beaux villages de France","datePublished":"2020-03-05T11:55:00+00:00","dateModified":"2025-09-29T09:22:22+00:00","mainEntityOfPage":{"@id":"https:\/\/www.sixt.fr\/magazine\/voyages\/les-plus-beaux-villages-de-france\/"},"wordCount":2353,"image":{"@id":"https:\/\/www.sixt.fr\/magazine\/voyages\/les-plus-beaux-villages-de-france\/#primaryimage"},"thumbnailUrl":"https:\/\/www.sixt.fr\/magazine\/wp-content\/uploads\/\/sites\/3\/2020\/05\/gordes-ricardo-frantz.jpg","keywords":["France","Patrimoine"],"articleSection":["Voyages"],"inLanguage":"fr-FR"},{"@type":"WebPage","@id":"https:\/\/www.sixt.fr\/magazine\/voyages\/les-plus-beaux-villages-de-france\/","url":"https:\/\/www.sixt.fr\/magazine\/voyages\/les-plus-beaux-villages-de-france\/","name":"Top 15 des plus beaux villages de France | Sixt Magazine","isPartOf":{"@id":"https:\/\/www.sixt.fr\/magazine\/#website"},"primaryImageOfPage":{"@id":"https:\/\/www.sixt.fr\/magazine\/voyages\/les-plus-beaux-villages-de-france\/#primaryimage"},"image":{"@id":"https:\/\/www.sixt.fr\/magazine\/voyages\/les-plus-beaux-villages-de-france\/#primaryimage"},"thumbnailUrl":"https:\/\/www.sixt.fr\/magazine\/wp-content\/uploads\/\/sites\/3\/2020\/05\/gordes-ricardo-frantz.jpg","datePublished":"2020-03-05T11:55:00+00:00","dateModified":"2025-09-29T09:22:22+00:00","author":{"@id":""},"description":"D\u00e9couvrez les plus beaux villages de France \u00e0 travers notre carte interactive qui vous fera voyager dans les plus beaux coins de France.","inLanguage":"fr-FR","potentialAction":[{"@type":"ReadAction","target":["https:\/\/www.sixt.fr\/magazine\/voyages\/les-plus-beaux-villages-de-france\/"]}]},{"@type":"ImageObject","inLanguage":"fr-FR","@id":"https:\/\/www.sixt.fr\/magazine\/voyages\/les-plus-beaux-villages-de-france\/#primaryimage","url":"https:\/\/www.sixt.fr\/magazine\/wp-content\/uploads\/\/sites\/3\/2020\/05\/gordes-ricardo-frantz.jpg","contentUrl":"https:\/\/www.sixt.fr\/magazine\/wp-content\/uploads\/\/sites\/3\/2020\/05\/gordes-ricardo-frantz.jpg","width":1200,"height":900,"caption":"Gordes"},{"@type":"WebSite","@id":"https:\/\/www.sixt.fr\/magazine\/#website","url":"https:\/\/www.sixt.fr\/magazine\/","name":"SIXT Magazine","description":"Nos conseils voyages et actualit\u00e9s","potentialAction":[{"@type":"SearchAction","target":{"@type":"EntryPoint","urlTemplate":"https:\/\/www.sixt.fr\/magazine\/?s={search_term_string}"},"query-input":{"@type":"PropertyValueSpecification","valueRequired":true,"valueName":"search_term_string"}}],"inLanguage":"fr-FR"},{"@type":"Person","@id":"","url":"https:\/\/www.sixt.fr\/magazine\/author\/"}]}},"_links":{"self":[{"href":"https:\/\/www.sixt.fr\/magazine\/wp-json\/wp\/v2\/posts\/13677","targetHints":{"allow":["GET"]}}],"collection":[{"href":"https:\/\/www.sixt.fr\/magazine\/wp-json\/wp\/v2\/posts"}],"about":[{"href":"https:\/\/www.sixt.fr\/magazine\/wp-json\/wp\/v2\/types\/post"}],"author":[{"embeddable":true,"href":"https:\/\/www.sixt.fr\/magazine\/wp-json\/wp\/v2\/users\/53"}],"replies":[{"embeddable":true,"href":"https:\/\/www.sixt.fr\/magazine\/wp-json\/wp\/v2\/comments?post=13677"}],"version-history":[{"count":0,"href":"https:\/\/www.sixt.fr\/magazine\/wp-json\/wp\/v2\/posts\/13677\/revisions"}],"wp:featuredmedia":[{"embeddable":true,"href":"https:\/\/www.sixt.fr\/magazine\/wp-json\/wp\/v2\/media\/13708"}],"wp:attachment":[{"href":"https:\/\/www.sixt.fr\/magazine\/wp-json\/wp\/v2\/media?parent=13677"}],"wp:term":[{"taxonomy":"category","embeddable":true,"href":"https:\/\/www.sixt.fr\/magazine\/wp-json\/wp\/v2\/categories?post=13677"},{"taxonomy":"post_tag","embeddable":true,"href":"https:\/\/www.sixt.fr\/magazine\/wp-json\/wp\/v2\/tags?post=13677"}],"curies":[{"name":"wp","href":"https:\/\/api.w.org\/{rel}","templated":true}]}}